{"id":93462,"date":"2025-11-30T10:59:26","date_gmt":"2025-11-30T10:59:26","guid":{"rendered":"https:\/\/www.europesays.com\/se\/93462\/"},"modified":"2025-11-30T10:59:26","modified_gmt":"2025-11-30T10:59:26","slug":"dn-direkt-trump-upphaver-over-90-procent-av-bidens-presidentordrar","status":"publish","type":"post","link":"https:\/\/www.europesays.com\/se\/93462\/","title":{"rendered":"DN Direkt \u2013 Trump: Upph\u00e4ver \u00f6ver 90 procent av Bidens presidentordrar"},"content":{"rendered":"<p>Den svenska kronan forts\u00e4tter att vara den valuta som har g\u00e5tt b\u00e4st i \u00e5r av de mest handlade valutorna i den s\u00e5 kallade G10-gruppen.<\/p>\n<p>Kursen ligger p\u00e5 9,45 kronor mot en dollar och kronan har d\u00e4rmed st\u00e4rkts 17,2 procent i \u00e5r, enligt nyhetsbyr\u00e5n Bloomberg.<\/p>\n<p>Andra valutor som g\u00e5tt bra \u00e4r bland annat schweizerfrancen, som st\u00e4rkts 12,9 procent mot dollarn, och den norska kronan, upp 12,4 procent.<\/p>\n<p>Bland de valutor som har presterat s\u00e4mre m\u00e4rks japanska yen, upp 0,7 procent och nya nyzeel\u00e4ndska dollarn, som st\u00e4rkts 2,5 procent mot amerikanska dollarn i \u00e5r.<\/p>\n","protected":false},"excerpt":{"rendered":"Den svenska kronan forts\u00e4tter att vara den valuta som har g\u00e5tt b\u00e4st i \u00e5r av de mest handlade&hellip;\n","protected":false},"author":2,"featured_media":93463,"comment_status":"","ping_status":"","sticky":false,"template":"","format":"standard","meta":{"footnotes":""},"categories":[14],"tags":[22,23,26,27,17,21,24,25,28,29,15,16,18,34,31,33,32,30,19,20,51,52,53,54],"class_list":{"0":"post-93462","1":"post","2":"type-post","3":"status-publish","4":"format-standard","5":"has-post-thumbnail","7":"category-varlden","8":"tag-breaking-news","9":"tag-breakingnews","10":"tag-featured-news","11":"tag-featurednews","12":"tag-headlines","13":"tag-huvudnyheter","14":"tag-latest-news","15":"tag-latestnews","16":"tag-main-news","17":"tag-mainnews","18":"tag-news","19":"tag-nyheter","20":"tag-rubriker","21":"tag-se","22":"tag-svenska","23":"tag-sverige","24":"tag-sweden","25":"tag-swedish","26":"tag-top-stories","27":"tag-topstories","28":"tag-varlden","29":"tag-world","30":"tag-world-news","31":"tag-worldnews"},"share_on_mastodon":{"url":"https:\/\/pubeurope.com\/@se\/115638302358852913","error":""},"_links":{"self":[{"href":"https:\/\/www.europesays.com\/se\/wp-json\/wp\/v2\/posts\/93462","targetHints":{"allow":["GET"]}}],"collection":[{"href":"https:\/\/www.europesays.com\/se\/wp-json\/wp\/v2\/posts"}],"about":[{"href":"https:\/\/www.europesays.com\/se\/wp-json\/wp\/v2\/types\/post"}],"author":[{"embeddable":true,"href":"https:\/\/www.europesays.com\/se\/wp-json\/wp\/v2\/users\/2"}],"replies":[{"embeddable":true,"href":"https:\/\/www.europesays.com\/se\/wp-json\/wp\/v2\/comments?post=93462"}],"version-history":[{"count":0,"href":"https:\/\/www.europesays.com\/se\/wp-json\/wp\/v2\/posts\/93462\/revisions"}],"wp:featuredmedia":[{"embeddable":true,"href":"https:\/\/www.europesays.com\/se\/wp-json\/wp\/v2\/media\/93463"}],"wp:attachment":[{"href":"https:\/\/www.europesays.com\/se\/wp-json\/wp\/v2\/media?parent=93462"}],"wp:term":[{"taxonomy":"category","embeddable":true,"href":"https:\/\/www.europesays.com\/se\/wp-json\/wp\/v2\/categories?post=93462"},{"taxonomy":"post_tag","embeddable":true,"href":"https:\/\/www.europesays.com\/se\/wp-json\/wp\/v2\/tags?post=93462"}],"curies":[{"name":"wp","href":"https:\/\/api.w.org\/{rel}","templated":true}]}}