{"id":93466,"date":"2025-11-30T11:07:13","date_gmt":"2025-11-30T11:07:13","guid":{"rendered":"https:\/\/www.europesays.com\/se\/93466\/"},"modified":"2025-11-30T11:07:13","modified_gmt":"2025-11-30T11:07:13","slug":"paven-leo-xiv-avstod-fran-att-be-i-bla-mosken-pa-sin-forsta-utlandsresa","status":"publish","type":"post","link":"https:\/\/www.europesays.com\/se\/93466\/","title":{"rendered":"P\u00e5ven Leo XIV avstod fr\u00e5n att be i Bl\u00e5 mosk\u00e9n p\u00e5 sin f\u00f6rsta utlandsresa"},"content":{"rendered":"<p class=\"kicker color_mobile_no_bg_color tertiary color_mobile_tertiary\" style=\"\">Nyheter<\/p>\n<p>    Br\u00f6t med tidigare p\u00e5vars tradition och avvek fr\u00e5n programordningen.\u00a0<\/p>\n<p>\n        P\u00e5ve Leo XIV och den ekumeniske patriarken Bartholomeus I efter en gudstj\u00e4nst i Helige Georgs patriarkala kyrka i Istanbul, Turkiet, p\u00e5 l\u00f6rdagen.<br \/>\n        Francisco Seco\n    <\/p>\n<p>    Leo XIV \u00e4r mitt uppe i sin allra f\u00f6rsta utlandsresa som p\u00e5ve. Han fullf\u00f6ljer d\u00e4rmed p\u00e5ve Franciskus planer p\u00e5 att bes\u00f6ka Turkiet och Libanon. D\u00e4remot gjorde han inte som sina f\u00f6retr\u00e4dare i Bl\u00e5 mosk\u00e9n i Istanbul, d\u00e4r han avstod fr\u00e5n att be i tystnad.<\/p>\n","protected":false},"excerpt":{"rendered":"Nyheter Br\u00f6t med tidigare p\u00e5vars tradition och avvek fr\u00e5n programordningen.\u00a0 P\u00e5ve Leo XIV och den ekumeniske patriarken Bartholomeus&hellip;\n","protected":false},"author":2,"featured_media":93467,"comment_status":"","ping_status":"","sticky":false,"template":"","format":"standard","meta":{"footnotes":""},"categories":[14],"tags":[22,23,26,27,17,21,24,25,28,29,15,16,18,34,31,33,32,30,19,20,51,52,53,54],"class_list":{"0":"post-93466","1":"post","2":"type-post","3":"status-publish","4":"format-standard","5":"has-post-thumbnail","7":"category-varlden","8":"tag-breaking-news","9":"tag-breakingnews","10":"tag-featured-news","11":"tag-featurednews","12":"tag-headlines","13":"tag-huvudnyheter","14":"tag-latest-news","15":"tag-latestnews","16":"tag-main-news","17":"tag-mainnews","18":"tag-news","19":"tag-nyheter","20":"tag-rubriker","21":"tag-se","22":"tag-svenska","23":"tag-sverige","24":"tag-sweden","25":"tag-swedish","26":"tag-top-stories","27":"tag-topstories","28":"tag-varlden","29":"tag-world","30":"tag-world-news","31":"tag-worldnews"},"share_on_mastodon":{"url":"https:\/\/pubeurope.com\/@se\/115638333852350251","error":""},"_links":{"self":[{"href":"https:\/\/www.europesays.com\/se\/wp-json\/wp\/v2\/posts\/93466","targetHints":{"allow":["GET"]}}],"collection":[{"href":"https:\/\/www.europesays.com\/se\/wp-json\/wp\/v2\/posts"}],"about":[{"href":"https:\/\/www.europesays.com\/se\/wp-json\/wp\/v2\/types\/post"}],"author":[{"embeddable":true,"href":"https:\/\/www.europesays.com\/se\/wp-json\/wp\/v2\/users\/2"}],"replies":[{"embeddable":true,"href":"https:\/\/www.europesays.com\/se\/wp-json\/wp\/v2\/comments?post=93466"}],"version-history":[{"count":0,"href":"https:\/\/www.europesays.com\/se\/wp-json\/wp\/v2\/posts\/93466\/revisions"}],"wp:featuredmedia":[{"embeddable":true,"href":"https:\/\/www.europesays.com\/se\/wp-json\/wp\/v2\/media\/93467"}],"wp:attachment":[{"href":"https:\/\/www.europesays.com\/se\/wp-json\/wp\/v2\/media?parent=93466"}],"wp:term":[{"taxonomy":"category","embeddable":true,"href":"https:\/\/www.europesays.com\/se\/wp-json\/wp\/v2\/categories?post=93466"},{"taxonomy":"post_tag","embeddable":true,"href":"https:\/\/www.europesays.com\/se\/wp-json\/wp\/v2\/tags?post=93466"}],"curies":[{"name":"wp","href":"https:\/\/api.w.org\/{rel}","templated":true}]}}