{"id":93474,"date":"2025-11-30T11:20:09","date_gmt":"2025-11-30T11:20:09","guid":{"rendered":"https:\/\/www.europesays.com\/se\/93474\/"},"modified":"2025-11-30T11:20:09","modified_gmt":"2025-11-30T11:20:09","slug":"forradarna-ar-det-roligaste-jag-gjort","status":"publish","type":"post","link":"https:\/\/www.europesays.com\/se\/93474\/","title":{"rendered":"\u201dF\u00f6rr\u00e4darna\u201d \u00e4r det roligaste jag gjort"},"content":{"rendered":"<p>Alexandra Pascalidou gick in i \u201dF\u00f6rr\u00e4darna\u201d som journalist och kom ut som en foliehatt.<br \/>P\u00e5 f\u00f6rsta advent skriver en av seriens verkliga stj\u00e4rnor sj\u00e4lv om sin medverkan.<\/p>\n<p><img   alt=\"\"\/><\/p>\n<p>Alexandra Pascalidou t\u00e4vlar i \u201dF\u00f6rr\u00e4darna\u201d.<\/p>\n<p>Foto: TV4<\/p>\n<p>\u00d6ppna bild i helsk\u00e4rm<\/p>\n<p><strong>ESS\u00c4.<\/strong> N\u00e4r v\u00e4rldens el\u00e4nde och misantropins m\u00f6rker sk\u00f6ljer \u00f6ver mig som en syndaflod genom gamla och nya, sociala och asociala medier b\u00f6rjar flyktingbarnet inom mig l\u00e4ngta efter flykt. Verklighetsflykt. Gud h\u00f6r b\u00f6n. En morgon ringer en man som heter <strong>Musco<\/strong> och erbjuder eskapism i sin folkligaste form.\u00a0<\/p>\n<p>Inf\u00f6r min medverkan i \u201dF\u00f6rr\u00e4darna\u201d bel\u00e4ggs jag med munkavle och ljuger f\u00f6r mina uppdragsgivare om att jag ska till ett tyst retreat, omedveten om att l\u00f6gnen skulle besannas. Den enda som f\u00e5r veta, av logistiska sk\u00e4l, \u00e4r min ton\u00e5ring som skrattar skoningsl\u00f6st: \u201dDu kommer ryka redan f\u00f6rsta dagen f\u00f6r att du varken kan h\u00e5lla masken eller k\u00e4ften. Men jag kan coacha dig: Du f\u00e5r inte prata. Inte ta plats. Inte visa k\u00e4nslor. Inte vara dig sj\u00e4lv. Bli <strong>Bodstr\u00f6m<\/strong>\u201d, sa dottern. \u201dTig, mamma\u201d s\u00e4ger hon.<\/p>\n<p>Ironiskt nog skulle jag, som har \u00e4gnat mitt liv \u00e5t att krossa tystnadskulturer och k\u00e4mpat f\u00f6r att g\u00f6ra min och andras r\u00f6ster h\u00f6rda, jag som har trotsat hat, hot och h\u00e4rskartekniker, nu allts\u00e5 tygla och tysta mig sj\u00e4lv.\u00a0<\/p>\n<p>S\u00e5 kommer dagen n\u00e4r jag kl\u00e4r mig som en parodi av en dokus\u00e5padrottning i leopardkappa och h\u00f6ga st\u00f6vletter f\u00f6r att checka in p\u00e5 H\u00e4ringe slott. \u201dKompis du k\u00f6r fel\u201d, s\u00e4ger jag till k\u00f6rkarlen som utan ett ord dumpar mig i en skog. D\u00e4r st\u00e5r jag, felkl\u00e4dd och frusen, tills jag g\u00f6r entr\u00e9, sist av alla.\u00a0<\/p>\n<blockquote><p>Det var ju exakt s\u00e5 jag inte skulle vara.<\/p><\/blockquote>\n<p>\u201dVad har h\u00e4nt med din hand?\u201d \u00e4r det f\u00f6rsta som undslipper mig n\u00e4r jag h\u00e4lsar p\u00e5<strong> Matilda<\/strong> f\u00f6r att genast vilja \u00f6rfila mig sj\u00e4lv. Det var ju exakt s\u00e5 jag inte skulle vara. Min filterl\u00f6sa fr\u00e5gvishet, det som \u00e4r en journalistisk f\u00e4rdighet, upplevs l\u00e4tt som st\u00f6tande.\u00a0<\/p>\n<p>N\u00e4r<strong> Gago<\/strong> st\u00e4ller sig bredbent och h\u00f6jer sin raspiga r\u00f6st med en ton som f\u00f6r tankarna till tortyr, d\u00e5 vill jag upps\u00f6ka n\u00e4rmaste toalett. Men jag lyckas tiga, ovetandes om att jag h\u00e4danefter kommer bli hyssjad s\u00e5 fort jag \u00f6ppnar munnen. Fast jag g\u00e5r ju konstant runt med \u00f6ppen mun och tappad haka, f\u00f6rundrad, f\u00f6rv\u00e5nad och f\u00f6rskr\u00e4ckt om vartannat.\u00a0<\/p>\n<p><img loading=\"lazy\"   alt=\"\"\/><\/p>\n<p>Alexandra Pascalidou, Matilda Allan och Tom Sj\u00f6stedt.<\/p>\n<p>Foto: TV4<\/p>\n<p>\u00d6ppna bild i helsk\u00e4rm<\/p>\n<p>Jag g\u00f6r snabbt v\u00e4nner av de jag \u00e4nnu inte k\u00e4nner, av ren d\u00f6dsfruktan, skamsen \u00f6ver att jag som har levt med riktiga mordhot nu blir r\u00e4dd f\u00f6r regisserade, fiktiva faror.\u00a0<\/p>\n<p>N\u00e4r de f\u00f6r mig till mitt rum rabblar de alla rigida regler och rutiner och jag k\u00e4nner mig m\u00e4rkligt hemma i denna tystnadens tortyrkammare. Mitt f\u00f6nster \u00e4r igentejpat med en sops\u00e4ck som st\u00e4nger ute allt vad utsikt, insikt och verklighet heter.\u00a0<\/p>\n<p>Den l\u00e5sta d\u00f6rren f\u00e5r aldrig n\u00e5gonsin \u00f6ppnas s\u00e5vida du inte h\u00e4mtas av n\u00e5gon maskerad produktionsassistent. Mina anonyma och stumma ledsagare f\u00f6rser mig med \u00f6gonbindel och h\u00f6rselk\u00e5por och leder mig \u00f6ver grusv\u00e4gar till n\u00e5got som k\u00e4nns som skenavr\u00e4ttningar. N\u00e4r de konfiskerar min mobil och min dator k\u00e4nns det som om de ber\u00f6var mig p\u00e5 en kroppsdel. S\u00e5 jag b\u00f6rjar prata med mig sj\u00e4lv p\u00e5 mitt rum och levererar l\u00e5nga \u201dTaxi driver\u201d- monologer i spegeln. Talking to me?\u00a0<\/p>\n<p>Annons<\/p>\n<blockquote><p>Mest sk\u00e4ms jag n\u00e4r jag ber Gud om att f\u00e5 bli f\u00f6rr\u00e4dare.<\/p><\/blockquote>\n<p>Hoppet finner jag i botten av min resv\u00e4ska. D\u00e4r har min dotter smugit ner ett brev. Det jag trodde skulle vara tr\u00f6sterik pepp visar sig vara en l\u00e5ng radda r\u00f6dmarkerade p\u00e5bud och f\u00f6rbud som jag f\u00f6rs\u00f6ker memorera: \u201dVar inte en ledare! Var den d\u00e4r mjuka, feminina, omt\u00e4nksamma Alexandra som pratar med honung i munnen. Var Rinkeby med ortenkids, var aristokratiska Alexandra med n\u00e5gon gammal adelsman, var feministen med n\u00e5gon power woman\u201d.<\/p>\n<p>Om kv\u00e4llarna ber jag, synderskan, b\u00f6ner till Gud som borde vara utbr\u00e4nd av alla verkliga of\u00f6rr\u00e4tter som kr\u00e4ver akuta \u00e5tg\u00e4rder. Mest sk\u00e4ms jag n\u00e4r jag ber Gud om att f\u00e5 bli f\u00f6rr\u00e4dare.\u00a0<\/p>\n<p><img loading=\"lazy\"   alt=\"\"\/><\/p>\n<p>Alexandra och Matilda blir f\u00f6rv\u00e5nade p\u00e5 olika s\u00e4tt.<\/p>\n<p>Foto: TV4<\/p>\n<p>\u00d6ppna bild i helsk\u00e4rm<\/p>\n<p>Varenda natt spelar produktionen \u00f6ronbed\u00f6vande h\u00f6g musik f\u00f6r att f\u00f6rr\u00e4darna ska kunna smyga ut ur sina rum. Jag h\u00f6r en d\u00f6rr gn\u00e4lla och sl\u00e5 igen som ett skott men kan inte h\u00e4rleda riktningen. Under m\u00e5ltiderna tvingas vi sitta stumt och stirra ner i v\u00e5r korv stroganoff. Jag f\u00f6rs\u00f6ker fylla tomrummet med att l\u00e4sa <strong>Marcus Aurelius<\/strong> och l\u00f6sa korsord.\u00a0<\/p>\n<p>\u201d<a href=\"https:\/\/www.expressen.se\/tagg\/organization\/forradarna\/\" class=\"\" rel=\"nofollow noopener\" target=\"_blank\">F\u00f6rr\u00e4darna<\/a>\u201d handlar ocks\u00e5 om den \u00e4dla gamla grekiska talekonsten. Retoriken. Konsten att \u00f6vertyga, \u00f6vertala och f\u00f6rsvara. N\u00e4r jag v\u00e4l talar \u00e4r det p\u00e5 ren rikssvenska s\u00e5 som jag l\u00e4rde mig den i Rinkeby p\u00e5 1980-talet, n\u00e4r man fortfarande trodde att spr\u00e5ket var en gemensam valuta och inte en Black friday-rea p\u00e5 engelska uttryck.<\/p>\n<p>N\u00e4r min medspelare <strong>Johannes<\/strong> s\u00e4ger: \u201dDet \u00e4r ballsy\u201d utbrister jag: \u201dS\u00e4g p\u00e5 svenska\u201d. Givetvis f\u00f6rst\u00e5r jag att det bokstavligt betyder pungkuligt och \u00e4r ett testosteronstint machos\u00e4tt att s\u00e4ga modigt eller dj\u00e4rvt.\u00a0<\/p>\n<p>H\u00e4romdagen hejdades jag av en parant dam p\u00e5 gatan. Hon ville tacka f\u00f6r mitt f\u00f6rsvar av svenska spr\u00e5ket. \u201dT\u00e4nk att du som \u00e4r grek v\u00e4rnar svenskan mer \u00e4n svenskarna\u201d, sa hon och jag log f\u00f6r att n\u00e5gon s\u00e5g hur jag agerade renl\u00e4rig spr\u00e5kpolis i syfte att motverka svenskans utarmning i \u00e4nnu en realityserie.\u00a0<\/p>\n<p>Eftersom de skarpaste ryker f\u00f6rst m\u00f6rdas <strong>Mona<\/strong>, min f\u00f6rtrogna. N\u00e4r jag sen f\u00e5r veta att mitt namn var det f\u00f6rsta som n\u00e4mndes i f\u00f6rr\u00e4darnas konklav, k\u00e4nner jag mig spontant smickrad f\u00f6r att sen undra om jag borde bli kr\u00e4nkt \u00f6ver att jag inte ans\u00e5gs smart nog f\u00f6r att r\u00f6jas.<strong>\u00a0<\/strong><\/p>\n<p>Det som g\u00f6r \u201dF\u00f6rr\u00e4darna\u201d s\u00e5 fascinerande \u00e4r att vi alla tappar fotf\u00e4stet, att vi alla n\u00e5gon g\u00e5ng lutar oss mot fel person och att vi alla r\u00e5kar kasta oss i famnen p\u00e5 n\u00e5gon f\u00f6rr\u00e4dare. Och kanske \u00e4r det d\u00e4rf\u00f6r spr\u00e5ket blir min lilla tr\u00f6st. N\u00e4r allt annat svajar h\u00e5ller \u00e5tminstone konsonanterna ihop.<\/p>\n<p>Ibland r\u00f6star vi som f\u00e5r. P\u00e5 l\u00f6sa grunder men med fast \u00f6vertygelse f\u00f6rdriver vi <strong>Sampe<\/strong> f\u00f6r att han rodnar. <strong>Britta<\/strong> f\u00f6r att hon visar k\u00e4nslor. <strong>Pumahj\u00e4rta<\/strong> f\u00f6r att hon inte visar k\u00e4nslor. Allt jag i hela mitt liv k\u00e4mpat emot \u2013 f\u00f6rhastade slutsatser, st\u00e4mplingar, stigmatisering och f\u00f6rdomar \u2013 \u00e5terkommer h\u00e4r i en komprimerad, komiskt f\u00f6rvriden version.\u00a0<\/p>\n<p>Jag gick in som journalist och kom ut som paranoid foliehatt.<\/p>\n<p>Jag gick in som m\u00e4nniskor\u00e4ttsk\u00e4mpe och kom ut som en bitter misantrop.<\/p>\n<p>\u00c4nd\u00e5 var detta det roligaste jag har gjort. Men nu \u00e4r det dags att \u00e5terg\u00e5 till verkligheten och t\u00e4nda hj\u00e4rtats ljus igen.\u00a0<\/p>\n<p>Alexandra Pascalidou \u00e4r f\u00f6rfattare och journalist.<\/p>\n","protected":false},"excerpt":{"rendered":"Alexandra Pascalidou gick in i \u201dF\u00f6rr\u00e4darna\u201d som journalist och kom ut som en foliehatt.P\u00e5 f\u00f6rsta advent skriver en&hellip;\n","protected":false},"author":2,"featured_media":93475,"comment_status":"","ping_status":"","sticky":false,"template":"","format":"standard","meta":{"footnotes":""},"categories":[67],"tags":[104,4034,10997,34,31,33,32,30,646,105],"class_list":{"0":"post-93474","1":"post","2":"type-post","3":"status-publish","4":"format-standard","5":"has-post-thumbnail","7":"category-underhallning","8":"tag-entertainment","9":"tag-organization-forradarna","10":"tag-person-alexandra-pascalidou","11":"tag-se","12":"tag-svenska","13":"tag-sverige","14":"tag-sweden","15":"tag-swedish","16":"tag-topic-tv-serier","17":"tag-underhallning"},"share_on_mastodon":{"url":"https:\/\/pubeurope.com\/@se\/115638384908607425","error":""},"_links":{"self":[{"href":"https:\/\/www.europesays.com\/se\/wp-json\/wp\/v2\/posts\/93474","targetHints":{"allow":["GET"]}}],"collection":[{"href":"https:\/\/www.europesays.com\/se\/wp-json\/wp\/v2\/posts"}],"about":[{"href":"https:\/\/www.europesays.com\/se\/wp-json\/wp\/v2\/types\/post"}],"author":[{"embeddable":true,"href":"https:\/\/www.europesays.com\/se\/wp-json\/wp\/v2\/users\/2"}],"replies":[{"embeddable":true,"href":"https:\/\/www.europesays.com\/se\/wp-json\/wp\/v2\/comments?post=93474"}],"version-history":[{"count":0,"href":"https:\/\/www.europesays.com\/se\/wp-json\/wp\/v2\/posts\/93474\/revisions"}],"wp:featuredmedia":[{"embeddable":true,"href":"https:\/\/www.europesays.com\/se\/wp-json\/wp\/v2\/media\/93475"}],"wp:attachment":[{"href":"https:\/\/www.europesays.com\/se\/wp-json\/wp\/v2\/media?parent=93474"}],"wp:term":[{"taxonomy":"category","embeddable":true,"href":"https:\/\/www.europesays.com\/se\/wp-json\/wp\/v2\/categories?post=93474"},{"taxonomy":"post_tag","embeddable":true,"href":"https:\/\/www.europesays.com\/se\/wp-json\/wp\/v2\/tags?post=93474"}],"curies":[{"name":"wp","href":"https:\/\/api.w.org\/{rel}","templated":true}]}}