{"id":93477,"date":"2025-11-30T11:24:07","date_gmt":"2025-11-30T11:24:07","guid":{"rendered":"https:\/\/www.europesays.com\/se\/93477\/"},"modified":"2025-11-30T11:24:07","modified_gmt":"2025-11-30T11:24:07","slug":"forsvaret-och-politiker-oense-inte-rationellt","status":"publish","type":"post","link":"https:\/\/www.europesays.com\/se\/93477\/","title":{"rendered":"F\u00f6rsvaret och politiker oense: \u201dInte rationellt\u201d"},"content":{"rendered":"<p>I G\u00f6teborg ligger politiker och f\u00f6rsvaret i luven p\u00e5 varandra \u2013 om s\u00e4kerheten kring hamnen, rapporterar SVT V\u00e4st. <\/p>\n<p>Sedan Ryssland invaderade Ukraina har antalet s\u00e4kerhetsincidenter \u00f6kat med 40 procent. Cecilia Magnusson (M), andre vice hamnordf\u00f6rande i kommunen, vill nu att F\u00f6rsvarsmakten flyttar en minr\u00f6jare till G\u00f6teborg f\u00f6r att skydda hamnen. Hon menar att \u201dendast hot\u201d om en mina skulle stoppa trafiken helt. <\/p>\n<p>F\u00f6rsvarsmakten anser \u00e5 sin sida att det inte \u00e4r deras ansvar och att det inte skulle vara rationellt att s\u00e4tta in ett minr\u00f6jningsfartyg.<\/p>\n<p>\u2013 Hoten som idag finns mot G\u00f6teborgs hamnar \u00e4r framf\u00f6rallt inte milit\u00e4ra hot utan andra typer av hot, s\u00e4ger Oscar Peterson, chef p\u00e5 \u00c4lvsborgs amfibieregement till SVT. <\/p>\n<p>Omni \u00e4r politiskt obundna och oberoende. Vi str\u00e4var efter att ge fler perspektiv p\u00e5 nyheterna. Har du fr\u00e5gor eller synpunkter kring v\u00e5r rapportering? <a href=\"https:\/\/omni.se\/forsvaret-och-politiker-oense-inte-rationellt\/a\/mailto:redaktion@omni.se\" class=\"ArticleActions_contactLink__W2F1M\" rel=\"nofollow noopener\" target=\"_blank\">Kontakta redaktionen<\/a><\/p>\n","protected":false},"excerpt":{"rendered":"I G\u00f6teborg ligger politiker och f\u00f6rsvaret i luven p\u00e5 varandra \u2013 om s\u00e4kerheten kring hamnen, rapporterar SVT V\u00e4st.&hellip;\n","protected":false},"author":2,"featured_media":93478,"comment_status":"","ping_status":"","sticky":false,"template":"","format":"standard","meta":{"footnotes":""},"categories":[12],"tags":[22,23,10998,26,27,380,3925,1083,10999,17,21,24,25,28,29,551,15,16,369,18,34,31,33,32,30,19,20,1084],"class_list":{"0":"post-93477","1":"post","2":"type-post","3":"status-publish","4":"format-standard","5":"has-post-thumbnail","7":"category-sverige","8":"tag-breaking-news","9":"tag-breakingnews","10":"tag-cecilia-magnusson","11":"tag-featured-news","12":"tag-featurednews","13":"tag-forsvarsmakten","14":"tag-forsvarspolitik","15":"tag-goteborg","16":"tag-goteborgs-hamn","17":"tag-headlines","18":"tag-huvudnyheter","19":"tag-latest-news","20":"tag-latestnews","21":"tag-main-news","22":"tag-mainnews","23":"tag-moderaterna","24":"tag-news","25":"tag-nyheter","26":"tag-politik","27":"tag-rubriker","28":"tag-se","29":"tag-svenska","30":"tag-sverige","31":"tag-sweden","32":"tag-swedish","33":"tag-top-stories","34":"tag-topstories","35":"tag-vastra-gotalands-lan"},"share_on_mastodon":{"url":"https:\/\/pubeurope.com\/@se\/115638400811725097","error":""},"_links":{"self":[{"href":"https:\/\/www.europesays.com\/se\/wp-json\/wp\/v2\/posts\/93477","targetHints":{"allow":["GET"]}}],"collection":[{"href":"https:\/\/www.europesays.com\/se\/wp-json\/wp\/v2\/posts"}],"about":[{"href":"https:\/\/www.europesays.com\/se\/wp-json\/wp\/v2\/types\/post"}],"author":[{"embeddable":true,"href":"https:\/\/www.europesays.com\/se\/wp-json\/wp\/v2\/users\/2"}],"replies":[{"embeddable":true,"href":"https:\/\/www.europesays.com\/se\/wp-json\/wp\/v2\/comments?post=93477"}],"version-history":[{"count":0,"href":"https:\/\/www.europesays.com\/se\/wp-json\/wp\/v2\/posts\/93477\/revisions"}],"wp:featuredmedia":[{"embeddable":true,"href":"https:\/\/www.europesays.com\/se\/wp-json\/wp\/v2\/media\/93478"}],"wp:attachment":[{"href":"https:\/\/www.europesays.com\/se\/wp-json\/wp\/v2\/media?parent=93477"}],"wp:term":[{"taxonomy":"category","embeddable":true,"href":"https:\/\/www.europesays.com\/se\/wp-json\/wp\/v2\/categories?post=93477"},{"taxonomy":"post_tag","embeddable":true,"href":"https:\/\/www.europesays.com\/se\/wp-json\/wp\/v2\/tags?post=93477"}],"curies":[{"name":"wp","href":"https:\/\/api.w.org\/{rel}","templated":true}]}}