{"id":93486,"date":"2025-11-30T11:33:21","date_gmt":"2025-11-30T11:33:21","guid":{"rendered":"https:\/\/www.europesays.com\/se\/93486\/"},"modified":"2025-11-30T11:33:21","modified_gmt":"2025-11-30T11:33:21","slug":"valde-aftonbladet-bort-det-som-storde-tesen-i-sin-knutby-granskning-29-november-2025-medierna-sveriges-radio","status":"publish","type":"post","link":"https:\/\/www.europesays.com\/se\/93486\/","title":{"rendered":"Valde Aftonbladet bort det som st\u00f6rde tesen i sin Knutby-granskning? 29 november 2025 &#8211; Medierna &#8211; Sveriges Radio"},"content":{"rendered":"<ol>\n<li><a href=\"https:\/\/news.google.com\/rss\/articles\/CBMipgFBVV95cUxPWkVmREowdGVyWGhKQUVqX0xUSnFBTG9BeTdudV9OUDVkZEVzLW1zb244Q2VTNDVQdF80Z0JjZm1LTzUtSEZuVUZoRGdXRTBRQ21ja1J6Q00yejZWeWZFZHNHVnN4dVVKWmdWUmtWUHJveUZpVWZJekpQX0NsTGE3SFpnUTRNeHdOOWdKNWFhYnQ5MHNPUklEdktUeDVtNDRWbmtiSTVB?oc=5\" target=\"_blank\" rel=\"nofollow noopener\">Valde Aftonbladet bort det som st\u00f6rde tesen i sin Knutby-granskning? 29 november 2025 &#8211; Medierna<\/a>&nbsp;&nbsp;Sveriges Radio<\/li>\n<li><a href=\"https:\/\/news.google.com\/rss\/articles\/CBMikAFBVV95cUxPZGtwZjg2Y2luaC1zMHhlQ2EyRmVWeHowem5Hblpja01kZWRVSV9EaW13R3QwN2MzNjNmeGoxUzFadnYxbF9ielpzTGx2Sjd6NHl5VjlULVlGUDNXRVJYSnhvLS1YdFdubmQ0Vkx6SnpJMFFqWHVxVU00aFRlZnZ0Ui00Q2RDZEpjZzdzOHdIeDE?oc=5\" target=\"_blank\" rel=\"nofollow noopener\">Helge Fossmo kan bli vinnare \u2013 om Knutbydomen rivs upp<\/a>&nbsp;&nbsp;SVT Nyheter<\/li>\n<li><a href=\"https:\/\/news.google.com\/rss\/articles\/CBMimAFBVV95cUxQVHZNamJ5SUozRkRGbFBFWjRudk1DMTUxbXlVOHpXZWVsY0NFelNHM2xvWmhvTVJLV3BnTzYycnY0MDZCcVd1RW5scHpkUnF3Y3ZzbmcyUnJyYmVmcVVVY2VkTnI2NFBjcGhkdFFTenJ4UmZaS0dMX1UyQ3EwS1JZN3FRUmRBRGNqNVdCMlNkS2tLd2JUY0M0Yw?oc=5\" target=\"_blank\" rel=\"nofollow noopener\">Knutby-fallet: Nya uppgifter f\u00f6r\u00e4ndrar allt<\/a>&nbsp;&nbsp;Aftonbladet<\/li>\n<li><a href=\"https:\/\/news.google.com\/rss\/articles\/CBMifEFVX3lxTE1OQ0gtSlVJUjdwWkRxdV9MZ0JuV29sLUk1alU5Y0Z4cjYwQ3ltN2s3LTBIcmd1LU1scVJkQ0dQc3J6Y2d2NVYySWtpMEJWZ3g5Y1JyalhTb2Q4STNycEd6dzVTZlZDdERCS1JjTjNNMjFPVkEyR0VFdFMxRko?oc=5\" target=\"_blank\" rel=\"nofollow noopener\">Experten: Fossmo hade varit vinnaren vid resning<\/a>&nbsp;&nbsp;Omni<\/li>\n<li><a href=\"https:\/\/news.google.com\/rss\/articles\/CBMikwFBVV95cUxQa3BhZnlaOXNPTTJELUt5V2w3RXZfUE9HSEZ3SjAyVE1GRmltM1cxU0JnRTFFSEc1VHFNVlZrcVdzV29uYUEzV3RXR1RWeExpcURHTmwtMzYzUll4cU5pcFlJc0Y1a3dlWGpwUjBwTlZlV0NZUlB5ajEwVnBlUVFGcGFjZ29jUVNhZFAxME45RC1abk0?oc=5\" target=\"_blank\" rel=\"nofollow noopener\">Boende i Knutby efter Aftonbladets avsl\u00f6jande: \u201dK\u00e4nt oss f\u00f6rf\u00f6ljda\u201d<\/a>&nbsp;&nbsp;Aftonbladet<\/li>\n<\/ol>\n","protected":false},"excerpt":{"rendered":"Valde Aftonbladet bort det som st\u00f6rde tesen i sin Knutby-granskning? 29 november 2025 &#8211; Medierna&nbsp;&nbsp;Sveriges Radio Helge Fossmo&hellip;\n","protected":false},"author":2,"featured_media":93487,"comment_status":"","ping_status":"","sticky":false,"template":"","format":"standard","meta":{"footnotes":""},"categories":[12],"tags":[22,23,26,27,17,21,4349,865,24,25,28,29,6354,3764,15,16,6355,171,18,34,31,33,32,30,19,20,1594,3916],"class_list":{"0":"post-93486","1":"post","2":"type-post","3":"status-publish","4":"format-standard","5":"has-post-thumbnail","7":"category-sverige","8":"tag-breaking-news","9":"tag-breakingnews","10":"tag-featured-news","11":"tag-featurednews","12":"tag-headlines","13":"tag-huvudnyheter","14":"tag-internet","15":"tag-journalistik","16":"tag-latest-news","17":"tag-latestnews","18":"tag-main-news","19":"tag-mainnews","20":"tag-medieganskning","21":"tag-medier","22":"tag-news","23":"tag-nyheter","24":"tag-petter-ljunggren","25":"tag-radio","26":"tag-rubriker","27":"tag-se","28":"tag-svenska","29":"tag-sverige","30":"tag-sweden","31":"tag-swedish","32":"tag-top-stories","33":"tag-topstories","34":"tag-tv","35":"tag-yttrandefrihet"},"share_on_mastodon":{"url":"https:\/\/pubeurope.com\/@se\/115638436091189991","error":""},"_links":{"self":[{"href":"https:\/\/www.europesays.com\/se\/wp-json\/wp\/v2\/posts\/93486","targetHints":{"allow":["GET"]}}],"collection":[{"href":"https:\/\/www.europesays.com\/se\/wp-json\/wp\/v2\/posts"}],"about":[{"href":"https:\/\/www.europesays.com\/se\/wp-json\/wp\/v2\/types\/post"}],"author":[{"embeddable":true,"href":"https:\/\/www.europesays.com\/se\/wp-json\/wp\/v2\/users\/2"}],"replies":[{"embeddable":true,"href":"https:\/\/www.europesays.com\/se\/wp-json\/wp\/v2\/comments?post=93486"}],"version-history":[{"count":0,"href":"https:\/\/www.europesays.com\/se\/wp-json\/wp\/v2\/posts\/93486\/revisions"}],"wp:featuredmedia":[{"embeddable":true,"href":"https:\/\/www.europesays.com\/se\/wp-json\/wp\/v2\/media\/93487"}],"wp:attachment":[{"href":"https:\/\/www.europesays.com\/se\/wp-json\/wp\/v2\/media?parent=93486"}],"wp:term":[{"taxonomy":"category","embeddable":true,"href":"https:\/\/www.europesays.com\/se\/wp-json\/wp\/v2\/categories?post=93486"},{"taxonomy":"post_tag","embeddable":true,"href":"https:\/\/www.europesays.com\/se\/wp-json\/wp\/v2\/tags?post=93486"}],"curies":[{"name":"wp","href":"https:\/\/api.w.org\/{rel}","templated":true}]}}