{"id":93488,"date":"2025-11-30T11:34:21","date_gmt":"2025-11-30T11:34:21","guid":{"rendered":"https:\/\/www.europesays.com\/se\/93488\/"},"modified":"2025-11-30T11:34:21","modified_gmt":"2025-11-30T11:34:21","slug":"otacka-scener-i-timra-lulea-oscar-engsund-fordes-ut-pa-bar-shl","status":"publish","type":"post","link":"https:\/\/www.europesays.com\/se\/93488\/","title":{"rendered":"Ot\u00e4cka scener i Timr\u00e5\u2013Lule\u00e5 \u2013 Oscar Engsund f\u00f6rdes ut p\u00e5 b\u00e5r | SHL"},"content":{"rendered":"<p>Publicerad 29 nov 2025 kl 18.07Uppdaterad 30 nov kl 06.43<\/p>\n<p>Ot\u00e4cka scener i Timr\u00e5.<\/p>\n<p>Lule\u00e5s Oscar Engsund skadade sig illa \u2013 och f\u00f6rdes ut p\u00e5 b\u00e5r.<\/p>\n<p>Nu meddelar klubben att backen drabbats av en hj\u00e4rnskakning.<\/p>\n<p>Ot\u00e4cka scener n\u00e4r Timr\u00e5 slog Lule\u00e5<img loading=\"lazy\"   alt=\"\"\/> <\/p>\n<p>Foto: P\u00c4R OLERT \/ BILDBYR\u00c5N<\/p>\n<p>\u00d6ppna bild i helsk\u00e4rm<img loading=\"lazy\"   alt=\"\"\/> <\/p>\n<p>Foto: SIMON ELIASSON \/ BILDBYR\u00c5N<\/p>\n<p>\u00d6ppna bild i helsk\u00e4rm<img loading=\"lazy\"   alt=\"\"\/> <\/p>\n<p>Foto: DAVID WRELAND \/ BILDBYR\u00c5N<\/p>\n<p>\u00d6ppna bild i helsk\u00e4rm<img loading=\"lazy\"   alt=\"\"\/>\u00d6ppna bild i helsk\u00e4rm<\/p>\n<p>Tidigt i den f\u00f6rsta perioden blev det kn\u00e4pptyst i SCA arena.\u00a0<\/p>\n<p>Detta efter att Oscar Engsund dundrat rakt in i kortsargen bakom Lule\u00e5s m\u00e5l.\u00a0<\/p>\n<p>Flera spelare f\u00f6rstod snabbt allvaret och kallade in sjukv\u00e5rdspersonal \u2013 medan Engsund l\u00e5g p\u00e5 rygg mot isen. P\u00e5 tv-bilder syntes sedan Engsund ledas av isen, vaken och talbar.<\/p>\n<p>Sent p\u00e5 l\u00f6rdagskv\u00e4llen meddelar Lule\u00e5 p\u00e5 <a href=\"https:\/\/x.com\/LuleaHockey\/status\/1994875089041723842?s=20\" rel=\"nofollow\">X<\/a> att Oscar Engsund drabbats av en hj\u00e4rnskakning. 32-\u00e5ringen f\u00f6rdes till sjukhus, d\u00e4r han blir kvar \u00f6ver natten.<\/p>\n<p>Omark m\u00e5lskytt i comebacken<\/p>\n<p>Matchen d\u00e5?\u00a0<\/p>\n<p>Den rivstartade Timr\u00e5 och Jonathan Dahl\u00e9n. Stj\u00e4rnan satte tv\u00e5 puckar i den f\u00f6rsta perioden.\u00a0<\/p>\n<p>I mittperioden skulle dock Lule\u00e5 komma tillbaka. \u00c5terv\u00e4ndaren Linus Omark reducerade f\u00f6rst till 1\u20132, innan Filip Eriksson kvitterade.\u00a0<\/p>\n<p>Timr\u00e5 fick f\u00f6rvisso sista ordet. Halvv\u00e4gs in i tredje perioden sk\u00f6t Marcus Westf\u00e4lt in 3\u20132, med sitt f\u00f6rsta m\u00e5l i den r\u00f6da tr\u00f6jan.\u00a0<\/p>\n","protected":false},"excerpt":{"rendered":"Publicerad 29 nov 2025 kl 18.07Uppdaterad 30 nov kl 06.43 Ot\u00e4cka scener i Timr\u00e5. Lule\u00e5s Oscar Engsund skadade&hellip;\n","protected":false},"author":2,"featured_media":93489,"comment_status":"","ping_status":"","sticky":false,"template":"","format":"standard","meta":{"footnotes":""},"categories":[5],"tags":[22,23,26,27,17,21,24,25,28,29,15,16,18,34,255,823,31,33,32,30,19,20],"class_list":{"0":"post-93488","1":"post","2":"type-post","3":"status-publish","4":"format-standard","5":"has-post-thumbnail","7":"category-rubriker","8":"tag-breaking-news","9":"tag-breakingnews","10":"tag-featured-news","11":"tag-featurednews","12":"tag-headlines","13":"tag-huvudnyheter","14":"tag-latest-news","15":"tag-latestnews","16":"tag-main-news","17":"tag-mainnews","18":"tag-news","19":"tag-nyheter","20":"tag-rubriker","21":"tag-se","22":"tag-sections-ishockey","23":"tag-sections-shl","24":"tag-svenska","25":"tag-sverige","26":"tag-sweden","27":"tag-swedish","28":"tag-top-stories","29":"tag-topstories"},"share_on_mastodon":{"url":"https:\/\/pubeurope.com\/@se\/115638439994061306","error":""},"_links":{"self":[{"href":"https:\/\/www.europesays.com\/se\/wp-json\/wp\/v2\/posts\/93488","targetHints":{"allow":["GET"]}}],"collection":[{"href":"https:\/\/www.europesays.com\/se\/wp-json\/wp\/v2\/posts"}],"about":[{"href":"https:\/\/www.europesays.com\/se\/wp-json\/wp\/v2\/types\/post"}],"author":[{"embeddable":true,"href":"https:\/\/www.europesays.com\/se\/wp-json\/wp\/v2\/users\/2"}],"replies":[{"embeddable":true,"href":"https:\/\/www.europesays.com\/se\/wp-json\/wp\/v2\/comments?post=93488"}],"version-history":[{"count":0,"href":"https:\/\/www.europesays.com\/se\/wp-json\/wp\/v2\/posts\/93488\/revisions"}],"wp:featuredmedia":[{"embeddable":true,"href":"https:\/\/www.europesays.com\/se\/wp-json\/wp\/v2\/media\/93489"}],"wp:attachment":[{"href":"https:\/\/www.europesays.com\/se\/wp-json\/wp\/v2\/media?parent=93488"}],"wp:term":[{"taxonomy":"category","embeddable":true,"href":"https:\/\/www.europesays.com\/se\/wp-json\/wp\/v2\/categories?post=93488"},{"taxonomy":"post_tag","embeddable":true,"href":"https:\/\/www.europesays.com\/se\/wp-json\/wp\/v2\/tags?post=93488"}],"curies":[{"name":"wp","href":"https:\/\/api.w.org\/{rel}","templated":true}]}}