{"id":93492,"date":"2025-11-30T11:37:27","date_gmt":"2025-11-30T11:37:27","guid":{"rendered":"https:\/\/www.europesays.com\/se\/93492\/"},"modified":"2025-11-30T11:37:27","modified_gmt":"2025-11-30T11:37:27","slug":"sa-var-zara-larssons-konsert-i-stockholm-varmen-ar-det-basta","status":"publish","type":"post","link":"https:\/\/www.europesays.com\/se\/93492\/","title":{"rendered":"S\u00e5 var Zara Larssons konsert i Stockholm: \u201dV\u00e4rmen \u00e4r det b\u00e4sta\u201d"},"content":{"rendered":"<p>V\u00e4lkomna till SVT Nyheters liverapportering fr\u00e5n Zara Larssons konsert p\u00e5 Avicii Arena i Stockholm! V\u00e5ra reportrar William Frykfeldt och Aida Arslanovic kommer att vara p\u00e5 plats och ta tempen p\u00e5 publiken b\u00e5de innan och under konserten. Efter utlovas ocks\u00e5 utl\u00e5tande fr\u00e5n en musikexpert eller tv\u00e5. Vi har dessutom laddat upp med arkivmaterial fr\u00e5n Zara Larssons karri\u00e4r, och chatten \u00e4r \u00f6ppen f\u00f6r fr\u00e5gor och publikrapporter fr\u00e5n konserten. \u00c4r du p\u00e5 plats? Vad har varit b\u00e4st ikv\u00e4ll?<\/p>\n","protected":false},"excerpt":{"rendered":"V\u00e4lkomna till SVT Nyheters liverapportering fr\u00e5n Zara Larssons konsert p\u00e5 Avicii Arena i Stockholm! V\u00e5ra reportrar William Frykfeldt&hellip;\n","protected":false},"author":2,"featured_media":93493,"comment_status":"","ping_status":"","sticky":false,"template":"","format":"standard","meta":{"footnotes":""},"categories":[67],"tags":[104,34,31,33,32,30,105],"class_list":{"0":"post-93492","1":"post","2":"type-post","3":"status-publish","4":"format-standard","5":"has-post-thumbnail","7":"category-underhallning","8":"tag-entertainment","9":"tag-se","10":"tag-svenska","11":"tag-sverige","12":"tag-sweden","13":"tag-swedish","14":"tag-underhallning"},"share_on_mastodon":{"url":"https:\/\/pubeurope.com\/@se\/115638451773836562","error":""},"_links":{"self":[{"href":"https:\/\/www.europesays.com\/se\/wp-json\/wp\/v2\/posts\/93492","targetHints":{"allow":["GET"]}}],"collection":[{"href":"https:\/\/www.europesays.com\/se\/wp-json\/wp\/v2\/posts"}],"about":[{"href":"https:\/\/www.europesays.com\/se\/wp-json\/wp\/v2\/types\/post"}],"author":[{"embeddable":true,"href":"https:\/\/www.europesays.com\/se\/wp-json\/wp\/v2\/users\/2"}],"replies":[{"embeddable":true,"href":"https:\/\/www.europesays.com\/se\/wp-json\/wp\/v2\/comments?post=93492"}],"version-history":[{"count":0,"href":"https:\/\/www.europesays.com\/se\/wp-json\/wp\/v2\/posts\/93492\/revisions"}],"wp:featuredmedia":[{"embeddable":true,"href":"https:\/\/www.europesays.com\/se\/wp-json\/wp\/v2\/media\/93493"}],"wp:attachment":[{"href":"https:\/\/www.europesays.com\/se\/wp-json\/wp\/v2\/media?parent=93492"}],"wp:term":[{"taxonomy":"category","embeddable":true,"href":"https:\/\/www.europesays.com\/se\/wp-json\/wp\/v2\/categories?post=93492"},{"taxonomy":"post_tag","embeddable":true,"href":"https:\/\/www.europesays.com\/se\/wp-json\/wp\/v2\/tags?post=93492"}],"curies":[{"name":"wp","href":"https:\/\/api.w.org\/{rel}","templated":true}]}}