{"id":93500,"date":"2025-11-30T11:51:17","date_gmt":"2025-11-30T11:51:17","guid":{"rendered":"https:\/\/www.europesays.com\/se\/93500\/"},"modified":"2025-11-30T11:51:17","modified_gmt":"2025-11-30T11:51:17","slug":"varnpliktiga-i-brak-igen-expressen","status":"publish","type":"post","link":"https:\/\/www.europesays.com\/se\/93500\/","title":{"rendered":"V\u00e4rnpliktiga i br\u00e5k \u2013 igen &#8211; Expressen"},"content":{"rendered":"<ol>\n<li><a href=\"https:\/\/news.google.com\/rss\/articles\/CBMilwFBVV95cUxPSHpsNmR3cFZ1aGh6cFFFVmdSOUQ1RGpsa0dVd2xZZU5vNmhWMzhkMXAxWTNRSmtCblptN2MzdUkxNEdKS0RZbnpkSjR4SmJCMkFKTUctMGtHdzBDSm9sVzhlT1V1ZV9TRmtRTFotWFVMMWc4WDJYRGtjSnZVakNsa1ZxdGoyQVdYWTVzUlM2ZTRkSWpLbThR?oc=5\" target=\"_blank\" rel=\"nofollow noopener\">V\u00e4rnpliktiga i br\u00e5k \u2013 igen<\/a>&nbsp;&nbsp;Expressen<\/li>\n<li><a href=\"https:\/\/news.google.com\/rss\/articles\/CBMiogFBVV95cUxNY0I0SUdnclBiaVVhMVBWQlgxaVRMemlRUG5qanN0amRmVEc4bGZwcnJKemc4STVuOHlnN1hFcnpBSEY5dllEdFRQWGdwaWhQRTlhbUJpd2h5T1k4cUJtYlJTNFZMS2ZuWjJ2NmF6akNpVVY2ZUhINjRybXVjMjhhUURxY3RTdzhtNUVNZHp5MVBlT0Y0SGFIZUNhQk5qY2pwR3c?oc=5\" target=\"_blank\" rel=\"nofollow noopener\">V\u00e4rnpliktiga fr\u00e5n olika f\u00f6rband i storbr\u00e5k \u2013 milit\u00e4rpolis grep in &#8211; P4 Skaraborg<\/a>&nbsp;&nbsp;Sveriges Radio<\/li>\n<li><a href=\"https:\/\/news.google.com\/rss\/articles\/CBMimwFBVV95cUxPZmlqN1hVak92Q0wzNi1GSFcwclU3UmplRzVtSGFjQnJmMEEwdXl2aVk2ZlN3Rm10RHI5Q2pOSjk3b1M2UlNjZnVKU1NmdmwwSjNaalNlT2JodVhvOVJXd1VIUUYyUEpmNGNFSWxScHhGTWc1SnV4aFFYQzRBaUczRVJSZmNyLUV3b1lEaTZVa2NNa3Q5WmZSRV9OOA?oc=5\" target=\"_blank\" rel=\"nofollow noopener\">Flera v\u00e4rnpliktiga i stort slagsm\u00e5l vid krogen i Sk\u00f6vde<\/a>&nbsp;&nbsp;Expressen<\/li>\n<li><a href=\"https:\/\/news.google.com\/rss\/articles\/CBMifEFVX3lxTFBiUDFLTTg1OUxYdWk3QTNGd2gzbnE4a3ZMdmprbmRXemZyaDhlTklGMkFwMTZsWnpvVkpIelhBRjhqeGhnUE1JSnpFT3ZNZWh5eEk4Z1hJMkpmWEFKOTFwTldfMzczRGpEVTg1eE9ybUNpZmd0b0NJS3RRUDE?oc=5\" target=\"_blank\" rel=\"nofollow noopener\">V\u00e4rnpliktiga fr\u00e5n K3 och P4 \u00e5terigen i slagsm\u00e5l<\/a>&nbsp;&nbsp;Omni<\/li>\n<li><a href=\"https:\/\/news.google.com\/rss\/articles\/CBMif0FVX3lxTE1sZV94d212a3JkaUhYQVpvQnVUVmRMRzBveXFMS3FhQThUN2owcXhoSWhhc3FQSnFVWTZ0bkpWVkhqTENCbF9teWFMVUZsdHJ4ODNHQnljY2IyS1NpTnlCcEdwNFlEZkVHQk0xcHhNTkFMYnU3V2FzbElVNS1obk0?oc=5\" target=\"_blank\" rel=\"nofollow noopener\">Nytt soldatbr\u00e5k i Sk\u00f6vde \u2013 en misst\u00e4nkt f\u00f6r misshandel &#8211; P4 Skaraborg<\/a>&nbsp;&nbsp;Sveriges Radio<\/li>\n<\/ol>\n","protected":false},"excerpt":{"rendered":"V\u00e4rnpliktiga i br\u00e5k \u2013 igen&nbsp;&nbsp;Expressen V\u00e4rnpliktiga fr\u00e5n olika f\u00f6rband i storbr\u00e5k \u2013 milit\u00e4rpolis grep in &#8211; P4 Skaraborg&nbsp;&nbsp;Sveriges&hellip;\n","protected":false},"author":2,"featured_media":39,"comment_status":"","ping_status":"","sticky":false,"template":"","format":"standard","meta":{"footnotes":""},"categories":[5],"tags":[22,23,26,27,35,17,21,24,25,28,29,15,16,18,34,31,33,32,30,19,20],"class_list":{"0":"post-93500","1":"post","2":"type-post","3":"status-publish","4":"format-standard","5":"has-post-thumbnail","7":"category-rubriker","8":"tag-breaking-news","9":"tag-breakingnews","10":"tag-featured-news","11":"tag-featurednews","12":"tag-function-ta-bort-ai-rost","13":"tag-headlines","14":"tag-huvudnyheter","15":"tag-latest-news","16":"tag-latestnews","17":"tag-main-news","18":"tag-mainnews","19":"tag-news","20":"tag-nyheter","21":"tag-rubriker","22":"tag-se","23":"tag-svenska","24":"tag-sverige","25":"tag-sweden","26":"tag-swedish","27":"tag-top-stories","28":"tag-topstories"},"share_on_mastodon":{"url":"https:\/\/pubeurope.com\/@se\/115638506832298354","error":""},"_links":{"self":[{"href":"https:\/\/www.europesays.com\/se\/wp-json\/wp\/v2\/posts\/93500","targetHints":{"allow":["GET"]}}],"collection":[{"href":"https:\/\/www.europesays.com\/se\/wp-json\/wp\/v2\/posts"}],"about":[{"href":"https:\/\/www.europesays.com\/se\/wp-json\/wp\/v2\/types\/post"}],"author":[{"embeddable":true,"href":"https:\/\/www.europesays.com\/se\/wp-json\/wp\/v2\/users\/2"}],"replies":[{"embeddable":true,"href":"https:\/\/www.europesays.com\/se\/wp-json\/wp\/v2\/comments?post=93500"}],"version-history":[{"count":0,"href":"https:\/\/www.europesays.com\/se\/wp-json\/wp\/v2\/posts\/93500\/revisions"}],"wp:featuredmedia":[{"embeddable":true,"href":"https:\/\/www.europesays.com\/se\/wp-json\/wp\/v2\/media\/39"}],"wp:attachment":[{"href":"https:\/\/www.europesays.com\/se\/wp-json\/wp\/v2\/media?parent=93500"}],"wp:term":[{"taxonomy":"category","embeddable":true,"href":"https:\/\/www.europesays.com\/se\/wp-json\/wp\/v2\/categories?post=93500"},{"taxonomy":"post_tag","embeddable":true,"href":"https:\/\/www.europesays.com\/se\/wp-json\/wp\/v2\/tags?post=93500"}],"curies":[{"name":"wp","href":"https:\/\/api.w.org\/{rel}","templated":true}]}}