{"id":93509,"date":"2025-11-30T12:02:25","date_gmt":"2025-11-30T12:02:25","guid":{"rendered":"https:\/\/www.europesays.com\/se\/93509\/"},"modified":"2025-11-30T12:02:25","modified_gmt":"2025-11-30T12:02:25","slug":"slut-for-mtvs-musikkanaler","status":"publish","type":"post","link":"https:\/\/www.europesays.com\/se\/93509\/","title":{"rendered":"Slut f\u00f6r MTV:s musikkanaler"},"content":{"rendered":"<p>share-arrowDela<\/p>\n<p>unsaveSpara<\/p>\n<p>expand-left<\/p>\n<p>helsk\u00e4rm<img decoding=\"async\" class=\"image-asset hyperion-css-u06ts1\" data-test-tag=\"image-asset\" src=\"https:\/\/www.europesays.com\/se\/wp-content\/uploads\/2025\/11\/1334ae5a-b49d-41a3-b82f-34b96db8ba9e\"  alt=\"Artisten Lady Gaga tog emot pris f\u00f6r b\u00e4sta artist p\u00e5 MTV-galan i september tidigare i \u00e5r.\"  loading=\"eager\" fetchpriority=\"high\" style=\"aspect-ratio:1900 \/ 1266\"\/>Artisten Lady Gaga tog emot pris f\u00f6r b\u00e4sta artist p\u00e5 MTV-galan i september tidigare i \u00e5r. Foto: Charles Sykes\/AP\/TT<\/p>\n<p class=\"hyperion-css-1shl3oz\" data-test-tag=\"lead-text\">Efter \u00f6ver fyra decennier l\u00e4gger MTV ned sina globala musikkanaler i slutet av \u00e5ret.<\/p>\n<p class=\"hyperion-css-1v9qo5x\">MTV Music, MTV Hits och musikprogram fr\u00e5n 80- och 90-talen slutar att s\u00e4ndas i flera europeiska l\u00e4nder de kommande m\u00e5naderna, bekr\u00e4ftar k\u00e4llor hos \u00e4garen Paramount f\u00f6r AFP.<\/p>\n<p class=\"hyperion-css-1v9qo5x\">The Buggles musikvideo \u201dVideo killed the radio star\u201d var den f\u00f6rsta som MTV s\u00e4nde 1981. D\u00e4rmed inleddes en ny era inom musik och popul\u00e4rkultur.<\/p>\n<p class=\"hyperion-css-1v9qo5x\">Men nu avvecklas musikkanalerna till f\u00f6ljd av den h\u00e5rda konkurrensen med sociala medier och str\u00f6mning p\u00e5 n\u00e4tet.<\/p>\n<p class=\"hyperion-css-1v9qo5x\">Musikprogrammen slutar s\u00e4ndas i slutet av \u00e5ret i Storbritannien, Frankrike, Tyskland, Polen, Australien och Brasilien, enligt medier.<\/p>\n","protected":false},"excerpt":{"rendered":"share-arrowDela unsaveSpara expand-left helsk\u00e4rmArtisten Lady Gaga tog emot pris f\u00f6r b\u00e4sta artist p\u00e5 MTV-galan i september tidigare i&hellip;\n","protected":false},"author":2,"featured_media":93510,"comment_status":"","ping_status":"","sticky":false,"template":"","format":"standard","meta":{"footnotes":""},"categories":[67],"tags":[104,34,31,33,32,30,105],"class_list":{"0":"post-93509","1":"post","2":"type-post","3":"status-publish","4":"format-standard","5":"has-post-thumbnail","7":"category-underhallning","8":"tag-entertainment","9":"tag-se","10":"tag-svenska","11":"tag-sverige","12":"tag-sweden","13":"tag-swedish","14":"tag-underhallning"},"share_on_mastodon":{"url":"https:\/\/pubeurope.com\/@se\/115638550235876651","error":""},"_links":{"self":[{"href":"https:\/\/www.europesays.com\/se\/wp-json\/wp\/v2\/posts\/93509","targetHints":{"allow":["GET"]}}],"collection":[{"href":"https:\/\/www.europesays.com\/se\/wp-json\/wp\/v2\/posts"}],"about":[{"href":"https:\/\/www.europesays.com\/se\/wp-json\/wp\/v2\/types\/post"}],"author":[{"embeddable":true,"href":"https:\/\/www.europesays.com\/se\/wp-json\/wp\/v2\/users\/2"}],"replies":[{"embeddable":true,"href":"https:\/\/www.europesays.com\/se\/wp-json\/wp\/v2\/comments?post=93509"}],"version-history":[{"count":0,"href":"https:\/\/www.europesays.com\/se\/wp-json\/wp\/v2\/posts\/93509\/revisions"}],"wp:featuredmedia":[{"embeddable":true,"href":"https:\/\/www.europesays.com\/se\/wp-json\/wp\/v2\/media\/93510"}],"wp:attachment":[{"href":"https:\/\/www.europesays.com\/se\/wp-json\/wp\/v2\/media?parent=93509"}],"wp:term":[{"taxonomy":"category","embeddable":true,"href":"https:\/\/www.europesays.com\/se\/wp-json\/wp\/v2\/categories?post=93509"},{"taxonomy":"post_tag","embeddable":true,"href":"https:\/\/www.europesays.com\/se\/wp-json\/wp\/v2\/tags?post=93509"}],"curies":[{"name":"wp","href":"https:\/\/api.w.org\/{rel}","templated":true}]}}