{"id":93537,"date":"2025-11-30T12:39:12","date_gmt":"2025-11-30T12:39:12","guid":{"rendered":"https:\/\/www.europesays.com\/se\/93537\/"},"modified":"2025-11-30T12:39:12","modified_gmt":"2025-11-30T12:39:12","slug":"clas-ohlson-i-blasvader-men-kunderna-sviker-inte","status":"publish","type":"post","link":"https:\/\/www.europesays.com\/se\/93537\/","title":{"rendered":"Clas Ohlson i bl\u00e5sv\u00e4der \u2013 men kunderna sviker inte"},"content":{"rendered":"<p>Reaktionerna efter den senaste tidens kontroversiella beslut fr\u00e5n Clas Ohlson har troligen inte p\u00e5verkat kundernas k\u00f6pbeteende, bed\u00f6mer varum\u00e4rkesexperten Benjamin Hartmann.<\/p>\n<p>Omni \u00e4r politiskt obundna och oberoende. Vi str\u00e4var efter att ge fler perspektiv p\u00e5 nyheterna. Har du fr\u00e5gor eller synpunkter kring v\u00e5r rapportering? <a href=\"https:\/\/omniekonomi.se\/clas-ohlson-i-blasvader-men-kunderna-sviker-inte\/a\/mailto:eko@omni.se\" class=\"ArticleActions_contactLink__W2F1M\" rel=\"nofollow noopener\" target=\"_blank\">Kontakta redaktionen<\/a><\/p>\n","protected":false},"excerpt":{"rendered":"Reaktionerna efter den senaste tidens kontroversiella beslut fr\u00e5n Clas Ohlson har troligen inte p\u00e5verkat kundernas k\u00f6pbeteende, bed\u00f6mer varum\u00e4rkesexperten&hellip;\n","protected":false},"author":2,"featured_media":93538,"comment_status":"","ping_status":"","sticky":false,"template":"","format":"standard","meta":{"footnotes":""},"categories":[65],"tags":[720,72,3359,70,71,34,31,33,32,30],"class_list":{"0":"post-93537","1":"post","2":"type-post","3":"status-publish","4":"format-standard","5":"has-post-thumbnail","7":"category-ekonomi","8":"tag-arbetsmarknad","9":"tag-business","10":"tag-clas-ohlson","11":"tag-economy","12":"tag-ekonomi","13":"tag-se","14":"tag-svenska","15":"tag-sverige","16":"tag-sweden","17":"tag-swedish"},"share_on_mastodon":{"url":"https:\/\/pubeurope.com\/@se\/115638695582548251","error":""},"_links":{"self":[{"href":"https:\/\/www.europesays.com\/se\/wp-json\/wp\/v2\/posts\/93537","targetHints":{"allow":["GET"]}}],"collection":[{"href":"https:\/\/www.europesays.com\/se\/wp-json\/wp\/v2\/posts"}],"about":[{"href":"https:\/\/www.europesays.com\/se\/wp-json\/wp\/v2\/types\/post"}],"author":[{"embeddable":true,"href":"https:\/\/www.europesays.com\/se\/wp-json\/wp\/v2\/users\/2"}],"replies":[{"embeddable":true,"href":"https:\/\/www.europesays.com\/se\/wp-json\/wp\/v2\/comments?post=93537"}],"version-history":[{"count":0,"href":"https:\/\/www.europesays.com\/se\/wp-json\/wp\/v2\/posts\/93537\/revisions"}],"wp:featuredmedia":[{"embeddable":true,"href":"https:\/\/www.europesays.com\/se\/wp-json\/wp\/v2\/media\/93538"}],"wp:attachment":[{"href":"https:\/\/www.europesays.com\/se\/wp-json\/wp\/v2\/media?parent=93537"}],"wp:term":[{"taxonomy":"category","embeddable":true,"href":"https:\/\/www.europesays.com\/se\/wp-json\/wp\/v2\/categories?post=93537"},{"taxonomy":"post_tag","embeddable":true,"href":"https:\/\/www.europesays.com\/se\/wp-json\/wp\/v2\/tags?post=93537"}],"curies":[{"name":"wp","href":"https:\/\/api.w.org\/{rel}","templated":true}]}}