{"id":93557,"date":"2025-11-30T13:13:11","date_gmt":"2025-11-30T13:13:11","guid":{"rendered":"https:\/\/www.europesays.com\/se\/93557\/"},"modified":"2025-11-30T13:13:11","modified_gmt":"2025-11-30T13:13:11","slug":"lisen-lanserar-ny-3-i-1-35-w-laddare-med-inbyggd-kabel-och-display","status":"publish","type":"post","link":"https:\/\/www.europesays.com\/se\/93557\/","title":{"rendered":"Lisen lanserar ny 3-i-1 35 W-laddare med inbyggd kabel och display"},"content":{"rendered":"<p>\t\t<a href=\"https:\/\/www.notebookcheck.se\/fileadmin\/Notebooks\/News\/_nc5\/Lisen-3-in-1-charger-power-bank.jpg\" data-caption=\"Lisen 3-i-1-laddaren kan ladda tv\u00e5 enheter samtidigt (Bildk\u00e4lla: Lisen)\" rel=\"nofollow noopener\" target=\"_blank\"><img decoding=\"async\" src=\"https:\/\/www.europesays.com\/se\/wp-content\/uploads\/2025\/11\/csm_Lisen-3-in-1-charger-power-bank_19b36beed9.jpg\" loading=\"lazy\" fetchpriority=\"high\" width=\"240\" height=\"180\" alt=\"Lisen 3-i-1-laddaren kan ladda tv\u00e5 enheter samtidigt (Bildk\u00e4lla: Lisen)\"\/><\/a>Lisen 3-i-1-laddaren kan ladda tv\u00e5 enheter samtidigt (Bildk\u00e4lla: Lisen)<\/p>\n<p>Lisen 3-in-1 35 W \u00e4r en ny reseladdare som \u00e4ven fungerar som en powerbank med en kapacitet p\u00e5 7.000 mAh. Laddningsaccessoaren har en inbyggd USB-C-kabel och en USB-C-port, vilket g\u00f6r att anv\u00e4ndarna kan ladda upp till tv\u00e5 enheter samtidigt. Dessutom levereras den med en LED-display och vikbara t\u00e4nder. <\/p>\n<p class=\"bodytext\">Lisen, en tillverkare av laddningsl\u00f6sningar, har lanserat sin senaste 3-i-1 35 W reseladdare p\u00e5 den globala marknaden. Laddningsaccessoaren finns i en enda glaci\u00e4rgr\u00e5 f\u00e4rg och kostar 49,99 USD. Som en del av lanseringserbjudandet erbjuder f\u00f6retaget $12 rabatt under en begr\u00e4nsad tid genom att anv\u00e4nda kampanjkoden LSPRA603, vilket s\u00e4nker priset fr\u00e5n $49,99 till endast $37,99. Intresserade k\u00f6pare kan nu k\u00f6pa laddaren direkt via <a href=\"https:\/\/www.amazon.com\/dp\/B0FVFQ1PVH?tag=nbcnewsnet-20\" target=\"_blank\" rel=\"sponsored nofollow noopener\" class=\"external-link-new-window\">Amazon.<\/a><\/p>\n<p class=\"bodytext\">Lisen 3-i-1-laddaren g\u00f6r att du kan ladda upp till tv\u00e5 enheter samtidigt via en USB-C-port och en inbyggd 3,3 ft (39,6 tum) <a href=\"http:\/\/www.notebookcheck.net\/Cuktech-launches-new-affordable-120W-power-bank-with-built-in-cable-and-display.1172215.0.html\" target=\"_self\" class=\"internal-link\" rel=\"nofollow noopener\">USB-C-kabel<\/a>. Den erbjuder maximalt 35 W uteffekt, och f\u00f6retaget h\u00e4vdar att laddaren kan ladda <a href=\"http:\/\/www.notebookcheck.net\/iPhone-17-Pro-Max-fitted-with-water-cooling-system-shows-an-8-jump-in-performance.1150530.0.html\" target=\"_self\" class=\"internal-link\" rel=\"nofollow noopener\">iPhone 17 Pro<\/a> fr\u00e5n 0 till 60% p\u00e5 bara 30 minuter i enportsl\u00e4ge. Ut\u00f6ver det kan laddningsaccessoaren ocks\u00e5 fungera som en powerbank, med en kapacitet p\u00e5 7 000 mAh och en maximal uteffekt p\u00e5 27 W. <\/p>\n<p class=\"bodytext\">Den <a href=\"http:\/\/www.notebookcheck.net\/EcoFlow-releases-affordable-magnetic-power-bank-with-integrated-kickstand.1172240.0.html\" target=\"_self\" class=\"internal-link\" rel=\"nofollow noopener\">flyggodk\u00e4nda<\/a> gadgeten \u00e4r ganska kompakt, m\u00e4ter 56 x 77 x 33 mm (2,20 x 3 x 1,29 tum) och v\u00e4ger cirka 218 gram (0,48 lbs). Den har en inbyggd display som visar viktig information som \u00e5terst\u00e5ende batteriniv\u00e5er, uteffekt med mera. Dessutom levereras laddaren med f\u00e4llbara tappar, vilket g\u00f6r den mer resev\u00e4nlig. N\u00e4r det g\u00e4ller laddning kan du ladda enheten via den vikbara AC-kontakten, och det tar cirka 2 timmar och 38 minuter f\u00f6r en full laddning. Du kan l\u00e4ra dig mer om gadgeten via <a href=\"https:\/\/lisen.com\/products\/lisen-fast-travel-charger\" target=\"_blank\" class=\"external-link-new-window\" rel=\"nofollow noopener\">Lisens officiella<\/a> webbplats.<\/p>\n<p><a href=\"\"><img decoding=\"async\" src=\"https:\/\/www.europesays.com\/se\/wp-content\/uploads\/2025\/11\/csm_Ab_profile_pic_d4e1ab093d.jpg\" loading=\"lazy\" width=\"120\" height=\"120\" alt=\"Abhinav Fating\"\/><\/a><a href=\"\"><img decoding=\"async\" src=\"https:\/\/www.europesays.com\/se\/wp-content\/uploads\/2025\/11\/1763336113_814_csm_ninh_duy_ee54bf9777.jpg\" loading=\"lazy\" width=\"120\" height=\"120\" alt=\"Ninh Duy\"\/><\/a>Translator: <a href=\"\" class=\"j_name\">Ninh Ngoc Duy<\/a> &#8211; Editorial Assistant  &#8211; 666018 articles published on Notebookcheck since 2008<\/p>\n<p>Abhinav Fating,\u00a02025-11-30\u00a0(Update:\u00a02025-11-30)<\/p>\n","protected":false},"excerpt":{"rendered":"Lisen 3-i-1-laddaren kan ladda tv\u00e5 enheter samtidigt (Bildk\u00e4lla: Lisen) Lisen 3-in-1 35 W \u00e4r en ny reseladdare som&hellip;\n","protected":false},"author":2,"featured_media":93558,"comment_status":"","ping_status":"","sticky":false,"template":"","format":"standard","meta":{"footnotes":""},"categories":[66],"tags":[7083,7084,11009,11008,7085,80,78,79,34,31,33,32,30,81,84,83,82],"class_list":{"0":"post-93557","1":"post","2":"type-post","3":"status-publish","4":"format-standard","5":"has-post-thumbnail","7":"category-vetenskap-och-teknik","8":"tag-barbar-dator","9":"tag-laptop","10":"tag-lisen","11":"tag-lisen-3-i-1-35-w-vaggladdare-och-powerbank","12":"tag-notebook","13":"tag-science","14":"tag-science-and-technology","15":"tag-scienceandtechnology","16":"tag-se","17":"tag-svenska","18":"tag-sverige","19":"tag-sweden","20":"tag-swedish","21":"tag-technology","22":"tag-teknik","23":"tag-vetenskap","24":"tag-vetenskapteknik"},"share_on_mastodon":{"url":"https:\/\/pubeurope.com\/@se\/115638829631562194","error":""},"_links":{"self":[{"href":"https:\/\/www.europesays.com\/se\/wp-json\/wp\/v2\/posts\/93557","targetHints":{"allow":["GET"]}}],"collection":[{"href":"https:\/\/www.europesays.com\/se\/wp-json\/wp\/v2\/posts"}],"about":[{"href":"https:\/\/www.europesays.com\/se\/wp-json\/wp\/v2\/types\/post"}],"author":[{"embeddable":true,"href":"https:\/\/www.europesays.com\/se\/wp-json\/wp\/v2\/users\/2"}],"replies":[{"embeddable":true,"href":"https:\/\/www.europesays.com\/se\/wp-json\/wp\/v2\/comments?post=93557"}],"version-history":[{"count":0,"href":"https:\/\/www.europesays.com\/se\/wp-json\/wp\/v2\/posts\/93557\/revisions"}],"wp:featuredmedia":[{"embeddable":true,"href":"https:\/\/www.europesays.com\/se\/wp-json\/wp\/v2\/media\/93558"}],"wp:attachment":[{"href":"https:\/\/www.europesays.com\/se\/wp-json\/wp\/v2\/media?parent=93557"}],"wp:term":[{"taxonomy":"category","embeddable":true,"href":"https:\/\/www.europesays.com\/se\/wp-json\/wp\/v2\/categories?post=93557"},{"taxonomy":"post_tag","embeddable":true,"href":"https:\/\/www.europesays.com\/se\/wp-json\/wp\/v2\/tags?post=93557"}],"curies":[{"name":"wp","href":"https:\/\/api.w.org\/{rel}","templated":true}]}}