{"id":93596,"date":"2025-11-30T14:08:09","date_gmt":"2025-11-30T14:08:09","guid":{"rendered":"https:\/\/www.europesays.com\/se\/93596\/"},"modified":"2025-11-30T14:08:09","modified_gmt":"2025-11-30T14:08:09","slug":"modos-svar-pa-banderollen-aldrig-okej","status":"publish","type":"post","link":"https:\/\/www.europesays.com\/se\/93596\/","title":{"rendered":"Modos svar p\u00e5 banderollen: \u201dAldrig okej\u201d"},"content":{"rendered":"<p>F\u00f6rlust mot rivalen Bj\u00f6rkl\u00f6ven i fredags.<\/p>\n<p>P\u00e5 s\u00f6ndagen m\u00f6ttes klubbens anst\u00e4llda av en upph\u00e4ngd banderoll i H\u00e4gglunds Arena. <\/p>\n<p>\u2013 Jag f\u00f6rst\u00e5r att v\u00e5ra supportrar \u00e4r besvikna, men det \u00e4r aldrig okej med personangrepp, s\u00e4ger Modo Hockeys vd Benny Ked\u00e9n till <a href=\"https:\/\/www.allehanda.se\/2025-11-30\/aldrig-okej-med-personangrepp\/?utm_source=follow_push&amp;utm_medium=app&amp;utm_campaign=393883c8-f6dd-4459-b565-db950f84e978&amp;followed_subject=68fcd3cb-927c-4a0e-a405-7d1e95cfb1aa&amp;followed_subject_name=per+h%C3%A4gglund&amp;push_title=nytt+fr%C3%A5n:+per+h%C3%A4gglund&amp;source=followPush&amp;shareSource=iossharebutton\" rel=\"nofollow noopener\" target=\"_blank\">\u00d6A. <\/a><\/p>\n<p class=\"\">Modo Hockeys formsvacka har blivit allt sv\u00e5rare att bortf\u00f6rklara \u2013 och efter derbyf\u00f6rlusten mot Bj\u00f6rkl\u00f6ven tog missn\u00f6jet en ny v\u00e4ndning. N\u00e4r d\u00f6rrarna till H\u00e4gglunds Arena \u00f6ppnades p\u00e5 s\u00f6ndagsf\u00f6rmiddagen m\u00f6ttes bes\u00f6karna av en banderoll riktad mot b\u00e5de lag och ledning. Ett budskap som dessutom kunde tolkas som ett direkt personangrepp p\u00e5 klubbens vd, Benny Ked\u00e9n.<\/p>\n<p class=\"\">P\u00e5 banderollen stod:<\/p>\n<p class=\"\">\u201dViljel\u00f6st i b\u00e5set &amp; p\u00e5 planen och en vd med fokus p\u00e5 baren\u201d.<\/p>\n<p><img alt=\"Modobanderoll\" loading=\"lazy\" decoding=\"async\" data-nimg=\"fill\" class=\"object-cover\" style=\"position:absolute;height:100%;width:100%;left:0;top:0;right:0;bottom:0;color:transparent\"   src=\"https:\/\/www.europesays.com\/se\/wp-content\/uploads\/2025\/11\/USzYXMNvadL4RS9Dy3baArCSneNQh8uHYQKU8Cxp.jpg\"\/><\/p>\n<p class=\"\">N\u00e4r \u00d6A<a class=\"null text-blue-link\" rel=\"noopener noreferrer nofollow\" target=\"_blank\" href=\"http:\/\/Hockeynews.se\"> <\/a>n\u00e5r Benny Ked\u00e9n \u00e4r han tydlig med att gr\u00e4nsen passerats.<\/p>\n<p class=\"\">\u2013 Jag f\u00f6rst\u00e5r att v\u00e5ra supportrar \u00e4r besvikna, men det \u00e4r aldrig okej med personangrepp, s\u00e4ger Modo Hockeys vd Benny Ked\u00e9n till tidningen. <\/p>\n<p class=\"\">Enligt Ked\u00e9n bottnar budskapet i ett rykte som spridits efter fredagsmatchen \u2013 ett rykte han reagerar starkt p\u00e5.<\/p>\n<p class=\"\">\u2013 Jag fick h\u00f6ra ett rykte efter fredagskv\u00e4llen att jag skulle ha varit berusad, vilket inte st\u00e4mmer. Jag var i Guldbaren och drack en folk\u00f6l tillsammans med en av Modo Hockeys partners. Det ing\u00e5r i mitt jobb att prata med v\u00e5ra partners.<\/p>\n<p class=\"\">Ked\u00e9n hade inte ens sett banderollen innan \u00d6A kontaktade honom och vet \u00e4nnu inte hur klubben ska svara p\u00e5 det intr\u00e4ffade.<\/p>\n<p class=\"\">P\u00e5 fr\u00e5gan om en polisanm\u00e4lan kan bli aktuell s\u00e4ger han:<\/p>\n<p class=\"\">\u2013 Jag har nyss f\u00e5tt informationen s\u00e5 det kan jag inte uttala mig om, s\u00e4ger Modos vd och forts\u00e4tter:<\/p>\n<p class=\"\">Supporterklubben Lumberjacks tog under s\u00f6ndagen avst\u00e5nd fr\u00e5n banderollen och meddelade att den inte kommer fr\u00e5n deras h\u00e5ll. <\/p>\n<p>Kommentarer TopprankadeSenaste\u00c4ldstaTrendar<\/p>\n<p>Skaffa PLUS f\u00f6r att kommentera<\/p>\n<p>Med en aktiv PLUS-prenumeration kan du kommentera, svara p\u00e5 andra och gilla kommentarer.<\/p>\n<p><a class=\"btn-primary btn-small\" href=\"https:\/\/hockeynews.se\/plus\" rel=\"nofollow noopener\" target=\"_blank\">Skaffa PLUS<\/a><\/p>\n<p>Anv\u00e4nd koden NORR50 \u2013 f\u00e5 \u00e5rskortet f\u00f6r halva priset 349kr (ord pris 699kr). Fyll i NORR50 i sista steget. <a class=\"text-yellow underline font-bold\" href=\"https:\/\/hockeynews.se\/plus\" rel=\"nofollow noopener\" target=\"_blank\">Skaffa PLUS<\/a><\/p>\n<p>Halva priset p\u00e5 TV4 Play Sport Hockey \u2013 <a class=\"text-yellow underline\" href=\"https:\/\/www.tv4play.se\/kampanj\/hockeynewshockey\" rel=\"nofollow noopener\" target=\"_blank\">f\u00e5 kod med Hockeynews h\u00e4r!<\/a> (Annons)<\/p>\n<p><a class=\"text-yellow underline font-bold\" href=\"https:\/\/hockeynews.se\/app\" rel=\"nofollow noopener\" target=\"_blank\">H\u00e4mta Hockeynews app f\u00f6r iOS och Android<\/a> &#8211; gratis: nyheter, sp\u00e4nnande silly, unik inside, exklusiva intervjuer och matchrapporter fr\u00e5n alla ligor<\/p>\n","protected":false},"excerpt":{"rendered":"F\u00f6rlust mot rivalen Bj\u00f6rkl\u00f6ven i fredags. P\u00e5 s\u00f6ndagen m\u00f6ttes klubbens anst\u00e4llda av en upph\u00e4ngd banderoll i H\u00e4gglunds Arena.&hellip;\n","protected":false},"author":2,"featured_media":93597,"comment_status":"","ping_status":"","sticky":false,"template":"","format":"standard","meta":{"footnotes":""},"categories":[68],"tags":[34,111,110,31,33,32,30],"class_list":{"0":"post-93596","1":"post","2":"type-post","3":"status-publish","4":"format-standard","5":"has-post-thumbnail","7":"category-sport","8":"tag-se","9":"tag-sport","10":"tag-sports","11":"tag-svenska","12":"tag-sverige","13":"tag-sweden","14":"tag-swedish"},"share_on_mastodon":{"url":"https:\/\/pubeurope.com\/@se\/115639045670929068","error":""},"_links":{"self":[{"href":"https:\/\/www.europesays.com\/se\/wp-json\/wp\/v2\/posts\/93596","targetHints":{"allow":["GET"]}}],"collection":[{"href":"https:\/\/www.europesays.com\/se\/wp-json\/wp\/v2\/posts"}],"about":[{"href":"https:\/\/www.europesays.com\/se\/wp-json\/wp\/v2\/types\/post"}],"author":[{"embeddable":true,"href":"https:\/\/www.europesays.com\/se\/wp-json\/wp\/v2\/users\/2"}],"replies":[{"embeddable":true,"href":"https:\/\/www.europesays.com\/se\/wp-json\/wp\/v2\/comments?post=93596"}],"version-history":[{"count":0,"href":"https:\/\/www.europesays.com\/se\/wp-json\/wp\/v2\/posts\/93596\/revisions"}],"wp:featuredmedia":[{"embeddable":true,"href":"https:\/\/www.europesays.com\/se\/wp-json\/wp\/v2\/media\/93597"}],"wp:attachment":[{"href":"https:\/\/www.europesays.com\/se\/wp-json\/wp\/v2\/media?parent=93596"}],"wp:term":[{"taxonomy":"category","embeddable":true,"href":"https:\/\/www.europesays.com\/se\/wp-json\/wp\/v2\/categories?post=93596"},{"taxonomy":"post_tag","embeddable":true,"href":"https:\/\/www.europesays.com\/se\/wp-json\/wp\/v2\/tags?post=93596"}],"curies":[{"name":"wp","href":"https:\/\/api.w.org\/{rel}","templated":true}]}}