{"id":93610,"date":"2025-11-30T14:17:09","date_gmt":"2025-11-30T14:17:09","guid":{"rendered":"https:\/\/www.europesays.com\/se\/93610\/"},"modified":"2025-11-30T14:17:09","modified_gmt":"2025-11-30T14:17:09","slug":"tidningen-storband-med-julkansla-forsta-gangen-offentligt-gig-med-sangsolisten","status":"publish","type":"post","link":"https:\/\/www.europesays.com\/se\/93610\/","title":{"rendered":"Tidningen &#8211; Storband med julk\u00e4nsla \u2013 f\u00f6rsta g\u00e5ngen offentligt gig med s\u00e5ngsolisten"},"content":{"rendered":"<p class=\"mb-4 mx-auto max-w-xl\"><strong>F\u00f6rsta december. F\u00f6rsta julkonserten. N\u00e4r Vadsbo big band bjuder p\u00e5 konsert med julst\u00e4mning prickar de in alla rutor.<\/strong><\/p>\n<p class=\"break-words mb-4 mx-auto max-w-xl\">P\u00e5 m\u00e5ndag kv\u00e4ll f\u00f6rvandlas Mariestads teater till en konsertlokal d\u00e4r sv\u00e4ngig julmusik utlovas. P\u00e5 scenen finns d\u00e5 18 musiker samlade i den traditionella storbandss\u00e4ttningen. Kv\u00e4llens rubrik \u00e4r passande nog Big band christmas.<\/p>\n<p class=\"break-words mb-4 mx-auto max-w-xl\">\u2013 Det s\u00e4ger exakt allt vad det \u00e4r, s\u00e4ger bandets ledare Jens Karlsson sk\u00e4mtsamt och till\u00e4gger: <\/p>\n<p class=\"break-words mb-4 mx-auto max-w-xl\">\u2013 Nja kanske f\u00f6r den som har Bill Cosbys alla julens s\u00e5nger i storbandsformat hemma. Men i \u00f6vrigt kan man beskriva det som en konsert d\u00e4r \u00e4ven vi tar oss an amerikanska och anglosaxiska l\u00e5tar som blivit \u201dv\u00e5r\u201d julmusik.<\/p>\n<p class=\"break-words mb-4 mx-auto max-w-xl\">Musikerna \u00e4r dock inte ensamma i uppgiften att framf\u00f6ra klassiker och nya musikaliska \u00f6rh\u00e4ngen. De har med sig s\u00e5ngsolisten Kati M\u00e4ki Lundqvist fr\u00e5n Hjo.<\/p>\n<p><img alt=\"Kati M\u00e4ki \u00e4r s\u00e5ngerskan som g\u00e4star VBB.\" src=\"data:image\/gif;base64,R0lGODlhAQABAIAAAAAAAP\/\/\/yH5BAEAAAAALAAAAAABAAEAAAIBRAA7\" decoding=\"async\" data-nimg=\"responsive\" class=\"\" style=\"position:absolute;top:0;left:0;bottom:0;right:0;box-sizing:border-box;padding:0;border:none;margin:auto;display:block;width:0;height:0;min-width:100%;max-width:100%;min-height:100%;max-height:100%\"\/><\/p>\n<p>Kati M\u00e4ki \u00e4r s\u00e5ngerskan som g\u00e4star VBB. Foto: Privat<\/p>\n<p class=\"break-words mb-4 mx-auto max-w-xl\">\u2013 Vi ville ha en solist som vi vet kan leverera julst\u00e4mning, och det kan hon verkligen. Vi har upptr\u00e4tt med henne tv\u00e5 g\u00e5nger tidigare men d\u00e5 var det i slutna s\u00e4llskap, s\u00e5 vi \u00e4r j\u00e4tteglada att f\u00f6rsta g\u00e5ngen offentligt ha med henne, s\u00e4ger Jens Karlsson och forts\u00e4tter:<\/p>\n<p class=\"break-words mb-4 mx-auto max-w-xl\">\u2013 Kati \u00e4r superskicklig, och jazz- och bluesv\u00e4nlig s\u00e5 att det r\u00e4cker f\u00f6r fler.<\/p>\n<p class=\"break-words mb-4 mx-auto max-w-xl\">En l\u00e5t som beskrivs ha \u201dstor risk\u201d att framf\u00f6ras \u00e4r Have yourself a merry little christmas. Men det utlovas \u00e4ven mer udda och inte lika k\u00e4nda arrangemang.<\/p>\n<p class=\"break-words mb-4 mx-auto max-w-xl\">\u2013 \u00c4ven f\u00f6r oss n\u00e5gra nya julpraliner, s\u00e4ger bandledaren. <\/p>\n","protected":false},"excerpt":{"rendered":"F\u00f6rsta december. F\u00f6rsta julkonserten. N\u00e4r Vadsbo big band bjuder p\u00e5 konsert med julst\u00e4mning prickar de in alla rutor.&hellip;\n","protected":false},"author":2,"featured_media":93611,"comment_status":"","ping_status":"","sticky":false,"template":"","format":"standard","meta":{"footnotes":""},"categories":[67],"tags":[104,34,31,33,32,30,105],"class_list":{"0":"post-93610","1":"post","2":"type-post","3":"status-publish","4":"format-standard","5":"has-post-thumbnail","7":"category-underhallning","8":"tag-entertainment","9":"tag-se","10":"tag-svenska","11":"tag-sverige","12":"tag-sweden","13":"tag-swedish","14":"tag-underhallning"},"share_on_mastodon":{"url":"https:\/\/pubeurope.com\/@se\/115639080922971881","error":""},"_links":{"self":[{"href":"https:\/\/www.europesays.com\/se\/wp-json\/wp\/v2\/posts\/93610","targetHints":{"allow":["GET"]}}],"collection":[{"href":"https:\/\/www.europesays.com\/se\/wp-json\/wp\/v2\/posts"}],"about":[{"href":"https:\/\/www.europesays.com\/se\/wp-json\/wp\/v2\/types\/post"}],"author":[{"embeddable":true,"href":"https:\/\/www.europesays.com\/se\/wp-json\/wp\/v2\/users\/2"}],"replies":[{"embeddable":true,"href":"https:\/\/www.europesays.com\/se\/wp-json\/wp\/v2\/comments?post=93610"}],"version-history":[{"count":0,"href":"https:\/\/www.europesays.com\/se\/wp-json\/wp\/v2\/posts\/93610\/revisions"}],"wp:featuredmedia":[{"embeddable":true,"href":"https:\/\/www.europesays.com\/se\/wp-json\/wp\/v2\/media\/93611"}],"wp:attachment":[{"href":"https:\/\/www.europesays.com\/se\/wp-json\/wp\/v2\/media?parent=93610"}],"wp:term":[{"taxonomy":"category","embeddable":true,"href":"https:\/\/www.europesays.com\/se\/wp-json\/wp\/v2\/categories?post=93610"},{"taxonomy":"post_tag","embeddable":true,"href":"https:\/\/www.europesays.com\/se\/wp-json\/wp\/v2\/tags?post=93610"}],"curies":[{"name":"wp","href":"https:\/\/api.w.org\/{rel}","templated":true}]}}