{"id":93615,"date":"2025-11-30T14:21:16","date_gmt":"2025-11-30T14:21:16","guid":{"rendered":"https:\/\/www.europesays.com\/se\/93615\/"},"modified":"2025-11-30T14:21:16","modified_gmt":"2025-11-30T14:21:16","slug":"uppdraget-gora-varden-till-en-vinnare-ljusnan","status":"publish","type":"post","link":"https:\/\/www.europesays.com\/se\/93615\/","title":{"rendered":"Uppdraget: G\u00f6ra v\u00e5rden till en vinnare &#8211; Ljusnan"},"content":{"rendered":"<ol>\n<li><a href=\"https:\/\/news.google.com\/rss\/articles\/CBMifEFVX3lxTE5veGMzZGFQR2s2Ynd3OUttOUNtSHRzeGNjN0FnR1lsVU8wM3ZtZDJRTm9XZ2pIYnh6a1k0MWpKVmE2dmZMejhodDZ5RVZOUWlnZWZPTGxfOUpNUFdhT0ktZzZmSFNDZkdRWGlTNTNMMGNpQVlQek1xQkhZcVE?oc=5\" target=\"_blank\" rel=\"nofollow noopener\">Uppdraget: G\u00f6ra v\u00e5rden till en vinnare<\/a>&nbsp;&nbsp;Ljusnan<\/li>\n<li><a href=\"https:\/\/news.google.com\/rss\/articles\/CBMiigFBVV95cUxOUnRydEtnLWpQbkNyTVhOZlpWeVd3NHprWjNqZjRtM2hHYzNzQW9PcENMTHJKdVdLOVBxV19HQXZGMzBGZ0ZhbTBYT1VpUEJhQmh5VTFvZE9RdE1HMExFdmp3dG8wS3liRlg3R3pBaVdsRENKV2psVGVzMnpELS04am9ld2FXTkRBSkE?oc=5\" target=\"_blank\" rel=\"nofollow noopener\">LEDARE: Sj\u00e4lvm\u00e5l av R\u00f6jd \u2013 ett tungt argument MOT bolagisering<\/a>&nbsp;&nbsp;Hudiksvalls Tidning<\/li>\n<li><a href=\"https:\/\/news.google.com\/rss\/articles\/CBMifEFVX3lxTFBvNk10NE44Ml9taWxKV0VoMVdUUkpnUW9vbXYxVHdCdzF3UUVuZzduTXVKaHdqOTJMV0lNT2lCdHFoMXBZcDdoYzI4bkxLWXdjd1FtU1E3QUlndmxyWDBDd1B5X3A0SUZQRTVxZTU5aEdkcVhDSkdqSkFzVDI?oc=5\" target=\"_blank\" rel=\"nofollow noopener\">DEBATT: Din h\u00e4lsocentral ger dig en trygghet n\u00e4ra dig<\/a>&nbsp;&nbsp;Gefle Dagblad<\/li>\n<li><a href=\"https:\/\/news.google.com\/rss\/articles\/CBMiqAFBVV95cUxQLUNEdXRBLVNUN3R5d3F5czQtYU9fSE9RcEJnWHlkRk52czhPMHoyOFN3Sl9tcEtnVkFIV29ldzgzdnd4ekp5OFRfeHl5Z2RsWjZ0YUZmWnk4bVZYMkx6WmVlS1ktNE95bWtlckVqT1BpTGxCZGc0MEI0MVNpeXRiSjgxTFE1b1VhOHJCeWZVVWd5U05DdnQyU05qOWxGRTk4eXcxNF9vUkc?oc=5\" target=\"_blank\" rel=\"nofollow noopener\">L\u00e4kare i G\u00e4vleborg: Situationen \u00e4r oh\u00e5llbar \u2013 kr\u00e4ver fler kollegor<\/a>&nbsp;&nbsp;Ljusdals-Posten<\/li>\n<li><a href=\"https:\/\/news.google.com\/rss\/articles\/CBMiowFBVV95cUxNcVljMUY4a2lTcDBLVmx5ODIwcFl0S1JoWDFZWTZFOGZONVNJNG5TaUUzalpkVWsxQ2ZsTXNjSFJ0R0JfTnYwUDhhTG8xakdTeXJpaFQ1MkhyRnVzU3JvSHNvOUhwUkdXWGpWM2pjbWRJRTNhVzB5SE56bkZOcUF2cG9kVkN0RGEtaGtCRHFMT3NTcTFYN3ctOG9DOHE4MUgtMlk0?oc=5\" target=\"_blank\" rel=\"nofollow noopener\">Utbildningen av l\u00e4kare gl\u00f6ms bort i G\u00e4vleborgs reformarbete<\/a>&nbsp;&nbsp;L\u00e4kartidningen<\/li>\n<\/ol>\n","protected":false},"excerpt":{"rendered":"Uppdraget: G\u00f6ra v\u00e5rden till en vinnare&nbsp;&nbsp;Ljusnan LEDARE: Sj\u00e4lvm\u00e5l av R\u00f6jd \u2013 ett tungt argument MOT bolagisering&nbsp;&nbsp;Hudiksvalls Tidning DEBATT:&hellip;\n","protected":false},"author":2,"featured_media":93616,"comment_status":"","ping_status":"","sticky":false,"template":"","format":"standard","meta":{"footnotes":""},"categories":[12],"tags":[22,23,26,27,17,21,24,25,28,29,15,16,18,34,31,33,32,30,19,20],"class_list":{"0":"post-93615","1":"post","2":"type-post","3":"status-publish","4":"format-standard","5":"has-post-thumbnail","7":"category-sverige","8":"tag-breaking-news","9":"tag-breakingnews","10":"tag-featured-news","11":"tag-featurednews","12":"tag-headlines","13":"tag-huvudnyheter","14":"tag-latest-news","15":"tag-latestnews","16":"tag-main-news","17":"tag-mainnews","18":"tag-news","19":"tag-nyheter","20":"tag-rubriker","21":"tag-se","22":"tag-svenska","23":"tag-sverige","24":"tag-sweden","25":"tag-swedish","26":"tag-top-stories","27":"tag-topstories"},"share_on_mastodon":{"url":"https:\/\/pubeurope.com\/@se\/115639096853400424","error":""},"_links":{"self":[{"href":"https:\/\/www.europesays.com\/se\/wp-json\/wp\/v2\/posts\/93615","targetHints":{"allow":["GET"]}}],"collection":[{"href":"https:\/\/www.europesays.com\/se\/wp-json\/wp\/v2\/posts"}],"about":[{"href":"https:\/\/www.europesays.com\/se\/wp-json\/wp\/v2\/types\/post"}],"author":[{"embeddable":true,"href":"https:\/\/www.europesays.com\/se\/wp-json\/wp\/v2\/users\/2"}],"replies":[{"embeddable":true,"href":"https:\/\/www.europesays.com\/se\/wp-json\/wp\/v2\/comments?post=93615"}],"version-history":[{"count":0,"href":"https:\/\/www.europesays.com\/se\/wp-json\/wp\/v2\/posts\/93615\/revisions"}],"wp:featuredmedia":[{"embeddable":true,"href":"https:\/\/www.europesays.com\/se\/wp-json\/wp\/v2\/media\/93616"}],"wp:attachment":[{"href":"https:\/\/www.europesays.com\/se\/wp-json\/wp\/v2\/media?parent=93615"}],"wp:term":[{"taxonomy":"category","embeddable":true,"href":"https:\/\/www.europesays.com\/se\/wp-json\/wp\/v2\/categories?post=93615"},{"taxonomy":"post_tag","embeddable":true,"href":"https:\/\/www.europesays.com\/se\/wp-json\/wp\/v2\/tags?post=93615"}],"curies":[{"name":"wp","href":"https:\/\/api.w.org\/{rel}","templated":true}]}}