{"id":93617,"date":"2025-11-30T14:22:14","date_gmt":"2025-11-30T14:22:14","guid":{"rendered":"https:\/\/www.europesays.com\/se\/93617\/"},"modified":"2025-11-30T14:22:14","modified_gmt":"2025-11-30T14:22:14","slug":"schweiz-har-rostat-om-skatt-for-de-rikaste","status":"publish","type":"post","link":"https:\/\/www.europesays.com\/se\/93617\/","title":{"rendered":"Schweiz har r\u00f6stat om skatt f\u00f6r de rikaste"},"content":{"rendered":"<p>Publicerad 30 nov 2025 kl 13.50<\/p>\n<p>Schweiz har folkomr\u00f6stat om arvsskatt f\u00f6r superrika.<\/p>\n<p>Enligt f\u00f6rslaget skulle pengarna g\u00e5 till projekt f\u00f6r att hindra klimatf\u00f6r\u00e4ndringarna \u2013 men folket satte ner foten.<\/p>\n<p><img   alt=\"\"\/><\/p>\n<p>Aff\u00e4rsmannen Peter Spuhler tycker att f\u00f6rslaget om den nya skatten \u00e4r en \u201dkatastrof\u201d.<\/p>\n<p>Foto: Ukrinform\/Shutterstock \/ TT NYHETSBYR\u00c5N<\/p>\n<p>\u00d6ppna bild i helsk\u00e4rm<img loading=\"lazy\"   alt=\"\"\/><\/p>\n<p>Regeringen i Schweiz \u00e4r emot f\u00f6rslaget.<\/p>\n<p>Foto: DimaBerlin \/ Shutterstock<\/p>\n<p>\u00d6ppna bild i helsk\u00e4rm<img loading=\"lazy\"   alt=\"\"\/><\/p>\n<p>Pengarna fr\u00e5n den nya skatten skulle g\u00e5 till att motarbeta klimatf\u00f6r\u00e4ndringarna.<\/p>\n<p>Foto: DAVID GOLDMAN \/ AP TT NYHETSBYR\u00c5N<\/p>\n<p>\u00d6ppna bild i helsk\u00e4rm<\/p>\n<p>Att ha mycket pengar \u00e4r ganska vanligt i <a href=\"https:\/\/www.expressen.se\/tagg\/location\/schweiz\/\" class=\"\" rel=\"nofollow noopener\" target=\"_blank\">Schweiz<\/a>. Likas\u00e5 folkomr\u00f6stningar \u2013 landet anv\u00e4nder sig en hel del av direktdemokrati.<\/p>\n<p>Nu har schweizarna g\u00e5tt till val i \u00e4nnu en folkomr\u00f6stning, som handlar om hur man ska beskatta de allra rikaste. F\u00f6rslaget som l\u00e5g p\u00e5 bordet handlade om att inf\u00f6ra en 50-procentig arvsskatt f\u00f6r personer som \u00e4ger mer \u00e4n 50 miljoner schweizerfranc, vilket motsvarar 587 miljoner kronor.\u00a0<\/p>\n<p>Det har lagts fram av det schweiziska v\u00e4nsterpartiet Young Socialists, rapporterar <a href=\"https:\/\/www.ft.com\/content\/f03fdcf8-d032-40ef-9ea1-ff32c182df8a\" rel=\"nofollow noopener\" target=\"_blank\">Financial Times<\/a>.<\/p>\n<p>Om skatten skulle r\u00f6stats igenom skulle statskassan f\u00e5 ett tillskott med tiotals miljarder kronor per \u00e5r. De pengarna skulle ha anv\u00e4nts f\u00f6r projekt f\u00f6r att hindra klimatf\u00f6r\u00e4ndringarna, enligt f\u00f6rslaget.<\/p>\n<p>Men nej-sidan vann. Inf\u00f6r omr\u00f6stningen hade flera f\u00f6rm\u00f6gna f\u00f6retagare hotat att l\u00e4mna landet. Regeringen i Schweiz var emot f\u00f6rslaget.\u00a0<\/p>\n<p>\u2013 Det vore en katastrof f\u00f6r Schweiz, sade Peter Spuhler, aff\u00e4rsman och en av Schweiz rikaste med en f\u00f6rm\u00f6genhet p\u00e5 4,6 miljarder dollar. Det motsvarar ungef\u00e4r 44 miljarder kronor.<\/p>\n<p>Schweiz \u00e4r allm\u00e4nt k\u00e4nt som ett land med l\u00e5gt skattetryck och bekv\u00e4m tillvaro f\u00f6r miljon\u00e4rer och miljard\u00e4rer. Om f\u00f6rslaget trots allt r\u00f6stas igenom kan det \u00e4ndras, varnar motst\u00e5ndarna.<\/p>\n","protected":false},"excerpt":{"rendered":"Publicerad 30 nov 2025 kl 13.50 Schweiz har folkomr\u00f6stat om arvsskatt f\u00f6r superrika. Enligt f\u00f6rslaget skulle pengarna g\u00e5&hellip;\n","protected":false},"author":2,"featured_media":93618,"comment_status":"","ping_status":"","sticky":false,"template":"","format":"standard","meta":{"footnotes":""},"categories":[5],"tags":[22,23,26,27,17,21,24,25,2553,28,29,15,16,18,34,55,31,33,32,30,19,225,1749,20],"class_list":{"0":"post-93617","1":"post","2":"type-post","3":"status-publish","4":"format-standard","5":"has-post-thumbnail","7":"category-rubriker","8":"tag-breaking-news","9":"tag-breakingnews","10":"tag-featured-news","11":"tag-featurednews","12":"tag-headlines","13":"tag-huvudnyheter","14":"tag-latest-news","15":"tag-latestnews","16":"tag-location-schweiz","17":"tag-main-news","18":"tag-mainnews","19":"tag-news","20":"tag-nyheter","21":"tag-rubriker","22":"tag-se","23":"tag-sections-varlden","24":"tag-svenska","25":"tag-sverige","26":"tag-sweden","27":"tag-swedish","28":"tag-top-stories","29":"tag-topic-klimat-miljo","30":"tag-topic-klimatforandring","31":"tag-topstories"},"share_on_mastodon":{"url":"https:\/\/pubeurope.com\/@se\/115639100628559214","error":""},"_links":{"self":[{"href":"https:\/\/www.europesays.com\/se\/wp-json\/wp\/v2\/posts\/93617","targetHints":{"allow":["GET"]}}],"collection":[{"href":"https:\/\/www.europesays.com\/se\/wp-json\/wp\/v2\/posts"}],"about":[{"href":"https:\/\/www.europesays.com\/se\/wp-json\/wp\/v2\/types\/post"}],"author":[{"embeddable":true,"href":"https:\/\/www.europesays.com\/se\/wp-json\/wp\/v2\/users\/2"}],"replies":[{"embeddable":true,"href":"https:\/\/www.europesays.com\/se\/wp-json\/wp\/v2\/comments?post=93617"}],"version-history":[{"count":0,"href":"https:\/\/www.europesays.com\/se\/wp-json\/wp\/v2\/posts\/93617\/revisions"}],"wp:featuredmedia":[{"embeddable":true,"href":"https:\/\/www.europesays.com\/se\/wp-json\/wp\/v2\/media\/93618"}],"wp:attachment":[{"href":"https:\/\/www.europesays.com\/se\/wp-json\/wp\/v2\/media?parent=93617"}],"wp:term":[{"taxonomy":"category","embeddable":true,"href":"https:\/\/www.europesays.com\/se\/wp-json\/wp\/v2\/categories?post=93617"},{"taxonomy":"post_tag","embeddable":true,"href":"https:\/\/www.europesays.com\/se\/wp-json\/wp\/v2\/tags?post=93617"}],"curies":[{"name":"wp","href":"https:\/\/api.w.org\/{rel}","templated":true}]}}