{"id":93621,"date":"2025-11-30T14:25:10","date_gmt":"2025-11-30T14:25:10","guid":{"rendered":"https:\/\/www.europesays.com\/se\/93621\/"},"modified":"2025-11-30T14:25:10","modified_gmt":"2025-11-30T14:25:10","slug":"hon-skrev-arets-basta-deckare","status":"publish","type":"post","link":"https:\/\/www.europesays.com\/se\/93621\/","title":{"rendered":"Hon skrev \u00e5rets b\u00e4sta deckare"},"content":{"rendered":"<p>share-arrowDela<\/p>\n<p>unsaveSpara<\/p>\n<p>expand-left<\/p>\n<p>helsk\u00e4rm<img decoding=\"async\" class=\"image-asset hyperion-css-u06ts1\" data-test-tag=\"image-asset\" src=\"https:\/\/www.europesays.com\/se\/wp-content\/uploads\/2025\/11\/99a154c0-c7ef-409d-8da7-7ffc49764da6\"  alt=\"Sara Str\u00f6mberg har skrivit \u00e5rets b\u00e4sta kriminalroman. Arkivbild.\"  loading=\"eager\" fetchpriority=\"high\" style=\"aspect-ratio:1900 \/ 1325\"\/>Sara Str\u00f6mberg har skrivit \u00e5rets b\u00e4sta kriminalroman. Arkivbild. Foto: Goran Strand, Pressbild.<\/p>\n<p class=\"hyperion-css-1shl3oz\" data-test-tag=\"lead-text\">Sara Str\u00f6mbergs \u201dSot\u201d har utsetts till \u00e5rets b\u00e4sta svenska kriminalroman av Svenska Deckarakademin.<\/p>\n<p class=\"hyperion-css-1v9qo5x\">\u201dMed sp\u00e4nstig och egen ton l\u00e5ter hon v\u00e4rlden m\u00f6ta landsbygden\u201d lyder motiveringen, skriver Deckarakademin i ett pressmeddelande.<\/p>\n<p class=\"hyperion-css-1v9qo5x\">Till \u00e5rets b\u00e4sta svenska debut uts\u00e5gs Johan Rundbergs \u201dDen som vaktar flocken\u201d med motiveringen \u201dStark skildring av en familj i s\u00f6nderfall d\u00e4r det ov\u00e4ntade hela tiden lurar bakom h\u00f6rnet\u201d.<\/p>\n<p class=\"hyperion-css-1v9qo5x\">Loka Karnarp och Martin Jern f\u00e5r priset Sp\u00e5rhunden f\u00f6r b\u00e4sta barn- och ungdomsdeckare. \u201dF\u00f6rsta fallet p\u00e5 Guldh\u00f6jden\u201d \u00e4r enligt Deckarakademin \u201dEn sp\u00e4nnande och rolig ber\u00e4ttelse om privatspanaren Noels f\u00f6rs\u00f6k att hitta uppdrag i huset d\u00e4r han bor.\u201d<\/p>\n<p class=\"hyperion-css-1v9qo5x\">B\u00e4sta till svenska \u00f6versatta kriminalroman blev Sebastian Barrys \u201dGamla synders skull\u201d.<\/p>\n","protected":false},"excerpt":{"rendered":"share-arrowDela unsaveSpara expand-left helsk\u00e4rmSara Str\u00f6mberg har skrivit \u00e5rets b\u00e4sta kriminalroman. Arkivbild. Foto: Goran Strand, Pressbild. Sara Str\u00f6mbergs \u201dSot\u201d&hellip;\n","protected":false},"author":2,"featured_media":93622,"comment_status":"","ping_status":"","sticky":false,"template":"","format":"standard","meta":{"footnotes":""},"categories":[67],"tags":[104,34,31,33,32,30,105],"class_list":{"0":"post-93621","1":"post","2":"type-post","3":"status-publish","4":"format-standard","5":"has-post-thumbnail","7":"category-underhallning","8":"tag-entertainment","9":"tag-se","10":"tag-svenska","11":"tag-sverige","12":"tag-sweden","13":"tag-swedish","14":"tag-underhallning"},"share_on_mastodon":{"url":"https:\/\/pubeurope.com\/@se\/115639112433975769","error":""},"_links":{"self":[{"href":"https:\/\/www.europesays.com\/se\/wp-json\/wp\/v2\/posts\/93621","targetHints":{"allow":["GET"]}}],"collection":[{"href":"https:\/\/www.europesays.com\/se\/wp-json\/wp\/v2\/posts"}],"about":[{"href":"https:\/\/www.europesays.com\/se\/wp-json\/wp\/v2\/types\/post"}],"author":[{"embeddable":true,"href":"https:\/\/www.europesays.com\/se\/wp-json\/wp\/v2\/users\/2"}],"replies":[{"embeddable":true,"href":"https:\/\/www.europesays.com\/se\/wp-json\/wp\/v2\/comments?post=93621"}],"version-history":[{"count":0,"href":"https:\/\/www.europesays.com\/se\/wp-json\/wp\/v2\/posts\/93621\/revisions"}],"wp:featuredmedia":[{"embeddable":true,"href":"https:\/\/www.europesays.com\/se\/wp-json\/wp\/v2\/media\/93622"}],"wp:attachment":[{"href":"https:\/\/www.europesays.com\/se\/wp-json\/wp\/v2\/media?parent=93621"}],"wp:term":[{"taxonomy":"category","embeddable":true,"href":"https:\/\/www.europesays.com\/se\/wp-json\/wp\/v2\/categories?post=93621"},{"taxonomy":"post_tag","embeddable":true,"href":"https:\/\/www.europesays.com\/se\/wp-json\/wp\/v2\/tags?post=93621"}],"curies":[{"name":"wp","href":"https:\/\/api.w.org\/{rel}","templated":true}]}}