{"id":93623,"date":"2025-11-30T14:27:19","date_gmt":"2025-11-30T14:27:19","guid":{"rendered":"https:\/\/www.europesays.com\/se\/93623\/"},"modified":"2025-11-30T14:27:19","modified_gmt":"2025-11-30T14:27:19","slug":"klarna-varnar-for-bedragare-som-utger-sig-komma-fran-dem","status":"publish","type":"post","link":"https:\/\/www.europesays.com\/se\/93623\/","title":{"rendered":"Klarna varnar f\u00f6r bedragare som utger sig komma fr\u00e5n dem"},"content":{"rendered":"<p>Betaltj\u00e4nsten Klarna har under Black Friday g\u00e5tt ut med en varning till sina kunder om att vara uppm\u00e4rksamma p\u00e5 bedr\u00e4gerif\u00f6rs\u00f6k. Betalbolaget varnar f\u00f6r falska e-postmeddelanden, s\u2026<\/p>\n<p>Omni \u00e4r politiskt obundna och oberoende. Vi str\u00e4var efter att ge fler perspektiv p\u00e5 nyheterna. Har du fr\u00e5gor eller synpunkter kring v\u00e5r rapportering? <a href=\"https:\/\/omniekonomi.se\/klarna-varnar-for-bedragare-som-utger-sig-komma-fran-dem\/a\/mailto:eko@omni.se\" class=\"ArticleActions_contactLink__W2F1M\" rel=\"nofollow noopener\" target=\"_blank\">Kontakta redaktionen<\/a><\/p>\n","protected":false},"excerpt":{"rendered":"Betaltj\u00e4nsten Klarna har under Black Friday g\u00e5tt ut med en varning till sina kunder om att vara uppm\u00e4rksamma&hellip;\n","protected":false},"author":2,"featured_media":92376,"comment_status":"","ping_status":"","sticky":false,"template":"","format":"standard","meta":{"footnotes":""},"categories":[65],"tags":[72,70,71,951,90,34,31,33,32,30],"class_list":{"0":"post-93623","1":"post","2":"type-post","3":"status-publish","4":"format-standard","5":"has-post-thumbnail","7":"category-ekonomi","8":"tag-business","9":"tag-economy","10":"tag-ekonomi","11":"tag-handel-tjanster","12":"tag-klarna","13":"tag-se","14":"tag-svenska","15":"tag-sverige","16":"tag-sweden","17":"tag-swedish"},"share_on_mastodon":{"url":"https:\/\/pubeurope.com\/@se\/115639120271407967","error":""},"_links":{"self":[{"href":"https:\/\/www.europesays.com\/se\/wp-json\/wp\/v2\/posts\/93623","targetHints":{"allow":["GET"]}}],"collection":[{"href":"https:\/\/www.europesays.com\/se\/wp-json\/wp\/v2\/posts"}],"about":[{"href":"https:\/\/www.europesays.com\/se\/wp-json\/wp\/v2\/types\/post"}],"author":[{"embeddable":true,"href":"https:\/\/www.europesays.com\/se\/wp-json\/wp\/v2\/users\/2"}],"replies":[{"embeddable":true,"href":"https:\/\/www.europesays.com\/se\/wp-json\/wp\/v2\/comments?post=93623"}],"version-history":[{"count":0,"href":"https:\/\/www.europesays.com\/se\/wp-json\/wp\/v2\/posts\/93623\/revisions"}],"wp:featuredmedia":[{"embeddable":true,"href":"https:\/\/www.europesays.com\/se\/wp-json\/wp\/v2\/media\/92376"}],"wp:attachment":[{"href":"https:\/\/www.europesays.com\/se\/wp-json\/wp\/v2\/media?parent=93623"}],"wp:term":[{"taxonomy":"category","embeddable":true,"href":"https:\/\/www.europesays.com\/se\/wp-json\/wp\/v2\/categories?post=93623"},{"taxonomy":"post_tag","embeddable":true,"href":"https:\/\/www.europesays.com\/se\/wp-json\/wp\/v2\/tags?post=93623"}],"curies":[{"name":"wp","href":"https:\/\/api.w.org\/{rel}","templated":true}]}}