{"id":93626,"date":"2025-11-30T14:32:09","date_gmt":"2025-11-30T14:32:09","guid":{"rendered":"https:\/\/www.europesays.com\/se\/93626\/"},"modified":"2025-11-30T14:32:09","modified_gmt":"2025-11-30T14:32:09","slug":"skidskytte-svenska-succen-sebastian-samuelsson-och-ella-halvarsson-vann","status":"publish","type":"post","link":"https:\/\/www.europesays.com\/se\/93626\/","title":{"rendered":"Skidskytte: Svenska succ\u00e9n: Sebastian Samuelsson och Ella Halvarsson vann"},"content":{"rendered":"<p>Sverige inledde starkt i singlemixedstafetten med Sebastian Samuelsson som tog t\u00e4ten direkt. <\/p>\n<p>N\u00e4r han sedan v\u00e4xlade vidare till Ella Halvarsson gick hon ut med en ledning p\u00e5 6,8 sekunder. <\/p>\n<p>Ella Halvarsson sk\u00f6t d\u00e4refter fullt i det liggande skyttet och lyckades f\u00f6rdubbla sin ledning innan det st\u00e5ende skyttet. Sedan fortsatte den svenska succ\u00e9n. <\/p>\n<p>\u201dM\u00e4sterklass\u201d <\/p>\n<p>Sebastian Samuelsson sk\u00f6t fullt loppet igenom. <\/p>\n<p>\u2013 Vi pratade om att de h\u00e4r singlemixedstafetterna brukar vara v\u00e4ldigt hetsiga och att f\u00e5 skjuta fullt i en s\u00e5n, s\u00e4tter jag upp p\u00e5 sj\u00e4lvf\u00f6rtroendekontot, s\u00e4ger han till SVT Sport.<\/p>\n<p>N\u00e4r det senare var dags f\u00f6r sista varvet tog sig Ella Halvarsson ut i ledning, 25 sekunder ner till Norge, inf\u00f6r det sista skyttet. <\/p>\n<p>\u2013 Hon g\u00f6r det superbra. Det \u00e4r inte l\u00e4tt. Hon har en s\u00e5n ledning som man inte f\u00e5r f\u00f6rlora men som \u00e4nd\u00e5 \u00e4r v\u00e4ldigt l\u00e4tt att f\u00e5 sekunderna att rinna iv\u00e4g, s\u00e5 hon hanterar det p\u00e5 ett j\u00e4ttebra s\u00e4tt, s\u00e4ger Samuelsson.<\/p>\n<p>Trots tv\u00e5 bom i det sista skyttet tog Halvarsson sig ut i ledning och in i m\u00e5l som klar segrare. <\/p>\n<p>\u2013 Wow, det h\u00e4r var m\u00e4starklass, s\u00e4ger SVT:s expert Mona Brorsson. <\/p>\n<p>\u2013 Hon \u00e5ker med s\u00e5 mycket sj\u00e4lvf\u00f6rtroende och hon utstr\u00e5lar verkligen erfarenhet \u00e4ven om hon \u00e4r s\u00e5 pass ny. <\/p>\n<p>\u201dS\u00e5 perfekt det kunde bli\u201d<\/p>\n<p>Ella Halvarsson slog igenom i fjol efter att ha tagit VM-silver. <\/p>\n<p>\u2013 Jag \u00e4r s\u00e5 j\u00e4vla glad, det h\u00e4r var verkligen s\u00e5 perfekt det kunde bli, s\u00e4ger hon efter s\u00f6ndagens seger. <\/p>\n<p>26-\u00e5ringen ber\u00e4ttar att hon blev inspirerad av lagkamratens lugn.<\/p>\n<p> \u2013 Vid f\u00f6rsta v\u00e4xlingen n\u00e4r Sebastian skjutsade iv\u00e4g mig, d\u00e5 sade han \u201dha kul\u201d. Det tog jag verkligen med mig \u2013 och det hade jag i dag. Det \u00e4r som en dr\u00f6m. Jag fick ett perfekt sistavarv.<\/p>\n<p>Norge kom tv\u00e5a i stafetten, 19,1 sekunder bakom Sverige, och Frankrike blev trea efter en kamp mot Tyskland p\u00e5 upploppet. <\/p>\n","protected":false},"excerpt":{"rendered":"Sverige inledde starkt i singlemixedstafetten med Sebastian Samuelsson som tog t\u00e4ten direkt. N\u00e4r han sedan v\u00e4xlade vidare till&hellip;\n","protected":false},"author":2,"featured_media":93627,"comment_status":"","ping_status":"","sticky":false,"template":"","format":"standard","meta":{"footnotes":""},"categories":[68],"tags":[34,111,110,31,33,32,30],"class_list":{"0":"post-93626","1":"post","2":"type-post","3":"status-publish","4":"format-standard","5":"has-post-thumbnail","7":"category-sport","8":"tag-se","9":"tag-sport","10":"tag-sports","11":"tag-svenska","12":"tag-sverige","13":"tag-sweden","14":"tag-swedish"},"share_on_mastodon":{"url":"https:\/\/pubeurope.com\/@se\/115639140007915251","error":""},"_links":{"self":[{"href":"https:\/\/www.europesays.com\/se\/wp-json\/wp\/v2\/posts\/93626","targetHints":{"allow":["GET"]}}],"collection":[{"href":"https:\/\/www.europesays.com\/se\/wp-json\/wp\/v2\/posts"}],"about":[{"href":"https:\/\/www.europesays.com\/se\/wp-json\/wp\/v2\/types\/post"}],"author":[{"embeddable":true,"href":"https:\/\/www.europesays.com\/se\/wp-json\/wp\/v2\/users\/2"}],"replies":[{"embeddable":true,"href":"https:\/\/www.europesays.com\/se\/wp-json\/wp\/v2\/comments?post=93626"}],"version-history":[{"count":0,"href":"https:\/\/www.europesays.com\/se\/wp-json\/wp\/v2\/posts\/93626\/revisions"}],"wp:featuredmedia":[{"embeddable":true,"href":"https:\/\/www.europesays.com\/se\/wp-json\/wp\/v2\/media\/93627"}],"wp:attachment":[{"href":"https:\/\/www.europesays.com\/se\/wp-json\/wp\/v2\/media?parent=93626"}],"wp:term":[{"taxonomy":"category","embeddable":true,"href":"https:\/\/www.europesays.com\/se\/wp-json\/wp\/v2\/categories?post=93626"},{"taxonomy":"post_tag","embeddable":true,"href":"https:\/\/www.europesays.com\/se\/wp-json\/wp\/v2\/tags?post=93626"}],"curies":[{"name":"wp","href":"https:\/\/api.w.org\/{rel}","templated":true}]}}