{"id":93640,"date":"2025-11-30T14:49:26","date_gmt":"2025-11-30T14:49:26","guid":{"rendered":"https:\/\/www.europesays.com\/se\/93640\/"},"modified":"2025-11-30T14:49:26","modified_gmt":"2025-11-30T14:49:26","slug":"sammanfattade-eurovision-nyheter-november-2025-esc-panelen","status":"publish","type":"post","link":"https:\/\/www.europesays.com\/se\/93640\/","title":{"rendered":"Sammanfattade Eurovision-nyheter, november 2025 &#8211; ESC-Panelen"},"content":{"rendered":"<p style=\"text-align: center;\"><img fetchpriority=\"high\" decoding=\"async\" class=\"alignnone wp-image-157262\" src=\"https:\/\/www.europesays.com\/se\/wp-content\/uploads\/2025\/11\/header-11-november.jpg\" alt=\"\" width=\"720\" height=\"378\"  \/><\/p>\n<p style=\"text-align: left;\"><strong>NYHETSSAMMANFATTNING.<\/strong> H\u00e4r kommer sammanfattningar av nyhetsl\u00e4get i Eurovision-bubblan som det s\u00e5g ut i november 2025.<\/p>\n<p>\u00a0<\/p>\n<p>Eurovision 2026<\/p>\n<p style=\"text-align: center;\"><img loading=\"lazy\" decoding=\"async\" class=\"alignnone wp-image-158287\" src=\"https:\/\/www.europesays.com\/se\/wp-content\/uploads\/2025\/11\/header-esc-2026.jpg\" alt=\"\" width=\"720\" height=\"378\"  \/><\/p>\n<p>Arbetet med den kommande Eurovision-upplagan anno 2026 \u00e4r i full g\u00e5ng och detta \u00e4r vad vi hittills vet om produktionen.<\/p>\n<p>\u00a0<\/p>\n<p>V\u00e4rdland, v\u00e4rdstad och v\u00e4rdarena<\/p>\n<p>Sedan \u00d6sterrike tog hem sin tredje Eurovision-vinst i v\u00e5ras med JJ:s\u00a0\u201dWasted Love\u201d\u00a0har det varit k\u00e4nt att landet ocks\u00e5 kommer att st\u00e5 v\u00e4rd anno 2026. Under sommarm\u00e5naderna p\u00e5gick en ans\u00f6kningsprocess i att f\u00e5 fram en v\u00e4rdstad f\u00f6r evenemanget. M\u00e5nga \u00f6sterrikiska st\u00e4der visade fr\u00e5n b\u00f6rjan intresse men n\u00e4r det v\u00e4l kom till kritan stod klart <a href=\"https:\/\/www.escpanelen.se\/2025\/07\/staderna-som-vill-bli-vardstad-till-eurovision-2026\/\" rel=\"nofollow noopener\" target=\"_blank\">att det bara var tv\u00e5 st\u00e4der som ans\u00f6kt<\/a>: Wien och Innsbruck. En ny process tog vid och i slutet av sommaren blev\u00a0det klart att det blir \u00d6sterrikes huvudstad <strong>Wien<\/strong> <a href=\"https:\/\/eurovision.tv\/story\/eurovision-2026-vienna-host-city-70th\" target=\"_blank\" rel=\"noopener nofollow\">som kommer att f\u00e5 st\u00e5 v\u00e4rd f\u00f6r Eurovision Song Contest 2026<\/a>, p\u00e5 samma s\u00e4tt som staden hade v\u00e4rdskapet 1967 och 2015.<\/p>\n<p>I samband med att v\u00e4rdstaden blev presenterad kunde TV-bolaget ORF, som arrangerar 2026, ber\u00e4tta att t\u00e4vlingen kommer att g\u00e5 av stapeln i arenan <strong>Wiener Stadthalle<\/strong> med tv\u00e5 semifinaler den 12:e och 14:e maj samt final den 16:e maj. Beskedet inneb\u00e4r att det blir den f\u00f6rsta Eurovisionen sedan 2018 som \u00e4ger rum i v\u00e4rdlandets huvudstad.<\/p>\n<p>\u00a0<\/p>\n<p>Mer om Wiens arrangemangsplaner<\/p>\n<p>Huvudstaden Wien har valt att ha sloganen \u2019Europa, ska vi dansa?\u2019 i sin ans\u00f6kan. Man uppger att man har n\u00e4stan 82000 b\u00e4ddar och har sedan tidigare haft m\u00e5nga st\u00f6rre evenemang som man kan hantera p\u00e5 ett bra s\u00e4tt, inte minst Eurovision tv\u00e5 g\u00e5nger tidigare (\u00e4ven om t\u00e4vlingen 1967 inte var lika omfattande som den var 2015). Sedan man hade Eurovisionv\u00e4rdskapet senast har man byggt drygt en fj\u00e4rdedel fler hotellrum. En annan f\u00f6rdel \u00e4r att Wien kan n\u00e5s med direktflyg fr\u00e5n m\u00e5nga olika st\u00e4der runt om i v\u00e4rlden.<\/p>\n<p>\u00a0<\/p>\n<p>Personer i bakgrunden<\/p>\n<p>Sedan tidigare i sommar har ORF presenterat vilka personer <a href=\"https:\/\/eurovision.tv\/story\/orf-reveals-core-team-eurovision-2026\" target=\"_blank\" rel=\"noopener nofollow\">som sitter med i ledningsgruppen<\/a> f\u00f6r \u00d6sterrikes arrangemang 2026. Listan har efter den f\u00f6rsta publiceringen <a href=\"https:\/\/www.ots.at\/presseaussendung\/OTS_20250724_OTS0055\/eurovision-song-contest-2026-orf-core-team-komplett\" target=\"_blank\" rel=\"noopener nofollow\">uppdaterats med fler namn<\/a>. EBU har ocks\u00e5 uppdaterat listan f\u00f6r vilka som sitter med i Eurovision Song Contests referensgrupp den h\u00e4r s\u00e4songen. Det spanska TV-bolaget RTVE:s <strong>Ana Maria Bordas<\/strong> <a href=\"https:\/\/eurovoix.com\/2025\/06\/17\/ana-maria-bordas-head-of-the-eurovision-song-contest-reference-group\/\" target=\"_blank\" rel=\"noopener nofollow\">har sedan tidigare tagit \u00f6ver rollen som gruppens ordf\u00f6rande<\/a> men \u00e4ven ytterligare n\u00e5gra personer har valts in, d\u00e4ribland <strong>Tomislav \u0160tengl<\/strong> (fr\u00e5n kroatiska TV-bolaget HRT) och <strong>David Tserunyan<\/strong> (fr\u00e5n det armeniska TV-bolaget AMPTV). Under h\u00f6sten har det \u00e4ven tillkommit en EBU-profil som heter <a href=\"https:\/\/eurovoix.com\/2025\/10\/01\/gert-kark-joins-the-eurovision-song-contest-reference-group\/\" target=\"_blank\" rel=\"noopener nofollow\"><strong>Gert Kark<\/strong><\/a> som har yrkestiteln The Executive Producer. Det finns s\u00e5ledes ingen ny Executive Supervisor eftersom den rollen st\u00e5r vakant efter det att <strong>Martin \u00d6sterdahl<\/strong>, som tidigare innehade posten, <a href=\"https:\/\/www.escpanelen.se\/2025\/06\/martin-osterdahl-slutar-som-eurovisions-executive-supervisor\/\" target=\"_blank\" rel=\"noopener nofollow\">i somras meddelade att han valt att sluta uppdraget<\/a> efter fem \u00e5r p\u00e5 posten. Tills vidare st\u00e5r ESC-chefen <strong>Martin Green<\/strong> som tillf\u00e4llig i rollen.<\/p>\n<p>Andra personer inom referensgruppen \u00e4r\u00a0Eurovisions aktuella exekutiva producent, i det h\u00e4r fallet TV-bolaget ORF:s <strong>Michael Kr\u00f6n<\/strong> samt de tv\u00e5 senaste (<strong>Ebba Adielsson\u00a0<\/strong>fr\u00e5n TV-bolaget SVT i Sverige, som hade sin roll i ESC 2024, och <strong>Moritz Stadler<\/strong> fr\u00e5n TV-bolaget SRG SSR i Schweiz, som hade sin roll i ESC 2025) i samma roll. Dessutom har gruppen \u00e4ven tre personer som EBU:s medlemsbolag har r\u00f6stat in, i det h\u00e4r fallet \u00e4r det <strong>Carla Bugalho<\/strong> (fr\u00e5n portugisiska TV-bolaget RTP), <strong>Molly Plank<\/strong> (fr\u00e5n TV-bolaget DR i Danmark) och <strong>Claudia Van Der Pas\u00a0<\/strong>(fr\u00e5n TV-bolaget AVROTROS i Nederl\u00e4nderna).<\/p>\n<p>\u00a0<\/p>\n<p>Regelf\u00f6r\u00e4ndringar<\/p>\n<p>I november kom besked om <a href=\"https:\/\/www.eurovision.com\/stories\/voting-overhaul-announced-eurovision-2026\/\" target=\"_blank\" rel=\"noopener nofollow\">en rad regelf\u00f6r\u00e4ndringar som meddelats inf\u00f6r n\u00e4sta \u00e5rs t\u00e4vling<\/a> som har godk\u00e4nts av s\u00e5v\u00e4l Eurovisionens chefer som referensgrupp. Den f\u00f6rsta f\u00f6r\u00e4ndringen \u00e4r att t\u00e4vlingen \u00e5terinf\u00f6r jurygrupper i semifinalerna \u2013 n\u00e5got som senast anv\u00e4ndes i Turin 2022 (och alla \u00e5r d\u00e4r innan, \u00e5tminstone sedan 2010 (det fanns jurygrupper med \u00e4ven 2008 och 2009 men de fick d\u00e5 bara best\u00e4mma en finalist per semifinal)). Man ut\u00f6kar ocks\u00e5 varje lands jury fr\u00e5n fem till sju personer samt inf\u00f6r krav p\u00e5 att minst tv\u00e5 jurypersoner per land m\u00e5ste vara i \u00e5ldrarna 18 till 25 \u00e5r.<\/p>\n<p>En annan regelf\u00f6r\u00e4ndring \u00e4r att EBU nu f\u00f6rbjuder viss typ av marknadsf\u00f6ring inf\u00f6r t\u00e4vlingen. Tidigare har artisterna sj\u00e4lva kunnat medverka i s.k. r\u00f6stningskampanjer men det f\u00e5r de inte l\u00e4ngre g\u00f6ra. EBU:s r\u00f6stningspartner Once (tidigare Digame) kommer ocks\u00e5 att arbeta f\u00f6r att s\u00e4kerst\u00e4lla att r\u00f6stningen genomf\u00f6rs p\u00e5 ett s\u00e4kert och oberoende s\u00e4tt s\u00e5 att det blir en r\u00e4ttvis t\u00e4vling. De kan bland annat uppt\u00e4cka avvikelser i r\u00f6stningen och stoppa dessa r\u00f6ster.<\/p>\n<p>Ytterligare en f\u00f6r\u00e4ndring \u00e4r att antalet r\u00f6ster man som tittare kommer att kunna l\u00e4gga per s\u00e4ndning minskas fr\u00e5n tjugo till tio per enhet. Det \u00e4r dock inte fastst\u00e4llt om man \u00e4ven forts\u00e4ttningsvis kan r\u00f6sta fr\u00e5n flera enheter fr\u00e5n samma ip-adress.<\/p>\n<p>Annat som ocks\u00e5 uppm\u00e4rksammats som f\u00f6r\u00e4ndringar \u00e4r att <a href=\"https:\/\/eurovision.tv\/story\/eurovision-song-contest-new-look\" target=\"_blank\" rel=\"noopener nofollow\">Eurovisions grundlogotyp har uppdaterats<\/a> likv\u00e4l att den tidigare hemsidan Eurovision.tv fr\u00e5n och med slutet av november har bytt dom\u00e4n till <a href=\"https:\/\/www.eurovision.com\/\" target=\"_blank\" rel=\"noopener nofollow\"><strong>Eurovision.com<\/strong><\/a> (den tidigare sidan kommer att st\u00e4ngas ned fr\u00e5n och med december)<\/p>\n<p>\u00a0<\/p>\n<p>Annat som blivit aktualiserat p\u00e5 sistoneSemifinallottning i januari<\/p>\n<p>Redan den 12:e januari kommer, enligt <a href=\"https:\/\/esctoday.com\/202069\/eurovision-2026-semi-final-allocation-draw-date-set\/\" target=\"_blank\" rel=\"noopener nofollow\"><strong>ESCToday.com<\/strong><\/a>, TV-bolaget ORF i \u00d6sterrike att h\u00e5lla i semifinallottningen till Eurovision 2026. Under den tillst\u00e4llningen kommer de l\u00e4nder som ska t\u00e4vla i n\u00e4sta \u00e5rs upplaga att f\u00f6rdelas ut i de tv\u00e5 semifinalernas starthalvor som blir en f\u00f6rsmak av hur t\u00e4vlingen kommer att bli senare i v\u00e5r. Man lottar in semifinalisterna i de tv\u00e5 startf\u00e4lten och de direktkvalificerade som extrar\u00f6stande l\u00e4nder i varje s\u00e4ndning.<\/p>\n<p>\u00a0<\/p>\n<p>Biljettsl\u00e4pp dagen efter semifinallottningen<\/p>\n<p>Dagen d\u00e4rp\u00e5, den 13:e januari, startar biljettf\u00f6rs\u00e4ljningen och f\u00f6r att f\u00e5 k\u00f6pa biljetter m\u00e5ste du ha registrerat konton \u2013 f\u00f6rst p\u00e5 <a href=\"https:\/\/www.eurovision.com\/account\/register\/?next=\/tickets\/register\/edition\/vienna-2026\/\" target=\"_blank\" rel=\"noopener nofollow\"><strong>Eurovision.com<\/strong><\/a> och d\u00e4refter p\u00e5 <a href=\"https:\/\/www.oeticket.com\/campaign\/en\/eurovision-song-contest-faq\" target=\"_blank\" rel=\"noopener nofollow\"><strong>Oeticket.com<\/strong><\/a>. Det \u00e4r v\u00e4ldigt viktigt att du registrerar samma e-postadress p\u00e5 b\u00e4gge kontona f\u00f6r annars finns risken att du inte f\u00e5r n\u00e5got mejl n\u00e4r du f\u00e5r l\u00e4nken till vart biljettsl\u00e4ppet sker. Noteras b\u00f6r att registreringen \u00e4r obligatorisk f\u00f6r att kunna k\u00f6pa biljetter men den garanterar heller inte att du f\u00e5r n\u00e5gra biljetter!<\/p>\n<p>Likt tidigare \u00e5r \u00e4r det planerat f\u00f6r genrep inf\u00f6r varje semifinal och finalen, s\u00e5 om du inte f\u00e5r biljetter till n\u00e5gon av direkts\u00e4ndningarna finns det alltid m\u00f6jlighet att f\u00e5 biljetter till genrepen.<\/p>\n<p>\u00a0<\/p>\n<p>\u00a0<\/p>\n<p>Melodifestivalen 2026<\/p>\n<p style=\"text-align: center;\"><img loading=\"lazy\" decoding=\"async\" class=\"alignnone wp-image-158027\" src=\"https:\/\/www.europesays.com\/se\/wp-content\/uploads\/2025\/11\/swe-esc-selection-2026.jpg\" alt=\"\" width=\"720\" height=\"378\"  \/><\/p>\n<p>Det blir \u00e4ven 2026 en Melodifestival i Sverige som utser landets representant till Eurovision Song Contest. Likt f\u00f6reg\u00e5ende upplaga valde SVT att presentera s\u00e5v\u00e4l <a href=\"https:\/\/www.melfe.st\/pdf\/T%C3%A4vlingsregler_Melodifestivalen_2026.pdf\" target=\"_blank\" rel=\"noopener nofollow\"><strong>t\u00e4vlingsreglerna<\/strong><\/a> som information om antagningen efter sommarsemestrarna. Sj\u00e4lva antagningen <a href=\"https:\/\/www.escpanelen.se\/2025\/08\/antagningen-till-till-melodifestivalen-2026-startad\/\" rel=\"nofollow noopener\" target=\"_blank\">\u00f6ppnades den 18:e augusti<\/a> och avslutades vid lunchtid den 12:e september. D\u00e5 hade inte mindre \u00e4n 3888 bidrag skickats in, vilket b\u00e5de \u00e4r en \u00f6kning fr\u00e5n f\u00f6reg\u00e5ende \u00e5r och nytt rekord \u2013 i alla fall r\u00e4knat sedan mitten av 1990-talet (d\u00e5 SVT b\u00f6rjade offentligg\u00f6ra mer precist hur m\u00e5nga l\u00e5tar varje upplaga har f\u00e5tt in).<\/p>\n<p>SVT har \u00e4nnu inte meddelat vem eller vilka som blir programledare f\u00f6r n\u00e4sta \u00e5rs svenska ESC-uttagning, \u00e4ven om det har spekulerats om namn i bland annat tidningen <a href=\"https:\/\/www.aftonbladet.se\/nojesbladet\/a\/jQoK5o\/melodifestivalen-2026-programledare-gina-dirawi-hampus-nessvold\" target=\"_blank\" rel=\"noopener nofollow\"><strong>Aftonbladet<\/strong><\/a>. Det spekuleras \u00e4ven i medierna om vilka artister som ska t\u00e4vla, vi har valt att inte skriva n\u00e5got om detta f\u00f6rr\u00e4n vi vet exakt vilka artister som f\u00f6rv\u00e4ntas delta och i vilka st\u00e4der de ska upptr\u00e4da. Vi kommer att f\u00e5 facit p\u00e5 startf\u00e4ltet den 2:a december.<\/p>\n<p>\u00a0<\/p>\n<p>Turn\u00e9planen<\/p>\n<p>Precis som de tv\u00e5 senaste \u00e5ren blir det \u00e4ven denna g\u00e5ng totalt fem delt\u00e4vlingar, ett finalkval och final som korar Sveriges ESC-representant. Under september <a href=\"https:\/\/www.svt.se\/kultur\/hit-aker-melodifestivalen-2026-hela-listan\" target=\"_blank\" rel=\"noopener nofollow\">meddelade SVT<\/a> att st\u00e4derna som kommer att f\u00e5 bes\u00f6k den h\u00e4r g\u00e5ngen \u00e4r i tur och ordning\u00a0<strong>Link\u00f6ping <\/strong>(31:a januari),\u00a0<strong>G\u00f6teborg <\/strong>(7:e februari), <strong>Kristianstad <\/strong>(14:e februari), <strong>Malm\u00f6 <\/strong>(21:a februari) och <strong>Sundsvall <\/strong>(28:e februari) innan finalen n\u00e5r <strong>Stockholm<\/strong> och Strawberry Arena den 7:e mars. Biljetter till samtliga stopps genrep och direkts\u00e4ndningar finns att k\u00f6pa via <a href=\"https:\/\/www.ticketmaster.se\/artist\/melodifestivalen-biljetter\/909837\" target=\"_blank\" rel=\"noopener nofollow\"><strong>Ticketmaster<\/strong><\/a>.<\/p>\n<p>\u00a0<\/p>\n<p>F\u00f6r\u00e4ndringar i urvalsprocessen<\/p>\n<p>Vi har f\u00e5tt bekr\u00e4ftat fr\u00e5n SVT att uppl\u00e4gget s\u00e5som det varit de tv\u00e5 senaste \u00e5ren kommer att best\u00e5. Det inneb\u00e4r att 30 bidrag kommer att t\u00e4vla f\u00f6rdelat p\u00e5 fem delt\u00e4vlingar om 6 t\u00e4vlande per program. I dessa f\u00e5r tittarna r\u00f6sta vidare n\u00e5gra bidrag direkt till finalen medan andra beh\u00f6ver ta omv\u00e4gen via Finalkvalet som avg\u00f6rs i samband med den femte delt\u00e4vlingen. I finalen koras sedan vinnaren tillika Sveriges representant i Eurovision Song Contest 2026.<\/p>\n<p>N\u00e5gra f\u00f6r\u00e4ndringar har dock skett och det \u00e4r g\u00e4llande <a href=\"https:\/\/www.expressen.se\/noje\/sa-andras-melodifestivalen\/\" target=\"_blank\" rel=\"noopener nofollow\">processen hur startf\u00e4ltet ska utses<\/a>.\u00a0M\u00e5nga g\u00e5nger f\u00f6rut har SVT haft med sig en urvalsjury till st\u00f6d som f\u00e5tt v\u00e4lja hela eller delar av startf\u00e4ltet, men den h\u00e4r g\u00e5ngen har juryn ingen makt alls i det syftet. De kommer dock att f\u00e5 lyssna och bed\u00f6ma inskickade l\u00e5tar och sedan ge sin rekommendation om vilka l\u00e5tar de anser borde t\u00e4vla. Men hela makten att best\u00e4mma har g\u00e5tt till en SVT-kvartett best\u00e5ende av t\u00e4vlingsproducenterna <strong>Karin Gunnarsson<\/strong> och <strong>Viktor Berglund<\/strong> (\u00e4ven r\u00f6stningsansvarig) samt producenterna <strong>Lotta Fureb\u00e4ck<\/strong> och <strong>Daniel<\/strong> <strong>Edvardsson<\/strong>.<\/p>\n<p>\u00a0<\/p>\n<p>\u00a0<\/p>\n<p>\u00d6vriga nationella uttagningar<\/p>\n<p style=\"text-align: center;\"><img loading=\"lazy\" decoding=\"async\" class=\"alignnone wp-image-158419\" src=\"https:\/\/www.europesays.com\/se\/wp-content\/uploads\/2025\/11\/header-nationella-2026.jpg\" alt=\"\" width=\"720\" height=\"378\"  \/><\/p>\n<p>Hur ser planerna ut f\u00f6r l\u00e4nderna som har bekr\u00e4ftat deltagande? N\u00e5gra har precis som SVT b\u00f6rjat planera inf\u00f6r vilken slags uttagning de t\u00e4nker anordna n\u00e4sta \u00e5r. Det h\u00e4r \u00e4r vad vi vet just nu om dessa planer.<\/p>\n<p>\u00a0<\/p>\n<tr>\n<td bgcolor=\"#F7E2F7\" width=\"0.5%\"\/>\n<td width=\"2%\"\/>\n<td width=\"97%\"><img loading=\"lazy\" decoding=\"async\" class=\"alignnone size-full wp-image-44608\" src=\"https:\/\/www.europesays.com\/se\/wp-content\/uploads\/2025\/11\/cyprus_small.png\" alt=\"\" width=\"37\" height=\"26\"\/>Cypern<\/p>\n<p>Nu i november stod det klart att den 36-\u00e5rige brittisk-grekcypriotiska s\u00e5ngerskan <a href=\"https:\/\/www.instagram.com\/p\/DQtwZojDR8j\/?igsh=N3FwYmcxY2o3NmZp\" target=\"_blank\" rel=\"noopener nofollow\"><strong>Antigoni<\/strong><\/a>, vars fullst\u00e4ndiga namn \u00e4r <strong>Antigoni Buxton<\/strong>, kommer att representera Cypern i Eurovision 2026. Hon blev den f\u00f6rsta internt utvalda artisten f\u00f6r s\u00e4songen att presenteras \u00e4ven om valet blev k\u00e4nt betydligt senare \u00e4n vad vi sett de senaste \u00e5ren (d\u00e5 f\u00f6rsta internt utvalda artisten blir presenterad n\u00e5gon g\u00e5ng mellan slutet av sommaren och inte senare \u00e4n oktober m\u00e5nad). S\u00e5ngerskan har sl\u00e4ppt vissa l\u00e5tar sedan innan men vilken l\u00e5t hon tar med sig till Wien i maj blir meddelat lite senare under s\u00e4songen.<\/p>\n<\/td>\n<\/tr>\n<p>\u00a0<\/p>\n<tr bgcolor=\"#F1F2F2\">\n<td bgcolor=\"#800080\" width=\"1%\"\/>\n<td width=\"1%\"\/>\n<td width=\"95%\">Planerade nationella publika uttagningar<\/td>\n<\/tr>\n<tr>\n<td bgcolor=\"#F7E2F7\" width=\"0.5%\"\/>\n<td width=\"2%\"\/>\n<td width=\"97%\"><img loading=\"lazy\" decoding=\"async\" class=\"alignnone size-full wp-image-44597\" src=\"https:\/\/www.europesays.com\/se\/wp-content\/uploads\/2025\/11\/albania_small.png\" alt=\"\" width=\"37\" height=\"26\"\/>Albanien \u2013\u00a0Festivali i K\u00ebng\u00ebs 64<\/p>\n<p><a href=\"https:\/\/rtsh.al\/kjo-eshte-lista-e-konkurrenteve-per-fest-64-surpriza-mes-emrave-te-njohur-dhe-te-rinj\/\" target=\"_blank\" rel=\"noopener nofollow\">28 l\u00e5tar<\/a> har valts ut att t\u00e4vla i Albaniens Festivali i K\u00ebng\u00ebs som i \u00e5r g\u00e5r av stapeln f\u00f6r 64:e g\u00e5ngen i ordningen. L\u00e5tarna har valts ut av en expertjury fr\u00e5n en nationell antagning men en av de ordinarie valen har ersatts av ett reservbidrag, detta sedan t\u00e4vlingsbidraget \u201cThirr\u00ebm\u201d med Egzon Pirec drar sig ur t\u00e4vlan och ers\u00e4tts av \u201dNuk kthehem pas\u201d <a href=\"https:\/\/www.instagram.com\/reel\/DRfaIbQgEom\/?igsh=MXVlcm10Y3N4azBreg%3D%3D&amp;fbclid=IwY2xjawOS_AJleHRuA2FlbQIxMABicmlkETF2aDJSQUFScXIzcmt2ME5yc3J0YwZhcHBfaWQQMjIyMDM5MTc4ODIwMDg5MgABHmkAs8-AtIbGMS65TIVXqWdnIGKu1MFoCSiWkSWZnZBywkvZbSWjbkGA9cuS_aem_y9ntxm-n4ET1xlnstiBEGQ\" target=\"_blank\" rel=\"noopener nofollow\">med gruppen Lynx<\/a>. Det vi vet om programmen \u00e4r att det blir f\u00f6rst tv\u00e5 semifinaler som sedan f\u00f6ljer en nostalgikv\u00e4ll innan finalen avg\u00f6rs. Likt f\u00f6reg\u00e5ende \u00e5r f\u00e5r tittarna vara med och best\u00e4mma d\u00e5 makten \u00e4r f\u00f6rdelad till en h\u00e4lft juryr\u00f6stning och tv\u00e5 lika stora h\u00e4lfter om nationell och internationell tittarr\u00f6stning. Det \u00e4r \u00e4nnu inte k\u00e4nt hur m\u00e5nga l\u00e5tar som g\u00e5r vidare till finalen och om n\u00e5gra \u00e4r direktkvalificerade eller om samtliga t\u00e4vlar p\u00e5 lika villkor.<\/p>\n<\/td>\n<\/tr>\n<tr>\n<td bgcolor=\"#F7E2F7\" width=\"0.5%\"\/>\n<td width=\"2%\"\/>\n<td width=\"97%\"><img loading=\"lazy\" decoding=\"async\" class=\"alignnone size-full wp-image-44610\" src=\"https:\/\/www.europesays.com\/se\/wp-content\/uploads\/2025\/11\/denmark_small.png\" alt=\"\" width=\"37\" height=\"26\"\/>Danmark: Dansk MGP 2026<\/p>\n<p>I Danmark p\u00e5g\u00e5r f\u00f6rberedelserna f\u00f6r <a href=\"https:\/\/www.dr.dk\/nyheder\/indland\/frederikshavn-jubler-over-melodi-grand-prix-jeg-kan-naesten-ikke-vaere-i-min-egen\" target=\"_blank\" rel=\"noopener nofollow\">Dansk Melodi Grand Prix<\/a>, som f\u00e5r en finalkv\u00e4ll i Fredikshavn den 14:e februari som uttagning. <a href=\"https:\/\/www.escpanelen.se\/2025\/07\/antagning-till-dansk-mgp-2026-i-danmark\/\" rel=\"nofollow noopener\" target=\"_blank\">En antagning<\/a> f\u00f6r intresserade l\u00e5tskrivare och artister p\u00e5gick fram till 2 november, d\u00e4refter har TV-bolaget DR b\u00f6rjat v\u00e4lja ut startf\u00e4ltets \u00e5tta bidrag samtidigt som andra saker har f\u00f6rberetts. Bland annat rapporterar <a href=\"https:\/\/www.good-evening-europe.dk\/dr-lofter-sloret-for-nye-detaljer-om-dansk-melodi-grand-prix-2026-ved-fanklubbens-arsmode\/?fbclid=IwY2xjawN0QHJleHRuA2FlbQIxMABicmlkETFTb1Nxc1g3OHBIR1VMQ0V3AR5aCuq6wQdJ_svDHT1d_FQbM0oubyP-HEt0QJXBrlnaQ9rRgAC89zjdeIX8Yw_aem_qdygvaSXlzXCl0XGKaljvw\" target=\"_blank\" rel=\"noopener nofollow\"><strong>Good Evening Europe<\/strong><\/a> om att finalen ska f\u00e5 ett nytt utseende och man utlovar h\u00f6gre klass p\u00e5 bidragen vilket bland annat sker med inblandade fokusgrupper. I \u00f6vrigt kommer uppl\u00e4gget se ut som sist med tv\u00e5 r\u00f6stningsomg\u00e5ngar och lika delar jury- och tittarr\u00f6stning som slutresultat. <a href=\"https:\/\/www.dr.dk\/event\/melodigrandprix\/her-er-vaertsparret-til-dansk-melodi-grand-prix-2026?fbclid=IwY2xjawN2yNRleHRuA2FlbQIxMABicmlkETF3Y0VORWV5WG9YSVk5TXltAR5TKCp_mHPIpn7nutzN9QulVCkaX69hNpx9Jbc8VbNEAheLKTxaDmk7UxqQ2A_aem_G1lPaHtgBsj7yGJ5ECcQsQ\" target=\"_blank\" rel=\"noopener nofollow\">Duon <strong>Sara Bro<\/strong> och <strong>Alex H\u00f8gh Andersen<\/strong> blir programledare<\/a>.<\/p>\n<\/td>\n<\/tr>\n<tr>\n<td bgcolor=\"#F7E2F7\" width=\"0.5%\"\/>\n<td width=\"2%\"\/>\n<td width=\"97%\"><img loading=\"lazy\" decoding=\"async\" class=\"alignnone size-full wp-image-44612\" src=\"https:\/\/www.europesays.com\/se\/wp-content\/uploads\/2025\/11\/estonia_small.png\" alt=\"\" width=\"37\" height=\"26\"\/>Estland: Eesti Laul 2026<\/p>\n<p>Likt fjol\u00e5rets upplaga av Eesti Laul blir det \u00e4ven denna g\u00e5ng bara en finalkv\u00e4ll som h\u00e5lls f\u00f6r att utse representant och t\u00e4vlingsbidrag. Startf\u00e4ltet uts\u00e5gs av en jury som valde ut tolv bidrag som skickats in fr\u00e5n en nationell antagning och samtliga finalister <a href=\"https:\/\/www.escpanelen.se\/2025\/10\/startfaltet-i-estlands-eesti-laul-2026-presenterat\/\" rel=\"nofollow noopener\" target=\"_blank\">presenterades i slutet av oktober<\/a>. L\u00e5tarna sl\u00e4pps nu i b\u00f6rjan av december.<\/p>\n<p>Sj\u00e4lva finalen kommer att s\u00e4ndas fr\u00e5n Unibet Arena i Tallinn den 14:e februari och avg\u00f6rs i tv\u00e5 rundor \u2013 f\u00f6rst f\u00f6r att utse topp tre och sedan f\u00f6r att kora vinnaren. F\u00f6rsta rundan \u00e4r mellan juryr\u00f6ster och tittarr\u00f6ster, medan superfinalen f\u00e5r tittarna sj\u00e4lva best\u00e4mma.<\/p>\n<\/td>\n<\/tr>\n<tr>\n<td bgcolor=\"#F7E2F7\" width=\"0.5%\"\/>\n<td width=\"2%\"\/>\n<td width=\"97%\"><img loading=\"lazy\" decoding=\"async\" class=\"alignnone size-full wp-image-44617\" src=\"https:\/\/www.europesays.com\/se\/wp-content\/uploads\/2025\/11\/greece_small.png\" alt=\"\" width=\"37\" height=\"26\"\/>Grekland: Ethnik\u00f3s Telik\u00f3s 2026<\/p>\n<p>2025 blev f\u00f6rsta g\u00e5ngen p\u00e5 ett decennium som grekiska ERT h\u00f6ll en nationell publik ESC-uttagning (ist\u00e4llet f\u00f6r internval) f\u00f6r att utse artist och t\u00e4vlingsbidrag till Eurovisionen. Anno 2026 forts\u00e4tter man med Ethnik\u00f3s Telik\u00f3s och efter den framg\u00e5ng man fick i Basel ut\u00f6kas nu detta koncept med tv\u00e5 semifinaler som kommer att s\u00e4ndas inf\u00f6r finalen. ERT har beslutat att upp till 28 l\u00e5tar kommer att t\u00e4vla och i varje s\u00e4ndning ska ungef\u00e4r h\u00e4lften g\u00e5 vidare till finalen d\u00e4r slutligen representanten v\u00e4ljs ut.<\/p>\n<p>Startf\u00e4ltet har vi inte f\u00e5tt se \u00e4n <a href=\"https:\/\/press.ert.gr\/grafeio-typou-ert\/eurovision-2026-264-symmetoches-ypovlithikan-gia-tin-anadeixi-toy-tragoydioy-kai-toy-ekprosopoy-tis-elladas\/?fbclid=IwY2xjawN1YndleHRuA2FlbQIxMABicmlkETF3Y0VORWV5WG9YSVk5TXltAR4IUbv9iAwKm9UdnCRPRex4dzd9hL1X1EP72gDeXSYhcly37Cy5Nt04GQlMCQ_aem_mKYYPsDFv9533RJLhidNhg\" target=\"_blank\" rel=\"noopener nofollow\">men vi vet att 246 bidrag skickades in<\/a> och att uttagningen \u00e4r, enligt uppgifter fr\u00e5n <a href=\"https:\/\/eurovoix.com\/2025\/11\/04\/greece-ethnikos-telikos-2026-to-take-place-in-february\/\" target=\"_blank\" rel=\"noopener nofollow\"><strong>Eurovoix.com<\/strong><\/a>, prelimin\u00e4rt planerad till februari 2026.<\/p>\n<\/td>\n<\/tr>\n<tr>\n<td bgcolor=\"#F7E2F7\" width=\"0.5%\"\/>\n<td width=\"2%\"\/>\n<td width=\"97%\"><img loading=\"lazy\" decoding=\"async\" class=\"alignnone size-full wp-image-44622\" src=\"https:\/\/www.europesays.com\/se\/wp-content\/uploads\/2025\/10\/italy_small.png\" alt=\"\" width=\"37\" height=\"26\"\/>Italien: Festival di Sanremo 2026<\/p>\n<p>Planerna f\u00f6r den 76:e upplagan av den i Italien (och bland m\u00e5nga ESC-fans) mycket popul\u00e4ra Festival di Sanremo \u00e4r i full g\u00e5ng och nu i m\u00e5nadsskiftet till december <a href=\"https:\/\/www.escpanelen.se\/2025\/11\/startfaltet-i-italiens-festival-di-sanremo-2026-presenterat\/\" rel=\"nofollow noopener\" target=\"_blank\">meddelades \u00e4ven vilka trettio artister som kommer att t\u00e4vla<\/a>. I <a href=\"http:\/\/www.rai.it\/dl\/doc\/2025\/10\/16\/1760605395788_Regolamento%20Sanremo%202026%20-%20-.pdf\" target=\"_blank\" rel=\"noopener nofollow\"><strong>regelverket<\/strong><\/a> framkommer det att det \u00e4r planerat f\u00f6r att l\u00e5tarna ska t\u00e4vla genom fem s\u00e4ndningar i slutet av februari n\u00e4sta \u00e5r d\u00e4r en av dem slutligen koras till vinnare. I de f\u00f6rsta fyra, som s\u00e4nds den 24:e, 25:e, 26:e och 27:e februari, upptr\u00e4der artisterna flera g\u00e5nger med respektive l\u00e5t samt covers (tillsammans med g\u00e4startister) d\u00e4r olika jurygrupper samt tittarna f\u00e5r r\u00f6sta. N\u00e4r det sedan \u00e4r dags f\u00f6r finalen den 28:e februari h\u00e5lls en sista omr\u00f6stning f\u00f6r att kora topp fem innan vinnaren r\u00f6stas fram.<\/p>\n<p>\u00c4ven om Rai best\u00e4mt sig <a href=\"https:\/\/esctoday.com\/200932\/italy-rai-confirms-participation-at-eurovision-2026\/\" target=\"_blank\" rel=\"noopener nofollow\">f\u00f6r att \u00e4nnu ett \u00e5r t\u00e4vla i Eurovision Song Contest<\/a> beh\u00f6ver det inte inneb\u00e4r att vinnaren av uttagningen skickas till Wien, detta eftersom vinsten bara \u00e4r ett erbjudande om att ocks\u00e5 t\u00e4vla vidare i Eurovisionen. Sedan Italien kom tillbaka till Eurovision 2011 och festivalen b\u00f6rjade anv\u00e4ndas som uttagning p\u00e5 det h\u00e4r s\u00e4ttet har det bara h\u00e4nt tv\u00e5 g\u00e5nger (2016 och 2025) att vinnaren valt att inte \u00e5ka och i dessa fall har tv\u00e5an f\u00e5tt \u00e5ka ist\u00e4llet.<\/p>\n<\/td>\n<\/tr>\n<tr>\n<td bgcolor=\"#F7E2F7\" width=\"0.5%\"\/>\n<td width=\"2%\"\/>\n<td width=\"97%\"><img loading=\"lazy\" decoding=\"async\" class=\"alignnone size-full wp-image-44607\" src=\"https:\/\/www.europesays.com\/se\/wp-content\/uploads\/2025\/11\/croatia_small.png\" alt=\"\" width=\"37\" height=\"26\"\/>Kroatien: Dora 2026<\/p>\n<p>Dora 2026, f\u00f6r det \u00e4r den uttagningen som kroatiska TV-bolaget HRT kommer att genomf\u00f6ras, ska utg\u00f6ras av 24 utvalda l\u00e5tar. HRT har ocks\u00e5 i sitt <a href=\"https:\/\/api.hrt.hr\/media\/07\/b0\/pravila-natjecanja-dora-2026-20250919080340.pdf\" target=\"_blank\" rel=\"noopener nofollow\"><strong>regelverk<\/strong><\/a> samt <strong><a href=\"https:\/\/magazin.hrt.hr\/zabava\/otvoren-natjecaj-za-doru-2026-12341921\" target=\"_blank\" rel=\"noopener nofollow\">i denna artikel<\/a><\/strong> bekr\u00e4ftat att vinnaren av Dora 2026 kommer att representera Kroatien vid Eurovision Song Contest 2026 i Wien i maj. Antagningen p\u00e5gick till den 23:e november och den h\u00e4r g\u00e5ngen <a href=\"https:\/\/magazin.hrt.hr\/zabava\/zavrsio-natjecaj-za-doru-2026-najveci-broj-prijava-dosad-12442509?fbclid=IwY2xjawORUvJleHRuA2FlbQIxMABicmlkETF4QXVXd1puZHpMZ0U2NHZwc3J0YwZhcHBfaWQQMjIyMDM5MTc4ODIwMDg5MgABHrSWqp3YVVox3EuQfhDX9uPnIjyv4oqbzdiCyrWbJXf6nZq91VAAHXf_HzZb_aem_dxC82Mn4yeIUZqgX7Rp7xg&amp;brid=bYq7jxC2jNfTZ9_QrPtECg\" target=\"_blank\" rel=\"noopener nofollow\">fick man in rekordm\u00e5nga 251 l\u00e5tar<\/a> som nu l\u00e4ggs i h\u00e4nderna p\u00e5 en expertjury. N\u00e4r deras resultat meddelas \u00e4r i skrivande stund inte k\u00e4nt.<\/p>\n<p>F\u00f6r f\u00f6rsta g\u00e5ngen p\u00e5 m\u00e5nga \u00e5r <a href=\"https:\/\/opatija.hr\/dora-2026-hrvatski-izbor-za-eurosong-odrzat-ce-se-u-studiju-u-zagrebu\/\" target=\"_blank\" rel=\"noopener nofollow\">h\u00e5lls uttagningen i huvudstaden Zagreb<\/a>, detta med anledning av att 2026 \u00e4r ett firar\u00e5r f\u00f6r HRT.<\/p>\n<\/td>\n<\/tr>\n<tr>\n<td bgcolor=\"#F7E2F7\" width=\"0.5%\"\/>\n<td width=\"2%\"\/>\n<td width=\"97%\"><img loading=\"lazy\" decoding=\"async\" class=\"alignnone size-full wp-image-44625\" src=\"https:\/\/www.europesays.com\/se\/wp-content\/uploads\/2025\/11\/latvia_small.png\" alt=\"\" width=\"37\" height=\"26\"\/>Lettland: Supernova 2026<\/p>\n<p>Formatet <a href=\"https:\/\/www.lsm.lv\/raksts\/kultura\/izklaide\/01.08.2025-supernovai-gatavi-sakas-pieteiksanas-latvijas-sabiedriska-medija-dziesmu-konkursam.a608820\/\" target=\"_blank\" rel=\"noopener nofollow\">Supernova<\/a> blir kvar f\u00f6r lettiska LTV men den h\u00e4r g\u00e5ngen ut\u00f6kas s\u00e4ndningarna fr\u00e5n tv\u00e5 till tre. Detta beror p\u00e5 att TV-bolaget LTV har valt att producera tv\u00e5 semifinaler inf\u00f6r finalen. S\u00e4ndningarna \u00e4r planerade till den 31:a januari samt den 7:e och 14:e februari. Fram till 1:a oktober p\u00e5gick en antagning, n\u00e4r den avslutades hade 124 bidrag inkommit vilket <a href=\"https:\/\/www.lsm.lv\/raksts\/kultura\/izklaide\/02.10.2025-lsm-konkursam-supernova-sogad-pieteiktas-124-dziesmas.a616609\/\" target=\"_blank\" rel=\"noopener nofollow\"><strong>LSM<\/strong><\/a> i Lettland ber\u00e4ttar om. Efter det tog ett hemligt juryarbete \u00f6ver och i november <a href=\"https:\/\/www.escpanelen.se\/2025\/11\/startfaltet-i-lettlands-supernova-2026-presenterat\/\" rel=\"nofollow noopener\" target=\"_blank\">meddelades tjugo utvalda t\u00e4vlingsbidrag<\/a>. Studioversioner sl\u00e4pps den 4:e december.<\/p>\n<\/td>\n<\/tr>\n<tr>\n<td bgcolor=\"#F7E2F7\" width=\"0.5%\"\/>\n<td width=\"2%\"\/>\n<td width=\"97%\"><img loading=\"lazy\" decoding=\"async\" class=\"alignnone size-full wp-image-44628\" src=\"https:\/\/www.europesays.com\/se\/wp-content\/uploads\/2025\/11\/lithuania_small.png\" alt=\"\" width=\"37\" height=\"26\"\/>Litauen: Eurovizija.LT<\/p>\n<p>Litauen forts\u00e4tter med sin l\u00e5ngk\u00f6rare till uttagning kallad Eurovizija.LT. I november blev det officiellt <a href=\"https:\/\/www.lrt.lt\/naujienos\/muzika\/680\/2756253\/skelbiami-lietuvos-eurovizijos-atrankos-dalyviai-varzysis-40-dainu?brid=ldS2oVq-qrR-xFggtRaJlQ\" target=\"_blank\" rel=\"noopener nofollow\">vilka fyrtio bidrag som kommer att t\u00e4vla<\/a> \u2013 f\u00f6rst i grundomg\u00e5ngar och sedan i en final. Flera v\u00e4lk\u00e4nda namn fr\u00e5n f\u00f6rr finns med p\u00e5 <a href=\"https:\/\/www.escpanelen.se\/2025\/11\/startfaltet-till-litauens-eurovizija-lt-2026-presenterat\/\" rel=\"nofollow noopener\" target=\"_blank\">listan<\/a>. Bidragen har valts ut av en jury som kunde v\u00e4lja bland inskickade l\u00e5tar.<\/p>\n<p>Flera f\u00f6r\u00e4ndringar har presenterats, exempelvis att tittarna kommer att kunna app-r\u00f6sta samt om det blir lika i po\u00e4ngen mellan tv\u00e5 eller fler bidrag \u00e4r det tittarnas rangordning som best\u00e4mmer. En annan f\u00f6r\u00e4ndring \u00e4r att alla tredjeplacerade bidrag i grundomg\u00e5ngen kommer att f\u00e5 t\u00e4vla i en wildcardomr\u00f6stning f\u00f6r att f\u00e5 en extra finalplats och i sj\u00e4lva finalen stryks den andra r\u00f6stningsomg\u00e5ngen helt. Den inf\u00f6rdes f\u00f6r tv\u00e5 upplagor sedan men blir inte kvar f\u00f6r tredje \u00e5ret i f\u00f6ljd.<\/p>\n<p>\u00c4nnu vet vi inte exakt n\u00e4r heaten kommer att \u00e4ga rum eller hur m\u00e5nga de blir till antalet, men d\u00e4remot st\u00e5r det sedan tidigare klart att finalen h\u00e5lls den 27:e februari i Twinsbet Arena i huvudstaden Vilnius.<\/p>\n<\/td>\n<\/tr>\n<tr>\n<td bgcolor=\"#F7E2F7\" width=\"0.5%\"\/>\n<td width=\"2%\"\/>\n<td width=\"97%\"><img loading=\"lazy\" decoding=\"async\" class=\"alignnone wp-image-44629\" src=\"https:\/\/www.europesays.com\/se\/wp-content\/uploads\/2025\/11\/luxemburg_small.png\" alt=\"\" width=\"37\" height=\"26\"\/>Luxemburg Song Contest 2026<\/p>\n<p>F\u00f6r tredje \u00e5ret i rad i konceptet <a href=\"https:\/\/esctoday.com\/201175\/luxembourg-rtl-opens-song-submission-window-for-luxembourg-song-contest-2026\/\" target=\"_blank\" rel=\"noopener nofollow\">Luxemburg Song Contest<\/a> som uttagning till Eurovisionen. Det kommer, likt de tv\u00e5 f\u00f6reg\u00e5ende upplagorna, att bli en nationell final som \u00e4ger rum i Rockhal den 24 januari <a href=\"https:\/\/www.escpanelen.se\/2025\/10\/startfaltet-i-luxemburg-song-contest-2026-presenterat\/\" rel=\"nofollow noopener\" target=\"_blank\">med \u00e5tta finalister<\/a>. Namnen p\u00e5 dessa presenterades i slutet av oktober och de valdes ut fr\u00e5n en nationell antagning i kombination med \u00a0en tredagarsaudition. <a href=\"https:\/\/esctoday.com\/201867\/luxembourg-83-songs-submitted-for-luxembourg-song-contest-2026\/\" target=\"_blank\" rel=\"noopener nofollow\">Totalt inkom 83 f\u00f6rslag p\u00e5 l\u00e5tar varav 58 utvalda artister deltog vid auditionen<\/a>. En internationell jury, bland annat med Karin Gunnarsson fr\u00e5n Sverige, r\u00f6stade fram finalisterna. I december planeras det f\u00f6r att l\u00e5ttitlar och studioversioner ska sl\u00e4ppas.<\/p>\n<\/td>\n<\/tr>\n<tr>\n<td bgcolor=\"#F7E2F7\" width=\"0.5%\"\/>\n<td width=\"2%\"\/>\n<td width=\"97%\"><img loading=\"lazy\" decoding=\"async\" class=\"alignnone size-full wp-image-44631\" src=\"https:\/\/www.europesays.com\/se\/wp-content\/uploads\/2025\/11\/malta_small.png\" alt=\"\" width=\"37\" height=\"26\"\/>Malta Eurovision Song Contest 2026<\/p>\n<p>I somras <a href=\"https:\/\/esctoday.com\/200866\/malta-pbs-confirms-participation-at-eurovision-2026\/\" target=\"_blank\" rel=\"noopener nofollow\">anordnades en l\u00e5tskrivarcamp<\/a> f\u00f6r tredje \u00e5ret i rad d\u00e4r intresserade artister och l\u00e5tskrivare bj\u00f6ds in f\u00f6r att skriva l\u00e5tar ihop, bland annat inf\u00f6r antagningen till uttagningen MESC (Malta Eurovision Song Contest). F\u00f6rst i b\u00f6rjan av november stod det klart <a href=\"https:\/\/tvmnews.mt\/news\/jitfhu-l-applikazzjonijiet-ghall-mesc-2026\/\" target=\"_blank\" rel=\"noopener nofollow\">hur TV-bolaget PBS p\u00e5 Malta har f\u00f6r avsikt att avg\u00f6ra det hela anno 2026<\/a>.<\/p>\n<p>Det b\u00f6rjar med en \u00f6ppen antagning som p\u00e5gick under sju dagar nu i november fr\u00e5n vilken en jury best\u00e4mmer vilka arton akter som ska t\u00e4vla. Dessa namn ber\u00e4knas tillk\u00e4nnages den 1:a december. De utvalda artisterna f\u00e5r sedan t\u00e4vla i ett semifinalprogram den 15:e januari d\u00e4r en kombination av jury- och tittarr\u00f6ster korar tolv finalister. Samma modell anv\u00e4nds sedan i finalen men nu f\u00f6r att kora vinnaren som ska f\u00e5 representera Malta i Eurovision 2026.<\/p>\n<\/td>\n<\/tr>\n<tr>\n<td bgcolor=\"#F7E2F7\" width=\"0.5%\"\/>\n<td width=\"2%\"\/>\n<td width=\"97%\"><img loading=\"lazy\" decoding=\"async\" class=\"alignnone size-full wp-image-44632\" src=\"https:\/\/www.europesays.com\/se\/wp-content\/uploads\/2025\/11\/moldova_small.png\" alt=\"\" width=\"37\" height=\"26\"\/>Moldavien: Nationell final<\/p>\n<p><a href=\"https:\/\/www.escpanelen.se\/2025\/11\/moldavien-deltar-i-eurovision-2026\/\" rel=\"nofollow noopener\" target=\"_blank\">Moldavien<\/a> \u00e4r, tillsammans med <a href=\"https:\/\/www.escpanelen.se\/2025\/10\/bulgarien-deltar-i-eurovision-2026\/\" rel=\"nofollow noopener\" target=\"_blank\">Bulgarien<\/a> och <a href=\"https:\/\/www.escpanelen.se\/2025\/10\/rumanien-deltar-i-eurovision-2026\/\" rel=\"nofollow noopener\" target=\"_blank\">Rum\u00e4nien<\/a>, ett av tre l\u00e4nder som hittills meddelat att de g\u00f6r comeback till Eurovision Song Contest efter mellan ett och fyra \u00e5rs fr\u00e5nvaro. I Moldaviens fall skulle de ha t\u00e4vlat i Basel <a href=\"https:\/\/eurovisionworld.com\/esc\/moldova-withdraws-from-eurovision-2025\" rel=\"nofollow noopener\" target=\"_blank\">men hoppade av under p\u00e5g\u00e5ende uttagningss\u00e4song<\/a> n\u00e4r den inplanerade finalen slopades. Nu till 2026 meddelar TV-bolaget TRM <a href=\"https:\/\/trm.md\/ro\/comunicate-trm\/moldova-revine-la-eurovision-song-contest-2026\" target=\"_blank\" rel=\"noopener nofollow\">att man tar nya tag<\/a> med sin uttagning, bland annat har TRM bjudit in en erfaren producent och lokal regiss\u00f6r f\u00f6r att s\u00e4kerst\u00e4lla urvalsprocessen. Dessutom kommer den r\u00f6stande juryn i uttagningen att utg\u00f6ras av tjugo medlemmar varav fem \u00e4r internationella.<\/p>\n<p>En stor nyhet \u00e4r att uttagningsfinalen f\u00f6r f\u00f6rsta g\u00e5ngen flyttar in i en arena, i det h\u00e4r fallet Arena Chi\u0219in\u0103u i huvudstaden Chi\u015fin\u0103u, d\u00e4r mellan fem och tio artister kommer att v\u00e4ljas ut. Det kommer att h\u00e5llas en audition men den h\u00e5lls bakom st\u00e4ngda d\u00f6rrar. Finalen \u00e4ger rum redan den 17:e januari.<\/p>\n<\/td>\n<\/tr>\n<tr>\n<td bgcolor=\"#F7E2F7\" width=\"0.5%\"\/>\n<td width=\"2%\"\/>\n<td width=\"97%\"><img loading=\"lazy\" decoding=\"async\" class=\"alignnone size-full wp-image-44638\" src=\"https:\/\/www.europesays.com\/se\/wp-content\/uploads\/2025\/11\/norway_small.png\" alt=\"\" width=\"37\" height=\"26\"\/>Norge: Norsk MGP 2026<\/p>\n<p>Precis som ifjol <a href=\"https:\/\/www.nrk.no\/innlandet\/mgp-finalen-sendes-fra-hakons-hall-pa-lillehammer-i-2026-1.17656782\" target=\"_blank\" rel=\"noopener nofollow\">kommer Norsk MGP \u00e4nnu en g\u00e5ng att bara ha en finalkv\u00e4ll som uttagning till Eurovision Song Contest<\/a>. Tio bidrag kommer att t\u00e4vla varav nio har valts ut efter en antagning (som inbringade n\u00e4stan 1500 f\u00f6rslag) medan den tionde utses i en slags radiofinal i slutet av januari d\u00e4r \u00e5tta artister f\u00e5r duellera om vem som ska f\u00e5 finalplatsen.<\/p>\n<p>I \u00f6vrigt kommer allts\u00e5 finalen att \u00e4ga rum i Lillehammer, n\u00e4rmare best\u00e4mt i H\u00e5kons hall, den 28 februari. Vem eller vilka som blir programledare avsl\u00f6jas senare, samma sak g\u00e4ller exakt hur vinnaren ska utses. De senaste \u00e5ren har NRK valt att ha en r\u00f6stningsomg\u00e5ng mellan 40 procent internationell jury och 60 procent tittarr\u00f6ster men det \u00e4r oklart om detta \u00e4r aktuellt f\u00f6r 2026.<\/p>\n<p>Enligt uppgifter fr\u00e5n NRK kommer startf\u00e4ltet att meddelas den 19 januari medan radiofinalen, d\u00e4r den tionde finalisten utses, avg\u00f6rs den 26:e januari.<\/p>\n<\/td>\n<\/tr>\n<tr>\n<td bgcolor=\"#F7E2F7\" width=\"0.5%\"\/>\n<td width=\"2%\"\/>\n<td width=\"97%\"><img loading=\"lazy\" decoding=\"async\" class=\"alignnone size-full wp-image-44639\" src=\"https:\/\/www.europesays.com\/se\/wp-content\/uploads\/2025\/11\/poland_small.png\" alt=\"\" width=\"37\" height=\"26\"\/>Polen: Nationell final<\/p>\n<p>Det polska TV-bolaget TVP <a href=\"https:\/\/www.plotek.pl\/plotek\/7,111485,32372981,polska-wezmie-udzial-w-przyszlorocznej-eurowizji-juz-wszystko.html\" target=\"_blank\" rel=\"noopener nofollow\">har bekr\u00e4ftat att Polen ska h\u00e5lla en nationell final inf\u00f6r n\u00e4sta \u00e5rs Eurovision den 14:e februari<\/a>. Enligt uppgifter ska det precis som i fjol\u00e5rets (2025 \u00e5rs) uttagningsfinal bara avg\u00f6ras av tittarr\u00f6ster men valet av l\u00e5tar g\u00f6rs av en jury som f\u00e5r v\u00e4lja bland de l\u00e5tar som skickades in via antagningen som avslutades den 24:e november. Juryn g\u00f6r f\u00f6rst ett urval om cirka tjugo artister som kallas till en audition d\u00e4r cirka tio av dem v\u00e4ljs ut till finalen. Dock kan fler eller f\u00e4rre l\u00e5tar hamna i finalen, det \u00e4r helt upp till juryn.<\/p>\n<p>Artister och t\u00e4vlingsbidrag m\u00e5ste f\u00f6lja EBU:s regelverk, d\u00e4rtill har TVP som en egen regel att t\u00e4vlingsbidragen helst ska framf\u00f6ras p\u00e5 polska men det finns ocks\u00e5 n\u00e5gra s.k. kompletterande spr\u00e5k och i det ing\u00e5r engelska, franska, italienska och teckenspr\u00e5k. P\u00e5 modersm\u00e5let f\u00e5r man sjunga p\u00e5 samtliga polska dialekter men \u00e4ven p\u00e5 kasjubiska och spr\u00e5k fr\u00e5n nationella och etniska minoriteter i landet.<\/p>\n<\/td>\n<\/tr>\n<tr>\n<td bgcolor=\"#F7E2F7\" width=\"0.5%\"\/>\n<td width=\"2%\"\/>\n<td width=\"97%\"><img loading=\"lazy\" decoding=\"async\" class=\"alignnone size-full wp-image-44643\" src=\"https:\/\/www.europesays.com\/se\/wp-content\/uploads\/2025\/11\/sanmarino_small.png\" alt=\"\" width=\"37\" height=\"26\"\/>San Marino Song Contest 2026<\/p>\n<p>F\u00f6r femte \u00e5ret i f\u00f6ljd v\u00e4ljer TV-bolaget SMRTV i San Marino ut landets artist via en nationell publik uttagning. Likt f\u00f6reg\u00e5ende s\u00e4song f\u00e5r \u00e4ven \u00e5ret uttagning namnet\u00a0<a href=\"https:\/\/www.sanmarinortv.sm\/news\/cultura-c6\/san-marino-song-contest-il-7-marzo-la-finalissima-a281924\" target=\"_blank\" rel=\"noopener nofollow\">San Marino Song Contest<\/a> och kommer att avg\u00f6ras genom en final som s\u00e4nds l\u00f6rdagen den 7:e mars. Inf\u00f6r den kommer finalstartf\u00e4ltets tjugo t\u00e4vlande att utses genom tv\u00e5 olika val: den ena h\u00e4lften om tio bidrag bjuds in direkt till finalen medan resterande tio bidrag kommer att ha f\u00e5tt t\u00e4vla genom auditions och kvalprogram innan de n\u00e5r tv\u00e5 semifinaler (den 3:e och 4:e mars).<\/p>\n<p>I och med finaldatumet blir San Marino ett av de sista l\u00e4nderna f\u00f6r s\u00e4songen att v\u00e4lja artist och bidrag genom en publik uttagning. De har finaldatum samma kv\u00e4ll om Sveriges Melodifestival.<\/p>\n<\/td>\n<\/tr>\n<tr>\n<td bgcolor=\"#F7E2F7\" width=\"0.5%\"\/>\n<td width=\"2%\"\/>\n<td width=\"97%\"><img loading=\"lazy\" decoding=\"async\" class=\"alignnone size-full wp-image-44644\" src=\"https:\/\/www.europesays.com\/se\/wp-content\/uploads\/2025\/11\/serbia_small.png\" alt=\"\" width=\"37\" height=\"26\"\/>Serbien: Pesma za Evroviziju \u201926<\/p>\n<p>Det blir fj\u00e4rde s\u00e4songen i rad d\u00e4r TV-bolaget RTS i Serbien anv\u00e4nder sig av formatet Pesma za Evroviziju\u00a0som ESC-val f\u00f6r Serbiens representant och t\u00e4vlingsbidrag. Exakt t\u00e4vlingsuppl\u00e4gg har RTS inte g\u00e5tt ut med \u00e4n, <a href=\"https:\/\/www.rts.rs\/lat\/magazin\/muzika\/5787441\/radio-televizija-srbije-raspisuje-javni-konkurs-za-izbor-kompozicije-za-pesmu-za-evroviziju-2026.html\" target=\"_blank\" rel=\"noopener nofollow\">d\u00e4remot har det h\u00e5llits en antagning f\u00f6r t\u00e4vlingsbidrag<\/a> som kommer att vara v\u00e4gledande f\u00f6r vilka l\u00e5tar som slutligen v\u00e4ljs ut. En jury kommer att lyssna p\u00e5 alla inskickade bidrag och d\u00e4refter s\u00e5lla fram de l\u00e5tar som de anser \u00e4r guldkornen. Dessa kommer sedan att f\u00e5 t\u00e4vla i en uttagning med ett eller flera program d\u00e4r delad jury- och tittarr\u00f6stning korar en vinnaren som kommer att f\u00e5 representera Serbien vid Eurovision 2026 i Wien.<\/p>\n<p>H\u00e4r kan ocks\u00e5 inflikas <a href=\"https:\/\/evrovizija.rs\/2025\/11\/26\/pze26-uros-markovic-novi-supervizor\/?fbclid=IwY2xjawOUPKNleHRuA2FlbQIxMQBzcnRjBmFwcF9pZAEwAAEeStvRyS81Nv8AnPUNVVlHj1eZH9bxcBhhh7c4-q_UP3YZdz7da3QNAWzyCI8_aem_4L5cwxbFtNG2q7-c8dbVTA\" target=\"_blank\" rel=\"noopener nofollow\">att programmet har f\u00e5tt en ny producent<\/a> i form av Uro\u0161 Markovi\u0107 som ers\u00e4tter Olivera Kova\u010devi\u0107.<\/p>\n<\/td>\n<\/tr>\n<tr>\n<td bgcolor=\"#F7E2F7\" width=\"0.5%\"\/>\n<td width=\"2%\"\/>\n<td width=\"97%\"><img loading=\"lazy\" decoding=\"async\" class=\"alignnone size-full wp-image-44654\" src=\"https:\/\/www.europesays.com\/se\/wp-content\/uploads\/2025\/11\/ukraine_small.png\" alt=\"\" width=\"37\" height=\"26\"\/>Ukraina: Vidbir 2026<\/p>\n<p>TV-bolaget UA:PBC, eller Suspline som det ocks\u00e5 kallas, kommer att forts\u00e4tta med Vidbir som uttagning vilken <a href=\"https:\/\/corp.suspilne.media\/golovne\/51907-yevrobachennya-2026-suspilne-rozpochynaye-pryjmannya-zayavok-na-uchast-u-naczvidbori\/?fbclid=IwY2xjawMk7elleHRuA2FlbQIxMABicmlkETBvaVFITXV4M1dCR3dUMk5GAR6vCs2kTekSckovDOt9tcQFU9nzs2mI4MrsTjnduV_05nL6-8vZcpQDgwvPrg_aem_mC_AUmubtfb60MANjopETQ\" target=\"_blank\" rel=\"noopener nofollow\">kommer att utg\u00f6ras av en finalkv\u00e4ll<\/a> i februari n\u00e4sta \u00e5r. Utifr\u00e5n en antagning och ett f\u00f6rsta juryurval ber\u00e4ttar <a href=\"https:\/\/esctoday.com\/202058\/ukraine-suspilne-unveils-the-vidbir-2026-longlist\/\" target=\"_blank\" rel=\"noopener nofollow\"><strong>ESCToday.com<\/strong><\/a> att femton artister g\u00e5tt vidare till n\u00e4sta fas d\u00e4r juryn nu efter en audition ska utse nio finalister. Bland de sju som \u00e5terst\u00e5r d\u00e4refter f\u00e5r publiken r\u00f6sta in ett wildcard. Antagningen inbringade <a href=\"https:\/\/x.com\/ESCdiscord\/status\/1984174750260973641\" target=\"_blank\" rel=\"noopener nofollow\">451 l\u00e5tar fr\u00e5n sammanlagt 392 artister<\/a>.<\/p>\n<p>Nytt f\u00f6r denna upplaga \u00e4r <a href=\"https:\/\/corp.suspilne.media\/golovne\/51860-yevrobachennya-2026-dzhamala-stala-muzychnoyu-prodyuserkoyu-naczvidboru\/\" target=\"_blank\" rel=\"noopener nofollow\">att 2016 \u00e5rs ESC-vinnare Jamala tar \u00f6ver som musikproducent f\u00f6r uttagningen<\/a> vilket betyder att hon kommer att vara med och v\u00e4lja ut vilka bidrag som ska t\u00e4vla, m\u00e5nga g\u00e5nger tidigare \u00e5r har hon ocks\u00e5 suttit med i programmets jury som haft halva makten att r\u00f6sta fram vinnaren.<\/p>\n<p>P\u00e5 listan \u00f6ver deltagarna som gick vidare efter f\u00f6rsta omg\u00e5ngen finns bland andra \u00e5terv\u00e4ndande Eurovision-artister som <strong>Jerry Heil<\/strong> (som t\u00e4vlade ihop med Alyona Alyona i Malm\u00f6 2024) och <strong>Kateryna Pavlenko<\/strong> (som t\u00e4vlade som en del av gruppen Go_A i Rotterdam 2020\/2021) som numera g\u00e5r solo och har tagit artistnamnet <strong>Monokate<\/strong>. Men det finns s\u00e5klart ocks\u00e5 artister som t\u00e4vlat i tidigare ukrainska ESC-uttagningar som \u00e4nnu inte vunnit, exempelvis <strong>Khayat<\/strong>. Vilka av dem som n\u00e5r finalen \u00e5terst\u00e5r att se!<\/p>\n<\/td>\n<\/tr>\n<p>\u00a0<\/p>\n<tr bgcolor=\"#F1F2F2\">\n<td bgcolor=\"#800080\" width=\"1%\"\/>\n<td width=\"1%\"\/>\n<td width=\"95%\">L\u00e4nder som planerar f\u00f6r internval<\/td>\n<\/tr>\n<tr>\n<td bgcolor=\"#F7E2F7\" width=\"0.5%\"\/>\n<td width=\"2%\"\/>\n<td width=\"97%\"><img loading=\"lazy\" decoding=\"async\" class=\"alignnone size-full wp-image-44650\" src=\"https:\/\/www.europesays.com\/se\/wp-content\/uploads\/2025\/11\/switzerland_small.png\" alt=\"\" width=\"37\" height=\"26\"\/>Schweiz<\/p>\n<p>Modellen med att l\u00e5ta en rekryterad publikpanel och expertjury tillsammans internt r\u00f6sta fram Schweiz\u2019 val till Eurovision Song Contest forts\u00e4tter \u00e4ven till 2026, dvs. <a href=\"https:\/\/esctoday.com\/201123\/switzerland-srf-kicks-off-its-search-for-the-swiss-esc-2026-act\/\" target=\"_blank\" rel=\"noopener nofollow\">ett internval<\/a>. I somras genomf\u00f6rdes en antagning men n\u00e4r representanten och t\u00e4vlingsbidraget ska presenteras \u00e4r inte k\u00e4nt.<\/p>\n<\/td>\n<\/tr>\n<tr>\n<td bgcolor=\"#F7E2F7\" width=\"0.5%\"\/>\n<td width=\"2%\"\/>\n<td width=\"97%\"><img loading=\"lazy\" decoding=\"async\" class=\"alignnone size-full wp-image-44609\" src=\"https:\/\/www.europesays.com\/se\/wp-content\/uploads\/2025\/11\/czechrep_small.png\" alt=\"\" width=\"37\" height=\"26\"\/>Tjeckien<\/p>\n<p>\u00c4ven under den h\u00e4r s\u00e4songen kommer det tjeckiska TV-bolaget \u010cT (\u010cesk\u00e1 televize) att genomf\u00f6ra ett internt val ist\u00e4llet f\u00f6r att h\u00e5lla en final f\u00f6r att utse artist och bidrag. Man kommer att g\u00f6ra p\u00e5 samma s\u00e4tt som ifjol och det inneb\u00e4r att f\u00f6rst genomf\u00f6rdes en antagning fr\u00e5n vilken en jurygrupp f\u00e5r r\u00f6sta fram en representant. Deras antagning fick in drygt 260 f\u00f6rslag rapporterar <a href=\"https:\/\/eurovoix.com\/2025\/10\/30\/czechia-260-songs-submitted-for-eurovision-2026\/\" target=\"_blank\" rel=\"noopener nofollow\"><strong>Eurovoix.com<\/strong><\/a>. N\u00e5got mer \u00e4n detta har vi inte h\u00f6rt \u00e4n.<\/p>\n<\/td>\n<\/tr>\n<p>\u00a0<\/p>\n<tr bgcolor=\"#F1F2F2\">\n<td bgcolor=\"#800080\" width=\"1%\"\/>\n<td width=\"1%\"\/>\n<td width=\"95%\">Ej bekr\u00e4ftade uttagningsformat<\/td>\n<\/tr>\n<p>\u00a0<\/p>\n<tr bgcolor=\"#F1F2F2\">\n<td bgcolor=\"#800080\" width=\"1%\"\/>\n<td width=\"1%\"\/>\n<td width=\"95%\">Deltagarl\u00e4nder 2025 som inte (\u00e4n) bekr\u00e4ftat om de ska t\u00e4vla 2026<\/td>\n<\/tr>\n<p><strong>F\u00f6rtydligande kring denna kategori:<\/strong> N\u00e5gra av de TV-bolag som deltog i Basel i v\u00e5ras har enligt egen utsago\u00a0prelimin\u00e4rt\u00a0sagt att de vill delta i t\u00e4vlingen medan andra inte officiellt g\u00e5tt ut med om de har eller inte har anm\u00e4lt sig. Bland de som sagt prelimin\u00e4rt \u2019ja\u2019 finns det flera som inv\u00e4ntar besked kring huruvida Israel ska eller inte ska f\u00e5 t\u00e4vla. Exakt hur omfattande risken \u00e4r f\u00f6r eventuella flertalet avhopp fr\u00e5n 2026 \u00e5rs t\u00e4vling till f\u00f6ljd av vilket beslut det blir g\u00e5r i dagsl\u00e4get inte att s\u00e4ga. Vi avvaktar d\u00e4rf\u00f6r med vidare spekulationer till dess vi har f\u00e5tt hela deltagarlistan fr\u00e5n EBU.<\/p>\n<tr>\n<td bgcolor=\"#F7E2F7\" width=\"0.5%\"\/>\n<td width=\"2%\"\/>\n<td width=\"97%\"><img loading=\"lazy\" decoding=\"async\" class=\"alignnone size-full wp-image-44599\" src=\"https:\/\/www.europesays.com\/se\/wp-content\/uploads\/2025\/11\/armenia_small.png\" alt=\"\" width=\"37\" height=\"26\"\/>Armenien<\/p>\n<p>Armenien hade fram till sista november inte g\u00e5tt ut \u00e4n om de vill vara med och t\u00e4vla 2026 eller inte. Dock brukar det armeniska TV-bolaget AMPTV ibland v\u00e4nta med att g\u00e5 ut officiellt med att de har anm\u00e4lt sig. Det\u00a0kan\u00a0inneb\u00e4ra att de redan har anm\u00e4lt sig och t\u00e4nker vara med men det \u00e4r f\u00f6rst n\u00e4r deltagarlistan sl\u00e4pps som de i s\u00e5 fall st\u00e5r med.<\/p>\n<\/td>\n<\/tr>\n<tr>\n<td bgcolor=\"#F7E2F7\" width=\"0.5%\"\/>\n<td width=\"2%\"\/>\n<td width=\"97%\"><img loading=\"lazy\" decoding=\"async\" class=\"alignnone size-full wp-image-44604\" src=\"https:\/\/www.europesays.com\/se\/wp-content\/uploads\/2025\/11\/belgium_small.png\" alt=\"\" width=\"37\" height=\"26\"\/>Belgien<\/p>\n<p>Till 2026 \u00e4r det fransktalande TV-bolaget RTBF i Belgien som kommer att ta hand om Belgiens uttagning till Eurovision Song Contest. Enligt uppgifter ska en process p\u00e5g\u00e5, dock oklart om den skulle resultera i ett internval (ist\u00e4llet f\u00f6r final) eller en ny nationell publik uttagning. Dock i september fick vi veta <a href=\"https:\/\/www.lesoir.be\/698609\/article\/2025-09-12\/la-rtbf-decidera-en-decembre-de-sa-participation-ou-non-au-concours-eurovision\" target=\"_blank\" rel=\"noopener nofollow\">att Belgien tillh\u00f6r de l\u00e4nder som tvekar om sitt deltagande<\/a> och det \u00e4r d\u00e4rf\u00f6r inte helt s\u00e4kert \u00e4n att landet kommer till start i Wien. Ett besked kan s\u00e5ledes dyka upp f\u00f6rst i december!<\/p>\n<\/td>\n<\/tr>\n<tr>\n<td bgcolor=\"#F7E2F7\" width=\"0.5%\"\/>\n<td width=\"2%\"\/>\n<td width=\"97%\"><img loading=\"lazy\" decoding=\"async\" class=\"alignnone size-full wp-image-44613\" src=\"https:\/\/www.europesays.com\/se\/wp-content\/uploads\/2025\/10\/finland_small.png\" alt=\"\" width=\"37\" height=\"26\"\/>Finland<\/p>\n<p>Om Finland ska delta i Eurovision Song Contest 2026 \u00e4r deras m\u00e5ls\u00e4ttning att finalen i <a href=\"https:\/\/yle.fi\/a\/74-20161890\" target=\"_blank\" rel=\"noopener nofollow\">UMK 2026<\/a> blir deras uttagning. I annat fall verkar det i skrivande stund som att finalen blir av oavsett beslut. Den kommer i vart fall att s\u00e4ndas fr\u00e5n Nokia Arena i Tammerfors, denna g\u00e5ng med finaldatum 28 februari. <a href=\"https:\/\/www.escpanelen.se\/2025\/06\/sa-blir-finlands-umk-2026\/\" rel=\"nofollow noopener\" target=\"_blank\">T\u00e4vlingsregler finns sl\u00e4ppta<\/a> och sj\u00e4lva antagningen p\u00e5gick under ett par dagar i augusti d\u00e4r 491 l\u00e5tar skickades in. <a href=\"https:\/\/yle.fi\/a\/74-20185514\" target=\"_blank\" rel=\"noopener nofollow\">I en uppdatering den 30:e september<\/a> fick vi det bekr\u00e4ftat att urvalet har gjorts men det l\u00e4r nog dr\u00f6ja n\u00e5gra m\u00e5nader till innan Yle meddelar finalisterna. Biljetter till finalen sl\u00e4pptes i b\u00f6rjan av oktober.<\/p>\n<\/td>\n<\/tr>\n<tr>\n<td bgcolor=\"#F7E2F7\" width=\"0.5%\"\/>\n<td width=\"2%\"\/>\n<td width=\"97%\"><img loading=\"lazy\" decoding=\"async\" class=\"alignnone size-full wp-image-44615\" src=\"https:\/\/www.europesays.com\/se\/wp-content\/uploads\/2025\/11\/georgia_small.png\" alt=\"\" width=\"37\" height=\"26\"\/>Georgien<\/p>\n<p>Georgien hade fram till sista november inte g\u00e5tt ut \u00e4n om de vill vara med och t\u00e4vla 2026 eller inte. Dock ska vi komma ih\u00e5g att det georgiska TV-bolaget GPB just nu st\u00e5r i slutf\u00f6rberedelserna inf\u00f6r Junior Eurovision Song Contest och f\u00f6rmodligen tar mycket av det fokus.<\/p>\n<\/td>\n<\/tr>\n<tr>\n<td bgcolor=\"#F7E2F7\" width=\"0.5%\"\/>\n<td width=\"2%\"\/>\n<td width=\"97%\"><img loading=\"lazy\" decoding=\"async\" class=\"alignnone size-full wp-image-44620\" src=\"https:\/\/www.europesays.com\/se\/wp-content\/uploads\/2025\/11\/ireland_small.png\" alt=\"\" width=\"37\" height=\"26\"\/>Irland<\/p>\n<p>Irl\u00e4ndska TV-bolaget RT\u00c9 tvekar ocks\u00e5 om sitt deltagande och har i skrivande stund inte sagt n\u00e5got OM de t\u00e4nker t\u00e4vla eller inte. Precis som Belgien och flera andra l\u00e4nder kan vi v\u00e4nta oss ett besked f\u00f6rst senare i december. Beskedet de hittills l\u00e4mnat <a href=\"https:\/\/about.rte.ie\/2025\/09\/11\/rte-statement-2026-eurovision-song-contest\/\" target=\"_blank\" rel=\"noopener nofollow\">publicerades i september<\/a>.<\/p>\n<\/td>\n<\/tr>\n<tr>\n<td bgcolor=\"#F7E2F7\" width=\"0.5%\"\/>\n<td width=\"2%\"\/>\n<td width=\"97%\"><img loading=\"lazy\" decoding=\"async\" class=\"alignnone size-full wp-image-44619\" src=\"https:\/\/www.europesays.com\/se\/wp-content\/uploads\/2025\/11\/iceland_small.png\" alt=\"\" width=\"37\" height=\"26\"\/>Island<\/p>\n<p>Om Island t\u00e4nker delta i Eurovision 2026 kommer de att anordna en <strong>S\u00f6ngvakeppnin<\/strong> som uttagning, men <a href=\"https:\/\/www.ruv.is\/english\/2025-09-09-iceland-may-not-take-part-in-eurovision-if-israel-does-453021\" target=\"_blank\" rel=\"noopener nofollow\">enligt tidigare uppgifter fr\u00e5n TV-bolaget R\u00daV<\/a> kommer uttagningen att s\u00e4ga rum oavsett om man deltar i Eurovision eller ej. Startf\u00e4ltet ber\u00e4knas best\u00e5 av tio bidrag. Under h\u00f6sten har en antagning p\u00e5g\u00e5tt som fr\u00e5n b\u00f6rjan var planerad att <a href=\"https:\/\/www.dv.is\/fokus\/2025\/09\/09\/ruv-stadfestir-thatttoku-eurovision-2026-med-fyrirvara\/\" target=\"_blank\" rel=\"noopener nofollow\">avslutas den 8:e oktober<\/a> men den f\u00f6rl\u00e4ngdes cirka en och halv m\u00e5nad.<\/p>\n<\/td>\n<\/tr>\n<tr>\n<td bgcolor=\"#F7E2F7\" width=\"0.5%\"\/>\n<td width=\"2%\"\/>\n<td width=\"97%\"><img loading=\"lazy\" decoding=\"async\" class=\"alignnone size-full wp-image-44621\" src=\"https:\/\/www.europesays.com\/se\/wp-content\/uploads\/2025\/11\/israel_small.png\" alt=\"\" width=\"37\" height=\"26\"\/>Israel<\/p>\n<p>Sedan tidigt i h\u00f6stas har Israel av flera k\u00e4llor lagts som en bekr\u00e4ftad deltagare d\u00e4r TV-bolaget KAN har sagt att de t\u00e4nker utse \u00e5tminstone sin artist genom uttagningen\u00a0<a href=\"https:\/\/eurovisionfun.com\/en\/2025\/11\/israel-all-the-highlights-from-the-ninth-episode-of-hakokhav-haba-2\/\" target=\"_blank\" rel=\"noopener nofollow\">HaKokhav HaBa L\u2019Eirovizion<\/a> p\u00e5 samma s\u00e4tt som de gjorde till 2025. Det \u00e4r en slags Idol-liknande uttagning med auditions och kvalprogram som slutligen utmynnar i en vinnare. Med anledning av de olika besked som l\u00e4mnats av ett flertal l\u00e4nder som tvekar om sitt deltagande till f\u00f6ljd av Israels eventuella medverkan har vi valt att v\u00e4nta med att s\u00e4tta upp Israel p\u00e5 bekr\u00e4ftelselistan. Helt enkelt inv\u00e4ntar vi besked om hur EBU st\u00e4ller sig till fr\u00e5gan och tills vi har ett facit i form av en officiell deltagarlista.<\/p>\n<\/td>\n<\/tr>\n<tr>\n<td bgcolor=\"#F7E2F7\" width=\"0.5%\"\/>\n<td width=\"2%\"\/>\n<td width=\"97%\"><img loading=\"lazy\" decoding=\"async\" class=\"alignnone size-full wp-image-44636\" src=\"https:\/\/www.europesays.com\/se\/wp-content\/uploads\/2025\/11\/netherlands_small.png\" alt=\"\" width=\"37\" height=\"26\"\/>Nederl\u00e4nderna<\/p>\n<p>Tidigare i somras bekr\u00e4ftade nederl\u00e4ndska AVROTROS <a href=\"https:\/\/www.avrotros.nl\/article\/inschrijving-eurovisie-songfestival-2026-geopend~1057\/\" target=\"_blank\" rel=\"noopener nofollow\">att de \u00e5terigen t\u00e4nker utse artist och bidrag internt<\/a>. Under sommaren h\u00f6lls <a href=\"https:\/\/www.escpanelen.se\/2025\/05\/nederlanderna-bekraftar-deltagande-i-eurovision-2026\/\" rel=\"nofollow noopener\" target=\"_blank\">en \u00f6ppen antagning<\/a> varp\u00e5 en tillsatt kommitt\u00e9 att v\u00e4lja ut en representant. N\u00e4r denne ber\u00e4knas att bli presenterad \u00e4r dock inte k\u00e4nt. D\u00e4remot tillh\u00f6r Nederl\u00e4nderna ett av de l\u00e4nder som tvekar om sin medverkan och vi f\u00e5r d\u00e4rf\u00f6r \u00e5terkomma till huruvida landet vill eller inte vill st\u00e4lla upp baserat p\u00e5 det resultat vi f\u00e5r i b\u00f6rjan av december.<\/p>\n<\/td>\n<\/tr>\n<tr>\n<td bgcolor=\"#F7E2F7\" width=\"0.5%\"\/>\n<td width=\"2%\"\/>\n<td width=\"97%\"><img loading=\"lazy\" decoding=\"async\" class=\"alignnone size-full wp-image-44640\" src=\"https:\/\/www.europesays.com\/se\/wp-content\/uploads\/2025\/11\/portugal_small.png\" alt=\"\" width=\"37\" height=\"26\"\/>Portugal<\/p>\n<p>I Portugal f\u00f6rbereds f\u00f6r fullt f\u00f6r en ny upplaga av Festival da Can\u00e7\u00e3o. Enligt <a href=\"https:\/\/media.rtp.pt\/festivaldacancao\/wp-content\/uploads\/sites\/98\/2025\/09\/Regulamento_FC2026.pdf\" target=\"_blank\" rel=\"noopener nofollow\">t\u00e4vlingsreglerna<\/a> blir det n\u00e5got f\u00e4rre l\u00e5tar i startf\u00e4ltet, 16 stycken, samt en n\u00e5got \u00e4ndrad f\u00f6rdelning av hur dessa har valts ut. Halva startf\u00e4ltet har g\u00e5tt till l\u00e5tskrivare som TV-bolaget RTP (som anordnar uttagningen) bjudit in internt medan den andra h\u00e4lften utg\u00f6rs av bidrag som dels valts ut fr\u00e5n en \u00f6ppen antagning, dels som fjol\u00e5rets representant (gruppen NAPA) har f\u00e5tt v\u00e4lja ut, dels en artist som valts ut fr\u00e5n en omr\u00f6stning bland unga musiktalanger i Portugal.<\/p>\n<p>Under november m\u00e5nad fick vi veta <a href=\"https:\/\/media.rtp.pt\/festivaldacancao\/artigos\/os-autores-do-festival-da-cancao-2026\/\" target=\"_blank\" rel=\"noopener nofollow\">namnen p\u00e5 de 16 l\u00e5tskrivare som har valts ut till startf\u00e4ltet<\/a> men det l\u00e4r nog dr\u00f6ja ett tag till innan vi \u00e4ven vet l\u00e5ttitlar och vilka artister som ska framf\u00f6ra l\u00e5tarna. Ibland f\u00f6rekommer det att \u00e4ven l\u00e5tskrivaren bakom ett bidrag framf\u00f6r sitt eget bidrag.<\/p>\n<p>\u00c4n s\u00e5 l\u00e4nge p\u00e5g\u00e5r uttagningen som planerat, d\u00e4remot <a href=\"https:\/\/www.esc38n.pt\/2025\/09\/portugal-rtp-diz-que-regulamento-do-fc.html\" target=\"_blank\" rel=\"noopener nofollow\">\u00e4r det inte helt officiellt bekr\u00e4ftad \u00e4n<\/a> huruvida Portugal t\u00e4nker, eller inte t\u00e4nker, delta i Eurovision 2026.<\/p>\n<\/td>\n<\/tr>\n<tr>\n<td bgcolor=\"#F7E2F7\" width=\"0.5%\"\/>\n<td width=\"2%\"\/>\n<td width=\"97%\"><img loading=\"lazy\" decoding=\"async\" class=\"alignnone size-full wp-image-44648\" src=\"https:\/\/www.europesays.com\/se\/wp-content\/uploads\/2025\/11\/spain_small.png\" alt=\"\" width=\"37\" height=\"26\"\/>Spanien<\/p>\n<p>F\u00f6r femte s\u00e4songen i f\u00f6ljd blir det <a href=\"https:\/\/esctoday.com\/201071\/spain-benidorm-fest-2026-artistic-director-and-dates-confirmed\/\" target=\"_blank\" rel=\"noopener nofollow\">Benidorm Fest<\/a> i Spanien! Uppl\u00e4gget om tv\u00e5 semifinaler och en final blir kvar, men den h\u00e4r g\u00e5ngen s\u00e4nds den lite senare i februari \u00e4n tidigare \u00e5r, i det h\u00e4r fallet den 10:e, 12:e och 14:e februari n\u00e4sta \u00e5r. Mellan juni och september <a href=\"https:\/\/www.escpanelen.se\/2025\/06\/tavlingsreglerna-for-spaniens-benidorm-fest-2026-slappta\/\" rel=\"nofollow noopener\" target=\"_blank\">p\u00e5gick en antagning<\/a> som <a href=\"https:\/\/www.rtve.es\/television\/20250926\/benidorm-fest-2026-rtve-recibe-900-canciones-participar-festival\/16745196.shtml\" target=\"_blank\" rel=\"noopener nofollow\">inbringade 870 l\u00e5tar<\/a>, vilket var n\u00e5got f\u00e4rre mot s\u00e4songen innan och nu i oktober <a href=\"https:\/\/www.escpanelen.se\/2025\/10\/artisterna-som-tavlar-i-spaniens-benidorm-fest-2026\/\" rel=\"nofollow noopener\" target=\"_blank\">fick vi veta namnen p\u00e5 de t\u00e4vlande artisterna<\/a>. Lite senare i december har det hintats om att smygklipp ska sl\u00e4ppas.<\/p>\n<p>Det \u00e4r v\u00e4rt att notera att Spanien tillh\u00f6r de l\u00e4nder som sagt att de kanske hoppar av Eurovision Song Contest 2026 men oavsett beslut kommer Benidorm Fest att genomf\u00f6ras \u00e4nd\u00e5.<\/p>\n<\/td>\n<\/tr>\n<p>\u00a0<\/p>\n<p>\u00a0<\/p>\n<p>Junior Eurovision 2025<\/p>\n<p style=\"text-align: center;\"><img loading=\"lazy\" decoding=\"async\" class=\"alignnone wp-image-158185\" src=\"https:\/\/www.europesays.com\/se\/wp-content\/uploads\/2025\/11\/header-jesc-2025.jpg\" alt=\"\" width=\"720\" height=\"378\"  \/><\/p>\n<p>Den 23:e upplagan av musikt\u00e4vlingen Junior Eurovision Song Contest kommer att \u00e4ga rum i Tbilisi i Georgien den 13:e december 2025. Det \u00e4r andra g\u00e5ngen landet arrangerar t\u00e4vlingen \u00e4ven om man vunnit den (fram till 2024) fyra g\u00e5nger.<\/p>\n<p>Sj\u00e4lva finalen startar klockan 17.00 p\u00e5 luciadagen och eftersom Sverige inte deltar denna g\u00e5ng heller kommer tv-tittare i Sverige att f\u00e5 f\u00f6lja finalen via YouTube d\u00e4r Junior Eurovision livestreamas.<\/p>\n<p>\u00a0<\/p>\n<p>Mer fakta om upplagan<\/p>\n<p>I den h\u00e4r upplagan har arton l\u00e4nder meddelat att de kommer att delta varav femton av dem ocks\u00e5 t\u00e4vlande i den f\u00f6reg\u00e5ende upplagan. Bara Estland och Tyskland, som ocks\u00e5 t\u00e4vlade ifjol, har sagt att de inte kommer att delta. De tre platserna som \u00e4r \u00f6ver gick till Azerbajdzjan, Kroatien och Montenegro som alla tre g\u00f6r comeback efter mellan tre och tio \u00e5rs fr\u00e5nvaro. Startlistan bekr\u00e4ftades i b\u00f6rjan av oktober 2025 och n\u00e5gra veckor senare meddelades \u00e4ven startordningen som gjordes efter en lottning.<\/p>\n<p>Finalen skulle initialt ha \u00e4gt rum i en st\u00f6rre arena i huvudstaden men har flyttats till en sporthall d\u00e4r scenen i skrivande stund riggas.<\/p>\n<p>\u00a0<\/p>\n<p>H\u00e4r nedan hittar du information om vilka l\u00e4nder som kommer att t\u00e4vla i finalen (listade i <strong>startordningen<\/strong>).<\/p>\n<p>\u00a0<\/p>\n<p><script async src=\"\/\/www.instagram.com\/embed.js\"><\/script><\/p>\n","protected":false},"excerpt":{"rendered":"NYHETSSAMMANFATTNING. H\u00e4r kommer sammanfattningar av nyhetsl\u00e4get i Eurovision-bubblan som det s\u00e5g ut i november 2025. \u00a0 Eurovision 2026&hellip;\n","protected":false},"author":2,"featured_media":93641,"comment_status":"","ping_status":"","sticky":false,"template":"","format":"standard","meta":{"footnotes":""},"categories":[67],"tags":[104,34,31,33,32,30,105],"class_list":{"0":"post-93640","1":"post","2":"type-post","3":"status-publish","4":"format-standard","5":"has-post-thumbnail","7":"category-underhallning","8":"tag-entertainment","9":"tag-se","10":"tag-svenska","11":"tag-sverige","12":"tag-sweden","13":"tag-swedish","14":"tag-underhallning"},"share_on_mastodon":{"url":"https:\/\/pubeurope.com\/@se\/115639211452293593","error":""},"_links":{"self":[{"href":"https:\/\/www.europesays.com\/se\/wp-json\/wp\/v2\/posts\/93640","targetHints":{"allow":["GET"]}}],"collection":[{"href":"https:\/\/www.europesays.com\/se\/wp-json\/wp\/v2\/posts"}],"about":[{"href":"https:\/\/www.europesays.com\/se\/wp-json\/wp\/v2\/types\/post"}],"author":[{"embeddable":true,"href":"https:\/\/www.europesays.com\/se\/wp-json\/wp\/v2\/users\/2"}],"replies":[{"embeddable":true,"href":"https:\/\/www.europesays.com\/se\/wp-json\/wp\/v2\/comments?post=93640"}],"version-history":[{"count":0,"href":"https:\/\/www.europesays.com\/se\/wp-json\/wp\/v2\/posts\/93640\/revisions"}],"wp:featuredmedia":[{"embeddable":true,"href":"https:\/\/www.europesays.com\/se\/wp-json\/wp\/v2\/media\/93641"}],"wp:attachment":[{"href":"https:\/\/www.europesays.com\/se\/wp-json\/wp\/v2\/media?parent=93640"}],"wp:term":[{"taxonomy":"category","embeddable":true,"href":"https:\/\/www.europesays.com\/se\/wp-json\/wp\/v2\/categories?post=93640"},{"taxonomy":"post_tag","embeddable":true,"href":"https:\/\/www.europesays.com\/se\/wp-json\/wp\/v2\/tags?post=93640"}],"curies":[{"name":"wp","href":"https:\/\/api.w.org\/{rel}","templated":true}]}}