{"id":93651,"date":"2025-11-30T15:11:19","date_gmt":"2025-11-30T15:11:19","guid":{"rendered":"https:\/\/www.europesays.com\/se\/93651\/"},"modified":"2025-11-30T15:11:19","modified_gmt":"2025-11-30T15:11:19","slug":"bilal-hussein-bryter-kontraktet-med-hertha-bsc","status":"publish","type":"post","link":"https:\/\/www.europesays.com\/se\/93651\/","title":{"rendered":"Bilal Hussein bryter kontraktet med Hertha BSC"},"content":{"rendered":"<p><strong>Bilal Hussein, 25, l\u00e4mnar Hertha BSC.<br \/>Enligt Expressen bryter mittf\u00e4ltaren kontraktet.<br \/>Hussein ska vara \u00f6ppen f\u00f6r en \u00e5terkomst till allsvenskan.<\/strong><\/p>\n<p><img loading=\"lazy\" decoding=\"async\" width=\"1024\" height=\"576\" src=\"https:\/\/www.europesays.com\/se\/wp-content\/uploads\/2025\/11\/hussein-1024x576.jpg\" alt=\"\" class=\"wp-image-345949\"  \/>Foto: Alamy<\/p>\n<p>Det har g\u00e5tt \u00f6ver tv\u00e5 \u00e5r sedan <strong><a href=\"https:\/\/fotbolldirekt.se\/spelare\/bilal-hussein\/\" rel=\"nofollow noopener\" target=\"_blank\">Bilal Hussein<\/a><\/strong> l\u00e4mnade Sverige och <a href=\"https:\/\/fotbolldirekt.se\/klubb\/aik-fotboll\/\" rel=\"nofollow noopener\" target=\"_blank\">AIK<\/a> f\u00f6r tyska <a href=\"https:\/\/fotbolldirekt.se\/klubb\/hertha-bsc\/\" rel=\"nofollow noopener\" target=\"_blank\">Hertha BSC<\/a> under sommaren 2023. Sedan dess har den svenske mittf\u00e4ltaren bara noterats f\u00f6r 18 framtr\u00e4danden f\u00f6r det tyska huvudstadslaget.<\/p>\n<p>Nu rapporterar <a href=\"https:\/\/www.expressen.se\/sport\/fotboll\/bilal-hussein-bryter-kontraktet-med-hertha-berlin\/\" rel=\"nofollow noopener\" target=\"_blank\">Expressen<\/a> att 25-\u00e5ringen har kommit \u00f6verens med Hertha om att bryta avtalet i vinter. Kontraktet mellan parterna skulle egentligen g\u00e4llt fram till sommaren 2026, men nu s\u00e4gs det allts\u00e5 brytas i f\u00f6rtid.<\/p>\n<p>Samtidigt skriver tidningen att Bilal Hussein \u00e4r \u00f6ppen f\u00f6r att \u00e5terv\u00e4nda till Sverige och <a href=\"https:\/\/fotbolldirekt.se\/allsvenskan\/\" rel=\"nofollow noopener\" target=\"_blank\">allsvenskan<\/a>.<\/p>\n","protected":false},"excerpt":{"rendered":"Bilal Hussein, 25, l\u00e4mnar Hertha BSC.Enligt Expressen bryter mittf\u00e4ltaren kontraktet.Hussein ska vara \u00f6ppen f\u00f6r en \u00e5terkomst till allsvenskan.&hellip;\n","protected":false},"author":2,"featured_media":93652,"comment_status":"","ping_status":"","sticky":false,"template":"","format":"standard","meta":{"footnotes":""},"categories":[5],"tags":[22,23,26,27,353,17,21,24,25,28,29,15,16,18,34,31,33,32,30,19,20],"class_list":{"0":"post-93651","1":"post","2":"type-post","3":"status-publish","4":"format-standard","5":"has-post-thumbnail","7":"category-rubriker","8":"tag-breaking-news","9":"tag-breakingnews","10":"tag-featured-news","11":"tag-featurednews","12":"tag-forsta-trean","13":"tag-headlines","14":"tag-huvudnyheter","15":"tag-latest-news","16":"tag-latestnews","17":"tag-main-news","18":"tag-mainnews","19":"tag-news","20":"tag-nyheter","21":"tag-rubriker","22":"tag-se","23":"tag-svenska","24":"tag-sverige","25":"tag-sweden","26":"tag-swedish","27":"tag-top-stories","28":"tag-topstories"},"share_on_mastodon":{"url":"https:\/\/pubeurope.com\/@se\/115639293396088544","error":""},"_links":{"self":[{"href":"https:\/\/www.europesays.com\/se\/wp-json\/wp\/v2\/posts\/93651","targetHints":{"allow":["GET"]}}],"collection":[{"href":"https:\/\/www.europesays.com\/se\/wp-json\/wp\/v2\/posts"}],"about":[{"href":"https:\/\/www.europesays.com\/se\/wp-json\/wp\/v2\/types\/post"}],"author":[{"embeddable":true,"href":"https:\/\/www.europesays.com\/se\/wp-json\/wp\/v2\/users\/2"}],"replies":[{"embeddable":true,"href":"https:\/\/www.europesays.com\/se\/wp-json\/wp\/v2\/comments?post=93651"}],"version-history":[{"count":0,"href":"https:\/\/www.europesays.com\/se\/wp-json\/wp\/v2\/posts\/93651\/revisions"}],"wp:featuredmedia":[{"embeddable":true,"href":"https:\/\/www.europesays.com\/se\/wp-json\/wp\/v2\/media\/93652"}],"wp:attachment":[{"href":"https:\/\/www.europesays.com\/se\/wp-json\/wp\/v2\/media?parent=93651"}],"wp:term":[{"taxonomy":"category","embeddable":true,"href":"https:\/\/www.europesays.com\/se\/wp-json\/wp\/v2\/categories?post=93651"},{"taxonomy":"post_tag","embeddable":true,"href":"https:\/\/www.europesays.com\/se\/wp-json\/wp\/v2\/tags?post=93651"}],"curies":[{"name":"wp","href":"https:\/\/api.w.org\/{rel}","templated":true}]}}