{"id":93653,"date":"2025-11-30T15:14:08","date_gmt":"2025-11-30T15:14:08","guid":{"rendered":"https:\/\/www.europesays.com\/se\/93653\/"},"modified":"2025-11-30T15:14:08","modified_gmt":"2025-11-30T15:14:08","slug":"nightshade-frequencies-satter-bathorys-musik-i-fokus-vid-nasta-ars-festival","status":"publish","type":"post","link":"https:\/\/www.europesays.com\/se\/93653\/","title":{"rendered":"Nightshade Frequencies s\u00e4tter Bathorys musik i fokus vid n\u00e4sta \u00e5rs festival"},"content":{"rendered":"<p><strong>Death Disco Productions, i samarbete med FKP Scorpio, arrangerar den andra upplagan av Nightshade Frequencies den 5 september 2026.<\/strong><\/p>\n<p>Arrang\u00f6rerna beskriver evenemanget som en festivalupplevelse \u201dl\u00e5ngt ut\u00f6ver det vanliga\u201d. Att samla ledande akter fr\u00e5n olika delar av extremmusikscenen \u00e4r enligt dem ingen ny id\u00e9, men genomf\u00f6randet uppges vara utan motstycke. I centrum st\u00e5r det svenska int\u00e5get av Blood, Fire, Death \u2013 en konstellation av skandinaviska metalmusiker vars tolkningar av Bathory har f\u00e5tt internationell uppm\u00e4rksamhet.<\/p>\n<p><strong>Medverkande:<\/strong><br \/>Erik Danielsson (Watain) \u2013 s\u00e5ng<br \/>Ivar Bj\u00f8rnson (Enslaved) \u2013 gitarr<br \/>Apollyon (Aura Noir, ex-Immortal) \u2013 bas och s\u00e5ng<br \/>Blasphemer (Vltimas, ex-Mayhem) \u2013 gitarr<br \/>Faust (Djevel, ex-Emperor) \u2013 trummor<\/p>\n<p>Enligt arrang\u00f6rerna kommer denna black metal-allstj\u00e4rnekonstellation att upptr\u00e4da i Sverige f\u00f6r f\u00f6rsta g\u00e5ngen, dessutom i Quorthons hemstad, cirka tv\u00e5 kilometer fr\u00e5n hans gravplats. Evenemanget beskrivs som en hyllning till Quorthon, som av arrang\u00f6rerna lyfts fram som en av Sveriges mest inflytelserika moderna musikskapare.<\/p>\n<p>Early Bird-biljetterna s\u00e5lde slut p\u00e5 sju minuter. Biljettpriset \u00f6kar i samband med nya bandsl\u00e4pp, men arrang\u00f6rerna framh\u00e5ller att det fortfarande finns m\u00f6jlighet att spara pengar genom att k\u00f6pa biljetter tidigt.<\/p>\n<p><strong>Datum och plats:<\/strong><br \/>5 september 2026 \u2013 Slakthusomr\u00e5det, Stockholm.<\/p>\n<p>Arrang\u00f6rerna aviserar \u00e4ven ytterligare band, tre scener och \u201den get\u201d, med fler detaljer att presenteras l\u00e4ngre fram.<\/p>\n<p><a href=\"https:\/\/www.eventim.se\/event\/nightshade-frequencies-slaktkyrkan-20995531\/\" rel=\"nofollow noopener\" target=\"_blank\">Klicka h\u00e4r f\u00f6r att komma till biljettf\u00f6rs\u00e4ljningen.<\/a><\/p>\n","protected":false},"excerpt":{"rendered":"Death Disco Productions, i samarbete med FKP Scorpio, arrangerar den andra upplagan av Nightshade Frequencies den 5 september&hellip;\n","protected":false},"author":2,"featured_media":93654,"comment_status":"","ping_status":"","sticky":false,"template":"","format":"standard","meta":{"footnotes":""},"categories":[67],"tags":[104,34,31,33,32,30,105],"class_list":{"0":"post-93653","1":"post","2":"type-post","3":"status-publish","4":"format-standard","5":"has-post-thumbnail","7":"category-underhallning","8":"tag-entertainment","9":"tag-se","10":"tag-svenska","11":"tag-sverige","12":"tag-sweden","13":"tag-swedish","14":"tag-underhallning"},"share_on_mastodon":{"url":"https:\/\/pubeurope.com\/@se\/115639305167106921","error":""},"_links":{"self":[{"href":"https:\/\/www.europesays.com\/se\/wp-json\/wp\/v2\/posts\/93653","targetHints":{"allow":["GET"]}}],"collection":[{"href":"https:\/\/www.europesays.com\/se\/wp-json\/wp\/v2\/posts"}],"about":[{"href":"https:\/\/www.europesays.com\/se\/wp-json\/wp\/v2\/types\/post"}],"author":[{"embeddable":true,"href":"https:\/\/www.europesays.com\/se\/wp-json\/wp\/v2\/users\/2"}],"replies":[{"embeddable":true,"href":"https:\/\/www.europesays.com\/se\/wp-json\/wp\/v2\/comments?post=93653"}],"version-history":[{"count":0,"href":"https:\/\/www.europesays.com\/se\/wp-json\/wp\/v2\/posts\/93653\/revisions"}],"wp:featuredmedia":[{"embeddable":true,"href":"https:\/\/www.europesays.com\/se\/wp-json\/wp\/v2\/media\/93654"}],"wp:attachment":[{"href":"https:\/\/www.europesays.com\/se\/wp-json\/wp\/v2\/media?parent=93653"}],"wp:term":[{"taxonomy":"category","embeddable":true,"href":"https:\/\/www.europesays.com\/se\/wp-json\/wp\/v2\/categories?post=93653"},{"taxonomy":"post_tag","embeddable":true,"href":"https:\/\/www.europesays.com\/se\/wp-json\/wp\/v2\/tags?post=93653"}],"curies":[{"name":"wp","href":"https:\/\/api.w.org\/{rel}","templated":true}]}}