{"id":93657,"date":"2025-11-30T15:24:14","date_gmt":"2025-11-30T15:24:14","guid":{"rendered":"https:\/\/www.europesays.com\/se\/93657\/"},"modified":"2025-11-30T15:24:14","modified_gmt":"2025-11-30T15:24:14","slug":"garmin-instinct-crossover-amoled-karismatisk-traningsklocka-med-riktiga-visare","status":"publish","type":"post","link":"https:\/\/www.europesays.com\/se\/93657\/","title":{"rendered":"Garmin Instinct Crossover Amoled \u2013 Karismatisk tr\u00e4ningsklocka med riktiga visare"},"content":{"rendered":"<p class=\"kicker t20 font-Raleway\" style=\"\">Oledsk\u00e4rm och visare<\/p>\n<p>    Att ha en sportklocka med riktiga visare kanske inte \u00e4r viktigt, men \u00e5tminstone n\u00e4r det \u00e4r s\u00e5 h\u00e4r v\u00e4l utf\u00f6rt tillf\u00f6r det mycket till k\u00e4nslan.<\/p>\n<dl>\n<dt><strong>Betyg:<\/strong><\/dt>\n<dd class=\"scoreBar\"><\/dd>\n<dd>7\/10<\/dd>\n<\/dl>\n<p>                            <img decoding=\"async\" src=\"https:\/\/www.europesays.com\/se\/wp-content\/uploads\/2025\/08\/topscore.png\"\/><\/p>\n<p>\n                                V\u00e4l fungerande integration mellan visare och sk\u00e4rm\n                            <\/p>\n<p>\n                                Dyr\n                            <\/p>\n<p>Garmin har en f\u00f6rvirrande m\u00e4ngd klockor i sin portf\u00f6lj, och \u00e5tminstone jag klarar inte av att h\u00e5lla is\u00e4r vad som s\u00e4rskiljer de olika produktfamiljerna. Baserat p\u00e5 hur de presenteras \u00e4r Instinct-familjen t\u00e4nkta att vara lite t\u00e5ligare outdoorklockor snarare \u00e4n l\u00f6parklockor eller smartklockor. Crossover Amoled betyder i sin tur att klockan har riktiga visare och en lysande Oled-sk\u00e4rm snarare \u00e4n en e-papperssk\u00e4rm som var vanligare i Garminklockor tidigare. Oled-sk\u00e4rm, men d\u00e4remot inte peksk\u00e4rm. Klockan styrs helt och h\u00e5llet via knappar. Detta st\u00f6r jag mig mindre p\u00e5 \u00e4n jag trodde att jag skulle g\u00f6ra, delvis f\u00f6r att de fem knapparna \u00e4r s\u00e5 pass intuitiva. T\u00e4nd och sl\u00e4ck sk\u00e4rmen, upp\u00e5t, ner\u00e5t, v\u00e4lj och g\u00e5 tillbaka. Men att mata in sk\u00e4rmkoden som beh\u00f6vs om jag ska kunna blippa betalningar med klockan genom att snurra ett hjul med siffror fram och tillbaka blir lite segt i l\u00e4ngden.<\/p>\n<p>Det \u00e4r en robust klocka i metall och st\u00f6tt\u00e5lig plast, men ocks\u00e5 r\u00e4tt stor och den sticker upp en del fr\u00e5n handleden. De riktiga fysiska visarna \u00e4r det som mest s\u00e4rskiljer Instinct Crossover Amoled fr\u00e5n andra Garminklockor. Om det kan man antingen tycka att det \u00e4r lysande, f\u00f6r d\u00e5 kan man alltid se vad klockan \u00e4r, eller s\u00e5 kan man tycka att den enda anledningen att man inte alltid ser vad klockan \u00e4r \u00e4ven p\u00e5 en klocka utan visare \u00e4r att sk\u00e4rmen inte t\u00e4ndes n\u00e4r du tittade p\u00e5 den. Kompensation f\u00f6r ett tekniskt misslyckande allts\u00e5. Men en klocka \u00e4r mer \u00e4n en nyttopryl, det viktiga h\u00e4r \u00e4r om du gillar att ha riktiga visare p\u00e5 din sportklocka. Och det g\u00f6r jag, i alla fall om det \u00e4r s\u00e5 v\u00e4l utf\u00f6rt som h\u00e4r.<\/p>\n<p>                <img decoding=\"async\" src=\"https:\/\/www.europesays.com\/se\/wp-content\/uploads\/2025\/11\/1661521.webp\" width=\"480\" height=\"274\" title=\"Test: Garmin Instinct Crossover Amoled \u2013 Karismatisk tr\u00e4ningsklocka med riktiga visare\" alt=\"\" loading=\"lazy\" style=\"\"\/><\/p>\n<p>Visare och sk\u00e4rm samarbetar<\/p>\n<p>Standardurtavlan p\u00e5 oledsk\u00e4rmen visar datum, puls, batteri och antal steg jag g\u00e5tt p\u00e5 sm\u00e5 displayer som flyttar sig runt p\u00e5 sk\u00e4rmen s\u00e5 att de aldrig ligger dolda av de fysiska visarna. Om jag bl\u00e4ddrar ner\u00e5t till widgetarna f\u00f6r h\u00e4lsov\u00e4rden och annat st\u00e4ller sig visarna som en linje p\u00e5 mitten av sk\u00e4rmen f\u00f6r att inte skymma inneh\u00e5llet. H\u00e4ftigast \u00e4r det n\u00e4r visarna och sk\u00e4rmen samverkar, om du till exempel sl\u00e5r p\u00e5 kompassfunktionen. D\u00e5 f\u00f6rvandlas visarna till kompassn\u00e5l, men de blir ocks\u00e5 upplysta av den underliggande sk\u00e4rmen som r\u00f6r sig i takt med de analoga visarna. Visarna \u00e4r ocks\u00e5 sj\u00e4lvlysande s\u00e5 att du kan se vad klockan \u00e4r p\u00e5 natten utan att beh\u00f6va t\u00e4nda klockans sk\u00e4rm.<\/p>\n<p>                <img decoding=\"async\" src=\"https:\/\/www.europesays.com\/se\/wp-content\/uploads\/2025\/11\/1661523.webp\" width=\"480\" height=\"274\" title=\"Test: Garmin Instinct Crossover Amoled \u2013 Karismatisk tr\u00e4ningsklocka med riktiga visare\" alt=\"\" loading=\"lazy\" style=\"\"\/><\/p>\n<p>Systemet i klockan k\u00e4nns igen fr\u00e5n andra Garminklockor, med de tidigare n\u00e4mnda widgetarna som presenterar kortfattad h\u00e4lsofunktion, och tillg\u00e5ng till tr\u00e4ningspass och andra appar. H\u00e4r finns m\u00e5nga tr\u00e4ningspass att v\u00e4lja mellan men f\u00f6r l\u00f6pning f\u00e5r du inte lika detaljerad information som fr\u00e5n Garmins l\u00f6pklockor.<\/p>\n<p>R\u00f6r dig!<\/p>\n<p>Ibland f\u00e5r man k\u00e4nslan av att klockan inte har den senaste versionen av Garmins system. R\u00f6relsep\u00e5minnelserna har till exempel blivit mycket b\u00e4ttre i de senaste Garminklockorna jag testat, men h\u00e4r \u00e4r vi tillbaka till ett barskt \u201cR\u00f6r Dig!\u201d utan vidare f\u00f6rklaring av vad klockan tycker att jag ska g\u00f6ra. En g\u00e5ng blir jag \u00e5thutad att r\u00f6ra mig n\u00e4r jag \u00e4r i f\u00e4rd med att lyfta hantlar.<\/p>\n<p>Klockans extrafunktioner har tydlig inriktning mot vildmarks\u00e4ventyr, som navigering, expeditionsl\u00e4ge d\u00e4r navigeringen h\u00e5lls ig\u00e5ng men h\u00e4lsosensorerna st\u00e4ngs av f\u00f6r att spara batteri och m\u00f6jligheten att l\u00e4gga in referenspunkter som du kan navigera tillbaka till. Det finns ocks\u00e5 en appbutik med ett litet antal tredjepartsappar som kan installeras, men inte Spotify, m\u00f6jlighet att lyssna p\u00e5 musik i klockan utan mobilen saknas.<\/p>\n<p>                <img decoding=\"async\" src=\"https:\/\/www.europesays.com\/se\/wp-content\/uploads\/2025\/11\/1661525.webp\" width=\"480\" height=\"274\" title=\"Test: Garmin Instinct Crossover Amoled \u2013 Karismatisk tr\u00e4ningsklocka med riktiga visare\" alt=\"\" loading=\"lazy\" style=\"\"\/><\/p>\n<p>Du kan ta emot aviseringar fr\u00e5n mobilen till klockan, och har du en Androidmobil kan du \u00e4ven svara p\u00e5 dem med ett antal f\u00f6rinst\u00e4llda fraser. De kan du redigera i appen p\u00e5 mobilen som du synkar mot.<\/p>\n<p>Klockan har en separat ficklampa riktad upp\u00e5t som du t\u00e4nder genom att dubbeltrycka p\u00e5 av\/p\u00e5-knappen och de flesta knappar har genv\u00e4gar som du kommer till med dubbeltryck eller l\u00e5ngtryck. Till funktioner som saknas h\u00f6r som n\u00e4mnts m\u00f6jlighet att lyssna p\u00e5 musik utan mobilen.<\/p>\n<p>                <img decoding=\"async\" src=\"https:\/\/www.europesays.com\/se\/wp-content\/uploads\/2025\/11\/1661527.webp\" width=\"480\" height=\"274\" title=\"Test: Garmin Instinct Crossover Amoled \u2013 Karismatisk tr\u00e4ningsklocka med riktiga visare\" alt=\"\" loading=\"lazy\" style=\"\"\/><\/p>\n<p>Garmin anger klockans batteritid till 14 dagar om du inte har always on-displayen p\u00e5. F\u00f6r ovanlighets skull f\u00e5r jag betydligt mindre \u00e4n vad Garmin anger, och jag beh\u00f6ver ladda om klockan efter lite mer \u00e4n 8 dagar efter en full laddning. Sedan ska det s\u00e4gas att klockan forts\u00e4tter att visa tiden med visarna \u00e4ven efter att batteriet tagit slut s\u00e5 att oled-sk\u00e4rmen \u00e4r sl\u00e4ckt, oklart hur l\u00e4nge.<\/p>\n<p>Om du har sv\u00e5rt att se po\u00e4ngen med analoga visare p\u00e5 en smartklocka l\u00e4r inte Garmin Instinct Crossover Amoled omv\u00e4nda dig, men om dess utseende tilltalar dig \u00e4r det troligt att klockan kommer att charma dig \u00e4nnu mer n\u00e4r du b\u00f6rjar anv\u00e4nda den.<\/p>\n<dl>\n<dt><strong>Betyg:<\/strong><\/dt>\n<dd class=\"scoreBar\"><\/dd>\n<dd>7\/10<\/dd>\n<\/dl>\n<p>                            <img decoding=\"async\" src=\"https:\/\/www.europesays.com\/se\/wp-content\/uploads\/2025\/08\/topscore.png\"\/><\/p>\n<p>\n                        M\u00e5tt: 46,6 x 46,6 x 15,1 mm<br \/>\n<br \/>Vikt: 67 g <br \/>Material: Sk\u00e4rm i safirglas, infattning i rostfritt st\u00e5l.<br \/>\n<br \/>Operativsystem: Garmins eget<br \/>\n<br \/>Lagring: 4 GB<br \/>\nSk\u00e4rm: 1,2 tum, 390 x 390 pixel. <br \/>Batteritid: Upp till 14 dagar<br \/>\n<br \/>Sensorer: Kompass, h\u00f6jdm\u00e4tare, sensorer f\u00f6r \u00f6vervakning av syrem\u00e4ttnad (SpO2), pulssensor, accelerometer, gyroskop, sensor f\u00f6r omgivningsljus, termometer, barometer.<br \/>\n<br \/>Vattenskydd: 5ATM<br \/>\n<br \/>Fungerar med: Android\/Ios<br \/>\n<br \/>Pris: Fr\u00e5n 6900 kr\n                        <\/p>\n<p>\n                                V\u00e4l fungerande integration mellan visare och sk\u00e4rm\n                            <\/p>\n<p>\n                                Dyr\n                            <\/p>\n","protected":false},"excerpt":{"rendered":"Oledsk\u00e4rm och visare Att ha en sportklocka med riktiga visare kanske inte \u00e4r viktigt, men \u00e5tminstone n\u00e4r det&hellip;\n","protected":false},"author":2,"featured_media":93658,"comment_status":"","ping_status":"","sticky":false,"template":"","format":"standard","meta":{"footnotes":""},"categories":[66],"tags":[80,78,79,34,31,33,32,30,81,84,83,82],"class_list":{"0":"post-93657","1":"post","2":"type-post","3":"status-publish","4":"format-standard","5":"has-post-thumbnail","7":"category-vetenskap-och-teknik","8":"tag-science","9":"tag-science-and-technology","10":"tag-scienceandtechnology","11":"tag-se","12":"tag-svenska","13":"tag-sverige","14":"tag-sweden","15":"tag-swedish","16":"tag-technology","17":"tag-teknik","18":"tag-vetenskap","19":"tag-vetenskapteknik"},"share_on_mastodon":{"url":"https:\/\/pubeurope.com\/@se\/115639344604495601","error":""},"_links":{"self":[{"href":"https:\/\/www.europesays.com\/se\/wp-json\/wp\/v2\/posts\/93657","targetHints":{"allow":["GET"]}}],"collection":[{"href":"https:\/\/www.europesays.com\/se\/wp-json\/wp\/v2\/posts"}],"about":[{"href":"https:\/\/www.europesays.com\/se\/wp-json\/wp\/v2\/types\/post"}],"author":[{"embeddable":true,"href":"https:\/\/www.europesays.com\/se\/wp-json\/wp\/v2\/users\/2"}],"replies":[{"embeddable":true,"href":"https:\/\/www.europesays.com\/se\/wp-json\/wp\/v2\/comments?post=93657"}],"version-history":[{"count":0,"href":"https:\/\/www.europesays.com\/se\/wp-json\/wp\/v2\/posts\/93657\/revisions"}],"wp:featuredmedia":[{"embeddable":true,"href":"https:\/\/www.europesays.com\/se\/wp-json\/wp\/v2\/media\/93658"}],"wp:attachment":[{"href":"https:\/\/www.europesays.com\/se\/wp-json\/wp\/v2\/media?parent=93657"}],"wp:term":[{"taxonomy":"category","embeddable":true,"href":"https:\/\/www.europesays.com\/se\/wp-json\/wp\/v2\/categories?post=93657"},{"taxonomy":"post_tag","embeddable":true,"href":"https:\/\/www.europesays.com\/se\/wp-json\/wp\/v2\/tags?post=93657"}],"curies":[{"name":"wp","href":"https:\/\/api.w.org\/{rel}","templated":true}]}}