{"id":93661,"date":"2025-11-30T15:39:09","date_gmt":"2025-11-30T15:39:09","guid":{"rendered":"https:\/\/www.europesays.com\/se\/93661\/"},"modified":"2025-11-30T15:39:09","modified_gmt":"2025-11-30T15:39:09","slug":"einars-mamma-lena-nilsson-forlater-hellre-mordaren","status":"publish","type":"post","link":"https:\/\/www.europesays.com\/se\/93661\/","title":{"rendered":"Ein\u00e1rs mamma Lena Nilsson: F\u00f6rl\u00e5ter hellre m\u00f6rdaren"},"content":{"rendered":"<p>Mordet p\u00e5 Nils \u201dEin\u00e1r\u201d Gr\u00f6nberg \u00e4r fortfarande ol\u00f6st, fyra \u00e5r senare.<\/p>\n<p>Artistens mamma Lena Nilsson s\u00e4ger i \u201d<a href=\"https:\/\/www.sverigesradio.se\/avsnitt\/lena-nilsson-om-sorgen-som-aldrig-gar-over\" rel=\"nofollow noopener\" target=\"_blank\">S\u00f6ndagsintervjun<\/a>\u201d att hon f\u00f6rl\u00e5ter och v\u00e4lsignar de skyldiga.<\/p>\n<p>\u2013 Det h\u00e4r med hat, h\u00e4mnd och vems fel det var. Det \u00e4r inget jag kan \u00e4gna mig \u00e5t, s\u00e4ger hon i intervjun.<\/p>\n<p>Senaste nyhetsklippen fr\u00e5n Expressen.<img   alt=\"\"\/><\/p>\n<p>Rapparen Nils \u201dEin\u00e1r\u201d Gr\u00f6nberg sk\u00f6ts till d\u00f6ds 21 oktober 2021.<\/p>\n<p>Foto: PATRIK C \u00d6STERBERG \/ STELLA PICTURES<\/p>\n<p>\u00d6ppna bild i helsk\u00e4rm<img loading=\"lazy\"   alt=\"\"\/><\/p>\n<p>Lena Nilsson, ber\u00e4ttar om sorgen i \u201dS\u00f6ndagsintervjun\u201d.<\/p>\n<p>Foto: Karin T\u00f6rnblom\/TT \/ TT NYHETSBYR\u00c5N<\/p>\n<p>\u00d6ppna bild i helsk\u00e4rm<\/p>\n<p>Rapparen <a href=\"https:\/\/www.expressen.se\/tagg\/person\/einar\/\" class=\"\" rel=\"nofollow noopener\" target=\"_blank\">Ein\u00e1r<\/a> l\u00e4mnade cykelf\u00f6rr\u00e5det i Hammarby sj\u00f6stad tillsammans med tv\u00e5 v\u00e4nner en Stockholmsnatt f\u00f6r \u00f6ver fyra \u00e5r sedan.<\/p>\n<p>Utanf\u00f6r v\u00e4ntade tv\u00e5 skyttar som jagade ikapp 19-\u00e5ringen och m\u00f6rdade honom.\u00a0<\/p>\n<p>I \u201dS\u00f6ndagsintervjun\u201d i Sveriges Radio ber\u00e4ttar Gr\u00f6nbergs mamma, sk\u00e5despelaren Lena Nilsson, att hon <a href=\"https:\/\/www.expressen.se\/nyheter\/sverige\/jag-horde-skotten\/\" rel=\"nofollow noopener\" target=\"_blank\">h\u00f6rde skotten och hittade sin son d\u00f6d<\/a>.<\/p>\n<p>\u201dV\u00e4lsignar och f\u00f6rl\u00e5ter hellre\u201d<\/p>\n<p>Fyra \u00e5r senare har ingen \u00e5talats eller d\u00f6mts f\u00f6r mordet och det r\u00e4knas som ett kallt fall hos polisen.<\/p>\n<p>Lena Nilsson s\u00e4ger i intervjun att hon inte g\u00e5r och t\u00e4nker p\u00e5 vilka som \u00e4r skyldiga. Hon tror inte heller att en f\u00e4llande dom skulle vara n\u00e5gon hj\u00e4lp f\u00f6r henne i sorgen.<\/p>\n<p>\u2013 Jag g\u00e5r inte och t\u00e4nker p\u00e5 \u201dvad gjorde den eller den f\u00f6r fel\u201d. Jag tycker att s\u00e5 fort vi m\u00e4nniskor b\u00f6rjar se \u201dvems \u00e4r felet\u201d och fokuserar p\u00e5 det i st\u00e4llet f\u00f6r vad vi kan g\u00f6ra&#8230; Om jag skulle g\u00f6ra det skulle jag vara i n\u00e5got jag inte vill vara i, s\u00e4ger hon i intervjun.<\/p>\n<p>\u2013 Jag v\u00e4lsignar och f\u00f6rl\u00e5ter hellre de som har gjort det, forts\u00e4tter Lena Nilsson.<\/p>\n","protected":false},"excerpt":{"rendered":"Mordet p\u00e5 Nils \u201dEin\u00e1r\u201d Gr\u00f6nberg \u00e4r fortfarande ol\u00f6st, fyra \u00e5r senare. Artistens mamma Lena Nilsson s\u00e4ger i \u201dS\u00f6ndagsintervjun\u201d&hellip;\n","protected":false},"author":2,"featured_media":93662,"comment_status":"","ping_status":"","sticky":false,"template":"","format":"standard","meta":{"footnotes":""},"categories":[67],"tags":[104,11020,1651,34,154,31,33,32,30,668,136,436,105],"class_list":{"0":"post-93661","1":"post","2":"type-post","3":"status-publish","4":"format-standard","5":"has-post-thumbnail","7":"category-underhallning","8":"tag-entertainment","9":"tag-newsstory-mordet-pa-einar","10":"tag-person-einar","11":"tag-se","12":"tag-sections-sverige","13":"tag-svenska","14":"tag-sverige","15":"tag-sweden","16":"tag-swedish","17":"tag-topic-gangkriminalitet","18":"tag-topic-rattegangar-domar","19":"tag-topic-valdsbrott-mord","20":"tag-underhallning"},"share_on_mastodon":{"url":"https:\/\/pubeurope.com\/@se\/115639403393306172","error":""},"_links":{"self":[{"href":"https:\/\/www.europesays.com\/se\/wp-json\/wp\/v2\/posts\/93661","targetHints":{"allow":["GET"]}}],"collection":[{"href":"https:\/\/www.europesays.com\/se\/wp-json\/wp\/v2\/posts"}],"about":[{"href":"https:\/\/www.europesays.com\/se\/wp-json\/wp\/v2\/types\/post"}],"author":[{"embeddable":true,"href":"https:\/\/www.europesays.com\/se\/wp-json\/wp\/v2\/users\/2"}],"replies":[{"embeddable":true,"href":"https:\/\/www.europesays.com\/se\/wp-json\/wp\/v2\/comments?post=93661"}],"version-history":[{"count":0,"href":"https:\/\/www.europesays.com\/se\/wp-json\/wp\/v2\/posts\/93661\/revisions"}],"wp:featuredmedia":[{"embeddable":true,"href":"https:\/\/www.europesays.com\/se\/wp-json\/wp\/v2\/media\/93662"}],"wp:attachment":[{"href":"https:\/\/www.europesays.com\/se\/wp-json\/wp\/v2\/media?parent=93661"}],"wp:term":[{"taxonomy":"category","embeddable":true,"href":"https:\/\/www.europesays.com\/se\/wp-json\/wp\/v2\/categories?post=93661"},{"taxonomy":"post_tag","embeddable":true,"href":"https:\/\/www.europesays.com\/se\/wp-json\/wp\/v2\/tags?post=93661"}],"curies":[{"name":"wp","href":"https:\/\/api.w.org\/{rel}","templated":true}]}}