{"id":93669,"date":"2025-11-30T15:54:08","date_gmt":"2025-11-30T15:54:08","guid":{"rendered":"https:\/\/www.europesays.com\/se\/93669\/"},"modified":"2025-11-30T15:54:08","modified_gmt":"2025-11-30T15:54:08","slug":"anger-pa-pallen-i-ruka-fruktansvart-imponerande","status":"publish","type":"post","link":"https:\/\/www.europesays.com\/se\/93669\/","title":{"rendered":"Anger p\u00e5 pallen i Ruka: \u201dFruktansv\u00e4rt imponerande\u201d"},"content":{"rendered":"<p>Edvin Anger gjorde en stark insats och slutade trea p\u00e5 masstarten i Ruka. Svensken var med i t\u00e4ten under hela 20-kilometersloppet och var ofta uppe och drog.<\/p>\n<p>P\u00e5 upploppet orkade 23-\u00e5ringen inte h\u00e4nga med norrm\u00e4nnen Harald \u00d8stberg Amundsen och Einar Hedegart som slutade etta respektive tv\u00e5a.<\/p>\n<p>\u2013 Fruktansv\u00e4rt imponerande av Edvin Anger att g\u00e5 i utbrytning s\u00e5 l\u00e4nge och ha den h\u00e4r urladdningen kvar, s\u00e4ger Viaplays expert Johan Olsson, enligt Expressen.<\/p>\n<p>Omni \u00e4r politiskt obundna och oberoende. Vi str\u00e4var efter att ge fler perspektiv p\u00e5 nyheterna. Har du fr\u00e5gor eller synpunkter kring v\u00e5r rapportering? <a href=\"https:\/\/omni.se\/anger-pa-pallen-i-ruka-fruktansvart-imponerande\/a\/mailto:redaktion@omni.se\" class=\"ArticleActions_contactLink__W2F1M\" rel=\"nofollow noopener\" target=\"_blank\">Kontakta redaktionen<\/a><\/p>\n","protected":false},"excerpt":{"rendered":"Edvin Anger gjorde en stark insats och slutade trea p\u00e5 masstarten i Ruka. Svensken var med i t\u00e4ten&hellip;\n","protected":false},"author":2,"featured_media":93670,"comment_status":"","ping_status":"","sticky":false,"template":"","format":"standard","meta":{"footnotes":""},"categories":[68],"tags":[9495,3237,34,111,110,31,33,32,30],"class_list":{"0":"post-93669","1":"post","2":"type-post","3":"status-publish","4":"format-standard","5":"has-post-thumbnail","7":"category-sport","8":"tag-edvin-anger","9":"tag-langdskidor","10":"tag-se","11":"tag-sport","12":"tag-sports","13":"tag-svenska","14":"tag-sverige","15":"tag-sweden","16":"tag-swedish"},"share_on_mastodon":{"url":"https:\/\/pubeurope.com\/@se\/115639462355587483","error":""},"_links":{"self":[{"href":"https:\/\/www.europesays.com\/se\/wp-json\/wp\/v2\/posts\/93669","targetHints":{"allow":["GET"]}}],"collection":[{"href":"https:\/\/www.europesays.com\/se\/wp-json\/wp\/v2\/posts"}],"about":[{"href":"https:\/\/www.europesays.com\/se\/wp-json\/wp\/v2\/types\/post"}],"author":[{"embeddable":true,"href":"https:\/\/www.europesays.com\/se\/wp-json\/wp\/v2\/users\/2"}],"replies":[{"embeddable":true,"href":"https:\/\/www.europesays.com\/se\/wp-json\/wp\/v2\/comments?post=93669"}],"version-history":[{"count":0,"href":"https:\/\/www.europesays.com\/se\/wp-json\/wp\/v2\/posts\/93669\/revisions"}],"wp:featuredmedia":[{"embeddable":true,"href":"https:\/\/www.europesays.com\/se\/wp-json\/wp\/v2\/media\/93670"}],"wp:attachment":[{"href":"https:\/\/www.europesays.com\/se\/wp-json\/wp\/v2\/media?parent=93669"}],"wp:term":[{"taxonomy":"category","embeddable":true,"href":"https:\/\/www.europesays.com\/se\/wp-json\/wp\/v2\/categories?post=93669"},{"taxonomy":"post_tag","embeddable":true,"href":"https:\/\/www.europesays.com\/se\/wp-json\/wp\/v2\/tags?post=93669"}],"curies":[{"name":"wp","href":"https:\/\/api.w.org\/{rel}","templated":true}]}}