{"id":93681,"date":"2025-11-30T16:10:13","date_gmt":"2025-11-30T16:10:13","guid":{"rendered":"https:\/\/www.europesays.com\/se\/93681\/"},"modified":"2025-11-30T16:10:13","modified_gmt":"2025-11-30T16:10:13","slug":"rolfo-bankades-mot-frankrike-man-blir-besviken-sverige","status":"publish","type":"post","link":"https:\/\/www.europesays.com\/se\/93681\/","title":{"rendered":"Rolf\u00f6 b\u00e4nkades mot Frankrike: &#8221;Man blir besviken&#8221; &#8211; Sverige"},"content":{"rendered":"<p>Tony Gustavsson har varit tydlig med att bronsmatcherna mot Frankrike \u00e4r viktiga att vinna, men att det ocks\u00e5 \u00e4r bra tillf\u00e4llen att testa vad de yngre spelarna g\u00e5r f\u00f6r.<\/p>\n<p>Det gjorde han i den f\u00f6rsta matchen mot Frankrike n\u00e4r spelare som Felicia Schr\u00f6der och Monica Jusu Bah fick chansen i st\u00e4llet f\u00f6r Stina Blackstenius och Fridolina Rolf\u00f6.<\/p>\n<p>Rolf\u00f6, numera i Manchester United, f\u00f6ljde hela den f\u00f6rsta halvleken fr\u00e5n b\u00e4nken och byttes in i matchminut 61.<\/p>\n<p>&#8211; Man vill alltid spela fr\u00e5n start och man blir besviken, man vill spela till varje pris, men det \u00e4r upp till honom. Det jag kan g\u00f6ra \u00e4r att komma in och g\u00f6ra s\u00e5 mycket jag kan, visa att jag vill spela, s\u00e4ger hon.<\/p>\n<p><strong>\u00c4r det speciellt n\u00e4r han kastar om s\u00e5 mycket som han g\u00f6r?<\/strong><br \/>&#8211;\u00a0D\u00e4r f\u00e5r man nog g\u00e5 till varje spelare f\u00f6r det \u00e4r v\u00e4ldigt olika hur man reagerar p\u00e5 s\u00e5dana situationer. Vi har sett att han vill g\u00f6ra det p\u00e5 det s\u00e4ttet. Jag kan bara k\u00e4nna att det \u00e4r upp till var och en och visa vad man g\u00e5r f\u00f6r, s\u00e4ger Rolf\u00f6 och forts\u00e4tter.<\/p>\n<p>&#8211; Jag kan inte g\u00f6ra mer \u00e4n att bevisa att jag vill spela n\u00e4r jag v\u00e4l f\u00e5r chansen.<\/p>\n<p>Med Magdalena Eriksson som har slutat och med Linda Sembrant som g\u00f6r sin sista landskamp p\u00e5 tisdag \u00e4r generationsskiftet ett faktum i landslaget.<\/p>\n<p>&#8211; Man f\u00e5r energi av den ungdomliga delen, b\u00e5de fotbollsspelandet och personligheterna som \u00e4r. Det \u00e4r j\u00e4tteh\u00e4rligt. Vi har m\u00e5nga duktiga spelare, konkurrens i gruppen och det k\u00e4nns bra, s\u00e4ger Rolf\u00f6.<\/p>\n<p>P\u00e5 tisdag spelas den avg\u00f6rande matchen mot Frankrike p\u00e5 3Arena. Sverige beh\u00f6ver h\u00e4mta upp 1-2-underl\u00e4get f\u00f6r att ha chans att ta brons. <\/p>\n<p>&#8211; Det finns m\u00e5nga delar som vi kan plocka med oss. Defensivt tycker jag funkar v\u00e4ldigt bra, presspelet sitter bra. Det finns saker vi kan f\u00f6rb\u00e4ttra men presspelet sitter b\u00e4ttre. Sedan beh\u00f6ver vi utveckla lite n\u00e4r vi v\u00e4ljer att g\u00e5 fram\u00e5t och n\u00e4r vi v\u00e4ljer att h\u00e5lla i bollen, s\u00e4ger hon.<\/p>\n","protected":false},"excerpt":{"rendered":"Tony Gustavsson har varit tydlig med att bronsmatcherna mot Frankrike \u00e4r viktiga att vinna, men att det ocks\u00e5&hellip;\n","protected":false},"author":2,"featured_media":93682,"comment_status":"","ping_status":"","sticky":false,"template":"","format":"standard","meta":{"footnotes":""},"categories":[68],"tags":[34,111,110,31,33,32,30],"class_list":{"0":"post-93681","1":"post","2":"type-post","3":"status-publish","4":"format-standard","5":"has-post-thumbnail","7":"category-sport","8":"tag-se","9":"tag-sport","10":"tag-sports","11":"tag-svenska","12":"tag-sverige","13":"tag-sweden","14":"tag-swedish"},"share_on_mastodon":{"url":"https:\/\/pubeurope.com\/@se\/115639525247965500","error":""},"_links":{"self":[{"href":"https:\/\/www.europesays.com\/se\/wp-json\/wp\/v2\/posts\/93681","targetHints":{"allow":["GET"]}}],"collection":[{"href":"https:\/\/www.europesays.com\/se\/wp-json\/wp\/v2\/posts"}],"about":[{"href":"https:\/\/www.europesays.com\/se\/wp-json\/wp\/v2\/types\/post"}],"author":[{"embeddable":true,"href":"https:\/\/www.europesays.com\/se\/wp-json\/wp\/v2\/users\/2"}],"replies":[{"embeddable":true,"href":"https:\/\/www.europesays.com\/se\/wp-json\/wp\/v2\/comments?post=93681"}],"version-history":[{"count":0,"href":"https:\/\/www.europesays.com\/se\/wp-json\/wp\/v2\/posts\/93681\/revisions"}],"wp:featuredmedia":[{"embeddable":true,"href":"https:\/\/www.europesays.com\/se\/wp-json\/wp\/v2\/media\/93682"}],"wp:attachment":[{"href":"https:\/\/www.europesays.com\/se\/wp-json\/wp\/v2\/media?parent=93681"}],"wp:term":[{"taxonomy":"category","embeddable":true,"href":"https:\/\/www.europesays.com\/se\/wp-json\/wp\/v2\/categories?post=93681"},{"taxonomy":"post_tag","embeddable":true,"href":"https:\/\/www.europesays.com\/se\/wp-json\/wp\/v2\/tags?post=93681"}],"curies":[{"name":"wp","href":"https:\/\/api.w.org\/{rel}","templated":true}]}}