{"id":93685,"date":"2025-11-30T16:18:08","date_gmt":"2025-11-30T16:18:08","guid":{"rendered":"https:\/\/www.europesays.com\/se\/93685\/"},"modified":"2025-11-30T16:18:08","modified_gmt":"2025-11-30T16:18:08","slug":"taktiken-bakom-angers-succe-men-varfor-sodra-dalarnes-tidning","status":"publish","type":"post","link":"https:\/\/www.europesays.com\/se\/93685\/","title":{"rendered":"Taktiken bakom Angers succ\u00e9: \u201dMen varf\u00f6r?\u201d &#8211; S\u00f6dra Dalarnes Tidning"},"content":{"rendered":"<ol>\n<li><a href=\"https:\/\/news.google.com\/rss\/articles\/CBMifEFVX3lxTE5ENXRYb3loTGlMNkpGY29ZODNaUzAtTGJzMkxxVk5VbFhNQWI0cWI0MjU4LTZKdThXVUZJa3gxTDJPUm5DZUJDS0VHaEZBUlc4VWZieUV4Q2R1T0t6eTNvTEttcWNhZ3dzTDdEeEI4RXM3VlNsRW5hNDBGVEc?oc=5\" target=\"_blank\" rel=\"nofollow noopener\">Taktiken bakom Angers succ\u00e9: \u201dMen varf\u00f6r?\u201d<\/a>&nbsp;&nbsp;S\u00f6dra Dalarnes Tidning<\/li>\n<li><a href=\"https:\/\/news.google.com\/rss\/articles\/CBMiigFBVV95cUxNYXhaSzhmVHBZS1BuN2lLVmRMYlJlRmdETm1nUHFGQVM0b0gtSnJaVlZaZjJuenlxV3QtS3llcGFxN3NfeWp1NV9kakNZVzg5ZnhfbHAzUUw1X2Exb05fdkJvQzluZWNrc0gtRnZiQnVsSEJyOFdfVWtkNm1aUHUtTmZrelBxMWhPUFE?oc=5\" target=\"_blank\" rel=\"nofollow noopener\">Edvin Anger p\u00e5 pallen \u2013 slutade trea<\/a>&nbsp;&nbsp;Aftonbladet<\/li>\n<li><a href=\"https:\/\/news.google.com\/rss\/articles\/CBMifkFVX3lxTE1IcnBFOEF1R1NydnA4cVNzX3NiTHkwel90TExSTi0xbXlTQTY0X1dTSk1IOExpamdBb0IzR0oxRzdZdjV1dWNNMDVveEpCUGFZYmRTOENyUnkwR1oxVm5PYTZkY1Y2dVNycjVQLWRWOU1kd3YxUXhMNm9xdU9WUQ?oc=5\" target=\"_blank\" rel=\"nofollow noopener\">L\u00e4ngdskidor: Edvin Anger trea i masstarten i Ruka: \u201dDet var sk\u00f6nt\u201d<\/a>&nbsp;&nbsp;SVT Nyheter<\/li>\n<li><a href=\"https:\/\/news.google.com\/rss\/articles\/CBMikAFBVV95cUxQR0NKd0pSa1ZPZDBrWWlyOHdWc2Z3UG5FaVdReHJoYlp2ekhqQjRUTnNzVWF3dkJELUpmYlJrTjF6MGtaTjBhNldIWDVESHVMWUlDNTM2aUR1LTRscVprYjBfWl9kNXFpbHNPUS1UWUhLelk5b09NRXlOLWhUajItNkR3cDlQZ1RLTVRYMjhkYTU?oc=5\" target=\"_blank\" rel=\"nofollow noopener\">Ov\u00e4ntade samarbetet gav pallplats: \u201dVinnande koncept\u201d<\/a>&nbsp;&nbsp;Sveriges Radio<\/li>\n<li><a href=\"https:\/\/news.google.com\/rss\/articles\/CBMiiwFBVV95cUxQUFh1VnpiWFF1TUZvZnVyaGN3VGUyYmNRbjBhUDJTZ3V4VFk4VFlybEwxSDNpVVpDcXNEbFkzalFKc2R4YWd5Mi1NNWtwTUhfY2VpN29jR0o4SUdTT3BRX0NvajRMc0pGN1ViSkRteG1DZHByak1nWHpZMV9iVDhycG5NNVRLWW1DY08w?oc=5\" target=\"_blank\" rel=\"nofollow noopener\">\u201dS\u00e5 sk\u00f6nt efter tv\u00e5 bedr\u00f6vliga dagar\u201d<\/a>&nbsp;&nbsp;Expressen<\/li>\n<\/ol>\n","protected":false},"excerpt":{"rendered":"Taktiken bakom Angers succ\u00e9: \u201dMen varf\u00f6r?\u201d&nbsp;&nbsp;S\u00f6dra Dalarnes Tidning Edvin Anger p\u00e5 pallen \u2013 slutade trea&nbsp;&nbsp;Aftonbladet L\u00e4ngdskidor: Edvin Anger&hellip;\n","protected":false},"author":2,"featured_media":93686,"comment_status":"","ping_status":"","sticky":false,"template":"","format":"standard","meta":{"footnotes":""},"categories":[68],"tags":[34,111,110,31,33,32,30],"class_list":{"0":"post-93685","1":"post","2":"type-post","3":"status-publish","4":"format-standard","5":"has-post-thumbnail","7":"category-sport","8":"tag-se","9":"tag-sport","10":"tag-sports","11":"tag-svenska","12":"tag-sverige","13":"tag-sweden","14":"tag-swedish"},"share_on_mastodon":{"url":"https:\/\/pubeurope.com\/@se\/115639556708199072","error":""},"_links":{"self":[{"href":"https:\/\/www.europesays.com\/se\/wp-json\/wp\/v2\/posts\/93685","targetHints":{"allow":["GET"]}}],"collection":[{"href":"https:\/\/www.europesays.com\/se\/wp-json\/wp\/v2\/posts"}],"about":[{"href":"https:\/\/www.europesays.com\/se\/wp-json\/wp\/v2\/types\/post"}],"author":[{"embeddable":true,"href":"https:\/\/www.europesays.com\/se\/wp-json\/wp\/v2\/users\/2"}],"replies":[{"embeddable":true,"href":"https:\/\/www.europesays.com\/se\/wp-json\/wp\/v2\/comments?post=93685"}],"version-history":[{"count":0,"href":"https:\/\/www.europesays.com\/se\/wp-json\/wp\/v2\/posts\/93685\/revisions"}],"wp:featuredmedia":[{"embeddable":true,"href":"https:\/\/www.europesays.com\/se\/wp-json\/wp\/v2\/media\/93686"}],"wp:attachment":[{"href":"https:\/\/www.europesays.com\/se\/wp-json\/wp\/v2\/media?parent=93685"}],"wp:term":[{"taxonomy":"category","embeddable":true,"href":"https:\/\/www.europesays.com\/se\/wp-json\/wp\/v2\/categories?post=93685"},{"taxonomy":"post_tag","embeddable":true,"href":"https:\/\/www.europesays.com\/se\/wp-json\/wp\/v2\/tags?post=93685"}],"curies":[{"name":"wp","href":"https:\/\/api.w.org\/{rel}","templated":true}]}}