{"id":93687,"date":"2025-11-30T16:25:17","date_gmt":"2025-11-30T16:25:17","guid":{"rendered":"https:\/\/www.europesays.com\/se\/93687\/"},"modified":"2025-11-30T16:25:17","modified_gmt":"2025-11-30T16:25:17","slug":"masskjutning-pa-barnkalas-i-stockton-flera-doda","status":"publish","type":"post","link":"https:\/\/www.europesays.com\/se\/93687\/","title":{"rendered":"Masskjutning p\u00e5 barnkalas i Stockton \u2013 flera d\u00f6da"},"content":{"rendered":"<p>Publicerad 30 nov 2025 kl 05.42Uppdaterad kl 11.06<\/p>\n<p><img loading=\"lazy\"   alt=\"\"\/><\/p>\n<p>Polis p\u00e5 plats efter skottlossningen.<\/p>\n<p>Foto: ETHAN SWOPE \/ AP TT NYHETSBYR\u00c5N<\/p>\n<p>\u00d6ppna bild i helsk\u00e4rm<img loading=\"lazy\"   alt=\"\"\/><\/p>\n<p>\u201dDet ser ut som en riktad attack\u201d, s\u00e4ger polisens presstalesperson Heather Brent.<\/p>\n<p>Foto: ETHAN SWOPE \/ AP TT NYHETSBYR\u00c5N<\/p>\n<p>\u00d6ppna bild i helsk\u00e4rm<\/p>\n<p>En masskjutning har intr\u00e4ffat p\u00e5 ett barnkalas i Stockton, <a href=\"https:\/\/www.expressen.se\/tagg\/location\/kalifornien\/\" class=\"\" rel=\"nofollow noopener\" target=\"_blank\">Kalifornien<\/a>. Skjutningen ska ha intr\u00e4ffat p\u00e5 eller i n\u00e4rheten av en Dairy Queen i stadens norra utkanter.\u00a0<\/p>\n<p>\u2013 Vi har fjorton offer i den h\u00e4r skjutningen. Fyra av dem har avlidit, s\u00e4ger Heather Brent, polisens presstalesperson.<\/p>\n<p>Hon uppger vidare att man misst\u00e4nker att det handlar om en \u201driktad attack\u201d och att det finns s\u00e5v\u00e4l barn som vuxna bland offren.\u00a0<\/p>\n<p>\u2013 V\u00e5r f\u00f6rsta prioritet \u00e4r att identifiera den misst\u00e4nkta nu, s\u00e4ger Brent.<\/p>\n<p>\u201dP\u00e5g\u00e5ende utredning\u201d\u00a0<\/p>\n<p>Stadens bitr\u00e4dande borgm\u00e4stare Jason Lee ber\u00e4ttar om skjutningen:<\/p>\n<p>\u2013 Som bitr\u00e4dande borgm\u00e4stare i Stockton \u2013 och som n\u00e5gon som v\u00e4xt upp h\u00e4r \u2013 \u00e4r jag f\u00f6rkrossad och arg \u00f6ver att f\u00e5 h\u00f6ra att en masskjutning \u00e4gt rum p\u00e5 ett barns f\u00f6delsedagskalas. En glassbar ska aldrig vara en plats d\u00e4r familjer fruktar f\u00f6r sina liv, s\u00e4ger han enligt <a href=\"https:\/\/eu.usatoday.com\/story\/news\/nation\/2025\/11\/29\/shooting-stockton-california\/87533856007\/\" rel=\"nofollow noopener\" target=\"_blank\">Stockton Record<\/a>.<\/p>\n<p>\u201dDetta \u00e4r en mycket aktiv och p\u00e5g\u00e5ende utredning och informationen \u00e4r fortfarande begr\u00e4nsad. Tidiga uppgifter tyder p\u00e5 att detta kan vara en riktad attack, och utredare unders\u00f6ker alla m\u00f6jligheter\u201d, skriver San Joaquin County Sherriffs Office p\u00e5 <a href=\"https:\/\/x.com\/SJSheriff\/status\/1994989202615021604\" rel=\"nofollow\">X<\/a>.\u00a0<\/p>\n<p><img alt=\"\"\/>Ljudklippet gick inte att spela upp<\/p>\n<p>F\u00f6rs\u00f6k igen senare<\/p>\n","protected":false},"excerpt":{"rendered":"Publicerad 30 nov 2025 kl 05.42Uppdaterad kl 11.06 Polis p\u00e5 plats efter skottlossningen. Foto: ETHAN SWOPE \/ AP&hellip;\n","protected":false},"author":2,"featured_media":93688,"comment_status":"","ping_status":"","sticky":false,"template":"","format":"standard","meta":{"footnotes":""},"categories":[5],"tags":[22,23,26,27,17,21,24,25,1503,45,28,29,15,16,18,34,55,31,33,32,30,19,897,20],"class_list":{"0":"post-93687","1":"post","2":"type-post","3":"status-publish","4":"format-standard","5":"has-post-thumbnail","7":"category-rubriker","8":"tag-breaking-news","9":"tag-breakingnews","10":"tag-featured-news","11":"tag-featurednews","12":"tag-headlines","13":"tag-huvudnyheter","14":"tag-latest-news","15":"tag-latestnews","16":"tag-location-kalifornien","17":"tag-location-usa","18":"tag-main-news","19":"tag-mainnews","20":"tag-news","21":"tag-nyheter","22":"tag-rubriker","23":"tag-se","24":"tag-sections-varlden","25":"tag-svenska","26":"tag-sverige","27":"tag-sweden","28":"tag-swedish","29":"tag-top-stories","30":"tag-topic-skottlossning","31":"tag-topstories"},"share_on_mastodon":{"url":"https:\/\/pubeurope.com\/@se\/115639584303250917","error":""},"_links":{"self":[{"href":"https:\/\/www.europesays.com\/se\/wp-json\/wp\/v2\/posts\/93687","targetHints":{"allow":["GET"]}}],"collection":[{"href":"https:\/\/www.europesays.com\/se\/wp-json\/wp\/v2\/posts"}],"about":[{"href":"https:\/\/www.europesays.com\/se\/wp-json\/wp\/v2\/types\/post"}],"author":[{"embeddable":true,"href":"https:\/\/www.europesays.com\/se\/wp-json\/wp\/v2\/users\/2"}],"replies":[{"embeddable":true,"href":"https:\/\/www.europesays.com\/se\/wp-json\/wp\/v2\/comments?post=93687"}],"version-history":[{"count":0,"href":"https:\/\/www.europesays.com\/se\/wp-json\/wp\/v2\/posts\/93687\/revisions"}],"wp:featuredmedia":[{"embeddable":true,"href":"https:\/\/www.europesays.com\/se\/wp-json\/wp\/v2\/media\/93688"}],"wp:attachment":[{"href":"https:\/\/www.europesays.com\/se\/wp-json\/wp\/v2\/media?parent=93687"}],"wp:term":[{"taxonomy":"category","embeddable":true,"href":"https:\/\/www.europesays.com\/se\/wp-json\/wp\/v2\/categories?post=93687"},{"taxonomy":"post_tag","embeddable":true,"href":"https:\/\/www.europesays.com\/se\/wp-json\/wp\/v2\/tags?post=93687"}],"curies":[{"name":"wp","href":"https:\/\/api.w.org\/{rel}","templated":true}]}}