{"id":93717,"date":"2025-11-30T17:14:29","date_gmt":"2025-11-30T17:14:29","guid":{"rendered":"https:\/\/www.europesays.com\/se\/93717\/"},"modified":"2025-11-30T17:14:29","modified_gmt":"2025-11-30T17:14:29","slug":"mordade-soldaten-sarah-beckstrom-ett-meningslost-uppdrag","status":"publish","type":"post","link":"https:\/\/www.europesays.com\/se\/93717\/","title":{"rendered":"M\u00f6rdade soldaten Sarah Beckstrom: Ett meningsl\u00f6st uppdrag"},"content":{"rendered":"<p>Publicerad 30 nov 2025 kl 16.46<\/p>\n<p>Nationalgardisten Sarah Beckstrom, 20, m\u00f6rdades under sitt uppdrag i Washington DC.\u00a0<\/p>\n<p>Ett uppdrag hon hade blandade k\u00e4nslor inf\u00f6r.<\/p>\n<p>\u2013 Hon sa: &#8217;Det h\u00e4r \u00e4r meningsl\u00f6st&#8217;, s\u00e4ger hennes tidigare pojkv\u00e4n.<\/p>\n<p>Senaste klippen om Trump-administrationen.<img   alt=\"\"\/><\/p>\n<p>Saraha Beckstrom m\u00f6rdades i attacken i Washington.<\/p>\n<p>Foto: HANDOUT\/ UPI\/ SHUTTERSTOCK EDITORIAL\/ IBL<\/p>\n<p>\u00d6ppna bild i helsk\u00e4rm<img loading=\"lazy\"   alt=\"\"\/><\/p>\n<p>Sarah Beckstroms v\u00e4nner s\u00f6rjer efter mordet.<\/p>\n<p>Foto: KATHLEEN BATTEN \/ AP\/ TT<\/p>\n<p>\u00d6ppna bild i helsk\u00e4rm<\/p>\n<p>Sarah Beckstrom var en av <a href=\"https:\/\/www.expressen.se\/nyheter\/varlden\/soldaterna-sarah-beckstrom-och-andrew-wolfe-skots-vid-vita-huset\/\" rel=\"nofollow noopener\" target=\"_blank\">tv\u00e5 soldater<\/a> fr\u00e5n West Virginias nationalgarde som misst\u00e4nks ha skjutits av <a href=\"https:\/\/www.expressen.se\/nyheter\/varlden\/elitsoldaten-rahmanullah-lakanwal--misstanks-for-dadet-vid-vita-huset\/\" rel=\"nofollow noopener\" target=\"_blank\">den afghanska elitsoldaten Rahmanullah Lakanwal<\/a>, 29, i Washington DC. Beckstrom dog medan Andrew Wolfe, 24, fortfarande beskrivs som kritiskt skadad.\u00a0<\/p>\n<p>I en intervju med CNN ber\u00e4ttar Saraha Beckstroms f\u00f6re detta pojkv\u00e4n Adam Carr om hennes k\u00e4nslor inf\u00f6r uppdraget att st\u00e4vja brottsligheten i den amerikanska huvudstaden.\u00a0<\/p>\n<p>\u2013 Det var blandat. Hon blev inkallad, men de gav dem inga befogenheter alls, s\u00e4ger han.<\/p>\n<p>\u2013 Hon sa: \u2019Folk spottar p\u00e5 oss, sk\u00e4ller ut oss, kastar saker p\u00e5 oss \u2013 och vi kan inte g\u00f6ra n\u00e5gonting.\u2019 Hon kunde inte h\u00e5lla kvar n\u00e5gon. Hon kunde inte stoppa n\u00e5gon fr\u00e5n att g\u00f6ra fel. De sa bara \u00e5t dem att ringa polisen, forts\u00e4tter han.<\/p>\n<p>Meningsl\u00f6st<\/p>\n<p>Han ber\u00e4ttar att hon \u00e4nd\u00e5 var d\u00e4r f\u00f6r att g\u00f6ra skillnad, hon ans\u00e5g att brottsligheten \u00e4r ett problem och att de hade kunnat g\u00f6ra nytta.<\/p>\n<p>\u2013 Hon var glad \u00f6ver att f\u00e5 chansen, men samtidigt sa hon: \u2019Varf\u00f6r \u00e4r jag h\u00e4r om jag inte kan g\u00f6ra n\u00e5got? Det \u00e4r meningsl\u00f6st om vi inte f\u00e5r g\u00f6ra n\u00e5gonting&#8217;.<\/p>\n<p>Sarah Beckstrom var en av tusentals nationalgardister som skickades till Washington DC i augusti f\u00f6r att bek\u00e4mpa brottsligheten i staden, som <a href=\"https:\/\/www.expressen.se\/tagg\/person\/donald-trump\/\" class=\"\" rel=\"nofollow noopener\" target=\"_blank\">Donald Trump<\/a> beskrivit som ursp\u00e5rad. \u00c4ven om brottsligheten i staden \u00e4r v\u00e4ldigt h\u00f6g har den minskat de senaste \u00e5ren.\u00a0<\/p>\n<p>Adam Carr beskriver \u00e4ven sin f\u00f6re detta flickv\u00e4n, f\u00f6rh\u00e5llandet tog slut under hennes tj\u00e4nstg\u00f6ring i huvudstaden, som en k\u00e4rleksfull och omt\u00e4nksam person.<\/p>\n<p>\u2013 \u00c4ven om hon inte k\u00e4nde dig, gjorde hon vad som helst f\u00f6r dig. En av de finaste m\u00e4nniskor man kunde tr\u00e4ffa, s\u00e4ger Carr.<\/p>\n","protected":false},"excerpt":{"rendered":"Publicerad 30 nov 2025 kl 16.46 Nationalgardisten Sarah Beckstrom, 20, m\u00f6rdades under sitt uppdrag i Washington DC.\u00a0 Ett&hellip;\n","protected":false},"author":2,"featured_media":93718,"comment_status":"","ping_status":"","sticky":false,"template":"","format":"standard","meta":{"footnotes":""},"categories":[5],"tags":[22,23,26,27,17,21,24,25,1829,28,29,15,16,198,18,34,55,31,33,32,30,19,204,436,20],"class_list":{"0":"post-93717","1":"post","2":"type-post","3":"status-publish","4":"format-standard","5":"has-post-thumbnail","7":"category-rubriker","8":"tag-breaking-news","9":"tag-breakingnews","10":"tag-featured-news","11":"tag-featurednews","12":"tag-headlines","13":"tag-huvudnyheter","14":"tag-latest-news","15":"tag-latestnews","16":"tag-location-washington-dc","17":"tag-main-news","18":"tag-mainnews","19":"tag-news","20":"tag-nyheter","21":"tag-person-donald-trump","22":"tag-rubriker","23":"tag-se","24":"tag-sections-varlden","25":"tag-svenska","26":"tag-sverige","27":"tag-sweden","28":"tag-swedish","29":"tag-top-stories","30":"tag-topic-amerikansk-politik","31":"tag-topic-valdsbrott-mord","32":"tag-topstories"},"share_on_mastodon":{"url":"https:\/\/pubeurope.com\/@se\/115639776956250965","error":""},"_links":{"self":[{"href":"https:\/\/www.europesays.com\/se\/wp-json\/wp\/v2\/posts\/93717","targetHints":{"allow":["GET"]}}],"collection":[{"href":"https:\/\/www.europesays.com\/se\/wp-json\/wp\/v2\/posts"}],"about":[{"href":"https:\/\/www.europesays.com\/se\/wp-json\/wp\/v2\/types\/post"}],"author":[{"embeddable":true,"href":"https:\/\/www.europesays.com\/se\/wp-json\/wp\/v2\/users\/2"}],"replies":[{"embeddable":true,"href":"https:\/\/www.europesays.com\/se\/wp-json\/wp\/v2\/comments?post=93717"}],"version-history":[{"count":0,"href":"https:\/\/www.europesays.com\/se\/wp-json\/wp\/v2\/posts\/93717\/revisions"}],"wp:featuredmedia":[{"embeddable":true,"href":"https:\/\/www.europesays.com\/se\/wp-json\/wp\/v2\/media\/93718"}],"wp:attachment":[{"href":"https:\/\/www.europesays.com\/se\/wp-json\/wp\/v2\/media?parent=93717"}],"wp:term":[{"taxonomy":"category","embeddable":true,"href":"https:\/\/www.europesays.com\/se\/wp-json\/wp\/v2\/categories?post=93717"},{"taxonomy":"post_tag","embeddable":true,"href":"https:\/\/www.europesays.com\/se\/wp-json\/wp\/v2\/tags?post=93717"}],"curies":[{"name":"wp","href":"https:\/\/api.w.org\/{rel}","templated":true}]}}