{"id":93726,"date":"2025-11-30T17:27:24","date_gmt":"2025-11-30T17:27:24","guid":{"rendered":"https:\/\/www.europesays.com\/se\/93726\/"},"modified":"2025-11-30T17:27:24","modified_gmt":"2025-11-30T17:27:24","slug":"vi-gar-i-vantans-osakra-tider-infor-fedbesked","status":"publish","type":"post","link":"https:\/\/www.europesays.com\/se\/93726\/","title":{"rendered":"\u201dVi g\u00e5r i v\u00e4ntans os\u00e4kra tider inf\u00f6r Fedbesked\u201d"},"content":{"rendered":"<p>Det \u00e4r rafflande tider i den amerikanska penningpolitiken, n\u00e4r Federal Reserve snart \u00e5ter samlas f\u00f6r att meddela sitt r\u00e4ntebesked. Samtidigt antyder president Trump att en ny Fed-chef snart ska utses. \u201dNu \u00e5terst\u00e5r v\u00e4ntans os\u00e4kra tider\u201d, skriver Danske Banks valutastrateg Stefan Mellin. <\/p>\n<p>Omni \u00e4r politiskt obundna och oberoende. Vi str\u00e4var efter att ge fler perspektiv p\u00e5 nyheterna. Har du fr\u00e5gor eller synpunkter kring v\u00e5r rapportering? <a href=\"https:\/\/omniekonomi.se\/vi-gar-i-vantans-osakra-tider-infor-fedbesked\/a\/mailto:eko@omni.se\" class=\"ArticleActions_contactLink__W2F1M\" rel=\"nofollow noopener\" target=\"_blank\">Kontakta redaktionen<\/a><\/p>\n","protected":false},"excerpt":{"rendered":"Det \u00e4r rafflande tider i den amerikanska penningpolitiken, n\u00e4r Federal Reserve snart \u00e5ter samlas f\u00f6r att meddela sitt&hellip;\n","protected":false},"author":2,"featured_media":93727,"comment_status":"","ping_status":"","sticky":false,"template":"","format":"standard","meta":{"footnotes":""},"categories":[65],"tags":[75,72,385,70,71,9623,1725,11021,2858,2856,268,103,34,31,33,32,30,74],"class_list":{"0":"post-93726","1":"post","2":"type-post","3":"status-publish","4":"format-standard","5":"has-post-thumbnail","7":"category-ekonomi","8":"tag-amerikansk-ekonomi","9":"tag-business","10":"tag-donald-trump","11":"tag-economy","12":"tag-ekonomi","13":"tag-expertroster","14":"tag-federal-reserve","15":"tag-folj-skribenten-stefan-mellin","16":"tag-jerome-powell","17":"tag-kevin-hassett","18":"tag-nordamerika","19":"tag-premium","20":"tag-se","21":"tag-svenska","22":"tag-sverige","23":"tag-sweden","24":"tag-swedish","25":"tag-usa"},"share_on_mastodon":{"url":"https:\/\/pubeurope.com\/@se\/115639828047475111","error":""},"_links":{"self":[{"href":"https:\/\/www.europesays.com\/se\/wp-json\/wp\/v2\/posts\/93726","targetHints":{"allow":["GET"]}}],"collection":[{"href":"https:\/\/www.europesays.com\/se\/wp-json\/wp\/v2\/posts"}],"about":[{"href":"https:\/\/www.europesays.com\/se\/wp-json\/wp\/v2\/types\/post"}],"author":[{"embeddable":true,"href":"https:\/\/www.europesays.com\/se\/wp-json\/wp\/v2\/users\/2"}],"replies":[{"embeddable":true,"href":"https:\/\/www.europesays.com\/se\/wp-json\/wp\/v2\/comments?post=93726"}],"version-history":[{"count":0,"href":"https:\/\/www.europesays.com\/se\/wp-json\/wp\/v2\/posts\/93726\/revisions"}],"wp:featuredmedia":[{"embeddable":true,"href":"https:\/\/www.europesays.com\/se\/wp-json\/wp\/v2\/media\/93727"}],"wp:attachment":[{"href":"https:\/\/www.europesays.com\/se\/wp-json\/wp\/v2\/media?parent=93726"}],"wp:term":[{"taxonomy":"category","embeddable":true,"href":"https:\/\/www.europesays.com\/se\/wp-json\/wp\/v2\/categories?post=93726"},{"taxonomy":"post_tag","embeddable":true,"href":"https:\/\/www.europesays.com\/se\/wp-json\/wp\/v2\/tags?post=93726"}],"curies":[{"name":"wp","href":"https:\/\/api.w.org\/{rel}","templated":true}]}}