{"id":93738,"date":"2025-11-30T17:46:11","date_gmt":"2025-11-30T17:46:11","guid":{"rendered":"https:\/\/www.europesays.com\/se\/93738\/"},"modified":"2025-11-30T17:46:11","modified_gmt":"2025-11-30T17:46:11","slug":"sa-slar-den-starka-svenska-kronan-mot-ditt-fondsparande","status":"publish","type":"post","link":"https:\/\/www.europesays.com\/se\/93738\/","title":{"rendered":"S\u00e5 sl\u00e5r den starka svenska kronan mot ditt fondsparande"},"content":{"rendered":"<p class=\"sc-c25743f0-0 sc-e37c0145-2 hObFds DQgPn\"><strong>B\u00f6rsrekorden avl\u00f6ser varandra. <br \/>Men f\u00f6r m\u00e5nga svenskar v\u00e4xer inte fondsparandet i samma takt. <br \/>F\u00f6rklaringen? Den starka kronan. <br \/>\u2013 <\/strong><strong>Det \u00e4r en v\u00e4ldigt stor del av avkastningen som svenska sparare tyv\u00e4rr inte har f\u00e5tt ta del av, s\u00e4ger sparekonomen Frida Bratt. <\/strong><\/p>\n<p class=\"sc-c25743f0-0 sc-e37c0145-2 hObFds DQgPn\">Den svenska kronan \u00e4r p\u00e5 fortsatt frammarsch. Den har i \u00e5r g\u00e5tt b\u00e4st av de mest handlade valutorna i den s\u00e5 kallade G10-gruppen. Nu ligger kursen p\u00e5 9,45 kronor mot en dollar, vilket inneb\u00e4r att den har st\u00e4rkt med 17,2 procent under 2025, enligt Bloomberg. <\/p>\n<p class=\"sc-c25743f0-0 sc-e37c0145-2 hObFds DQgPn\">Ett gl\u00e4dje\u00e4mne f\u00f6r svenska semesterfirare. Desto s\u00e4mre nyheter f\u00f6r de som sparar pengar i exempelvis globalfonder, som \u00e4r tungt viktade mot USA. <\/p>\n<p class=\"sc-c25743f0-0 sc-e37c0145-2 hObFds DQgPn\">Enligt sparekonomen Frida Bratt har kronf\u00f6rst\u00e4rkningen p\u00e5verkat svenskarnas sparande i \u201dv\u00e4ldigt h\u00f6g utstr\u00e4ckning\u201d. Det handlar om flera procent mindre i avkastning.  <\/p>\n<p class=\"sc-c25743f0-0 sc-e37c0145-2 hObFds DQgPn\">\u2013 Det \u00e4r d\u00e4rf\u00f6r m\u00e5nga kanske loggar in och ser att globalfonderna inte alls g\u00e5tt s\u00e4rskilt bra trots att man l\u00e4ser om kursrekord. D\u00e5 beror det p\u00e5 att kronan har st\u00e4rkts mot dollarn, s\u00e4ger hon. <\/p>\n<p>Sl\u00e5r p\u00e5 flera procent<\/p>\n<p class=\"sc-c25743f0-0 sc-e37c0145-2 hObFds DQgPn\">Sparare f\u00e5r helt enkelt mindre tillbaka i kronor f\u00f6r varje dollar som de k\u00f6pt fondandelar f\u00f6r. <\/p>\n<p class=\"sc-c25743f0-0 sc-e37c0145-2 hObFds DQgPn\">\u2013 Det \u00e4r en v\u00e4ldigt stor del som svenska sparare tyv\u00e4rr har g\u00e5tt miste om.<\/p>\n<p class=\"sc-c25743f0-0 sc-e37c0145-2 hObFds DQgPn\">Hon p\u00e5pekar att kronan under flera \u00e5r tidigare tappat mot dollarn \u2013 vilket har gett motsatt effekt. <\/p>\n<p class=\"sc-c25743f0-0 sc-e37c0145-2 hObFds DQgPn\">\u2013 Vi har exempel p\u00e5 \u00e5r d\u00e4r v\u00e4rldsindex eller den amerikanska b\u00f6rsen har g\u00e5tt p\u00e5 minus, men d\u00e4r den svaga kronan har blivit en krockkudde s\u00e5 att ens fonder inte har g\u00e5tt lika d\u00e5ligt som de annars skulle ha gjort. <\/p>\n<p>S\u00e5 ska du t\u00e4nka<\/p>\n<p class=\"sc-c25743f0-0 sc-e37c0145-2 hObFds DQgPn\">Det har troligen gjort att m\u00e5nga inte k\u00e4nner till hur stor valutaeffekten kan bli. <\/p>\n<p class=\"sc-c25743f0-0 sc-e37c0145-2 hObFds DQgPn\">\u2013 Jag tror att man kanske inte har t\u00e4nkt p\u00e5 den f\u00f6r det har bara varit att fonderna har g\u00e5tt bra.<\/p>\n<p class=\"sc-c25743f0-0 sc-e37c0145-2 hObFds DQgPn\">Frida Bratt konstaterar att det \u00e4r sv\u00e5rt att planera sina fondval efter valutan. Hon anser dock att man b\u00f6r komplettera sitt sparande med exempelvis en Sverigefond och en tillv\u00e4xtfond f\u00f6r att j\u00e4mna ut valutaeffekten. <\/p>\n<p class=\"sc-c25743f0-0 sc-e37c0145-2 hObFds DQgPn\">\u2013 Det \u00e4r bra att vara medveten om att en globalfond \u00e4r 70 procent USA. Det \u00e4r en USA-fond och det \u00e4r en fond som kommer att p\u00e5verkas v\u00e4ldigt mycket av hur dollarn g\u00e5r och hur kronan g\u00e5r gentemot dollarn. <\/p>\n","protected":false},"excerpt":{"rendered":"B\u00f6rsrekorden avl\u00f6ser varandra. Men f\u00f6r m\u00e5nga svenskar v\u00e4xer inte fondsparandet i samma takt. F\u00f6rklaringen? Den starka kronan. \u2013&hellip;\n","protected":false},"author":2,"featured_media":93739,"comment_status":"","ping_status":"","sticky":false,"template":"","format":"standard","meta":{"footnotes":""},"categories":[65],"tags":[72,70,71,34,31,33,32,30],"class_list":{"0":"post-93738","1":"post","2":"type-post","3":"status-publish","4":"format-standard","5":"has-post-thumbnail","7":"category-ekonomi","8":"tag-business","9":"tag-economy","10":"tag-ekonomi","11":"tag-se","12":"tag-svenska","13":"tag-sverige","14":"tag-sweden","15":"tag-swedish"},"share_on_mastodon":{"url":"https:\/\/pubeurope.com\/@se\/115639902859388078","error":""},"_links":{"self":[{"href":"https:\/\/www.europesays.com\/se\/wp-json\/wp\/v2\/posts\/93738","targetHints":{"allow":["GET"]}}],"collection":[{"href":"https:\/\/www.europesays.com\/se\/wp-json\/wp\/v2\/posts"}],"about":[{"href":"https:\/\/www.europesays.com\/se\/wp-json\/wp\/v2\/types\/post"}],"author":[{"embeddable":true,"href":"https:\/\/www.europesays.com\/se\/wp-json\/wp\/v2\/users\/2"}],"replies":[{"embeddable":true,"href":"https:\/\/www.europesays.com\/se\/wp-json\/wp\/v2\/comments?post=93738"}],"version-history":[{"count":0,"href":"https:\/\/www.europesays.com\/se\/wp-json\/wp\/v2\/posts\/93738\/revisions"}],"wp:featuredmedia":[{"embeddable":true,"href":"https:\/\/www.europesays.com\/se\/wp-json\/wp\/v2\/media\/93739"}],"wp:attachment":[{"href":"https:\/\/www.europesays.com\/se\/wp-json\/wp\/v2\/media?parent=93738"}],"wp:term":[{"taxonomy":"category","embeddable":true,"href":"https:\/\/www.europesays.com\/se\/wp-json\/wp\/v2\/categories?post=93738"},{"taxonomy":"post_tag","embeddable":true,"href":"https:\/\/www.europesays.com\/se\/wp-json\/wp\/v2\/tags?post=93738"}],"curies":[{"name":"wp","href":"https:\/\/api.w.org\/{rel}","templated":true}]}}