{"id":93758,"date":"2025-11-30T18:12:11","date_gmt":"2025-11-30T18:12:11","guid":{"rendered":"https:\/\/www.europesays.com\/se\/93758\/"},"modified":"2025-11-30T18:12:11","modified_gmt":"2025-11-30T18:12:11","slug":"vilnius-flygplats-stanger-efter-ballonglarm","status":"publish","type":"post","link":"https:\/\/www.europesays.com\/se\/93758\/","title":{"rendered":"Vilnius flygplats st\u00e4nger efter ballonglarm"},"content":{"rendered":"<p class=\"boxtextgrotesk-root_baa6 hyperion-css-7pajle\">Uppdaterad 19.01 | Publicerad 18.48<\/p>\n<p>share-arrowDela<\/p>\n<p>unsaveSpara<\/p>\n<p>expand-left<\/p>\n<p>helsk\u00e4rm<img decoding=\"async\" class=\"image-asset hyperion-css-u06ts1\" data-test-tag=\"image-asset\" src=\"https:\/\/www.europesays.com\/se\/wp-content\/uploads\/2025\/11\/7b190acd-574b-40a0-85f9-b32d8db0349c\"  alt=\"En odaterad bild visar en av de belarusiska ballonger som upphittats i Litauen.\"  loading=\"eager\" fetchpriority=\"high\" style=\"aspect-ratio:1900 \/ 1267\"\/>En odaterad bild visar en av de belarusiska ballonger som upphittats i Litauen. Foto: Litauens Statliga Gr\u00e4nsvakt Via AP\/TT<\/p>\n<p class=\"hyperion-css-1shl3oz\" data-test-tag=\"lead-text\">Flygplatsen i Litauens huvudstad Vilnius har avbrutit alla starter och landningar till f\u00f6ljd av ett larm om att ballonger kan ha r\u00f6rt sig i riktning mot flygplatsen.<\/p>\n<p class=\"hyperion-css-1v9qo5x\">\u201dEnligt de f\u00f6rsta uppgifterna p\u00e5verkades beslutet att inf\u00f6ra luftrumsbegr\u00e4nsningar av navigationssignaturer som \u00e4r karakteristiska f\u00f6r ballonger \u201d, skriver flygplatsen i ett inl\u00e4gg p\u00e5 sin Facebooksida.<\/p>\n<p class=\"hyperion-css-1v9qo5x\">Det tillf\u00e4lliga stoppet b\u00f6rjade g\u00e4lla vid 18-tiden, lokal tid, och ska forts\u00e4tta under kv\u00e4llen.<\/p>\n<p class=\"hyperion-css-1v9qo5x\">I torsdags st\u00e4ngde Litauen gr\u00e4nsen mot Belarus efter att ballonger fr\u00e5n Belarus upprepat inkr\u00e4ktat p\u00e5 Litauens luftrum och bland annat tvingat flygplatsen i Vilnius att st\u00e4nga.<\/p>\n<p class=\"hyperion-css-1v9qo5x\">Fram\u00f6ver kommer ballongerna att skjutas ner, meddelade premi\u00e4rminister Inga Ruginiene.<\/p>\n<p class=\"hyperion-css-1v9qo5x\">Litauen har riktat anklagelser \u00e4ven mot Ryssland, som de menar ligger bakom \u201dde psykologiska hybridoperationerna\u201d.<\/p>\n<p class=\"hyperion-css-1v9qo5x\">Litauen utesluter inte att \u00e5beropa Natos artikel 4 till f\u00f6ljd av ballongerna, sade Ruginiene d\u00e5. Artikel 4 sl\u00e5r fast att f\u00f6rsvarsalliansens medlemmar ska samr\u00e5da br\u00e5dskande n\u00e4r ett medlemsland k\u00e4nner sig hotat.<\/p>\n","protected":false},"excerpt":{"rendered":"Uppdaterad 19.01 | Publicerad 18.48 share-arrowDela unsaveSpara expand-left helsk\u00e4rmEn odaterad bild visar en av de belarusiska ballonger som&hellip;\n","protected":false},"author":2,"featured_media":93759,"comment_status":"","ping_status":"","sticky":false,"template":"","format":"standard","meta":{"footnotes":""},"categories":[14],"tags":[22,23,26,27,17,21,24,25,28,29,15,16,18,34,31,33,32,30,19,20,51,52,53,54],"class_list":{"0":"post-93758","1":"post","2":"type-post","3":"status-publish","4":"format-standard","5":"has-post-thumbnail","7":"category-varlden","8":"tag-breaking-news","9":"tag-breakingnews","10":"tag-featured-news","11":"tag-featurednews","12":"tag-headlines","13":"tag-huvudnyheter","14":"tag-latest-news","15":"tag-latestnews","16":"tag-main-news","17":"tag-mainnews","18":"tag-news","19":"tag-nyheter","20":"tag-rubriker","21":"tag-se","22":"tag-svenska","23":"tag-sverige","24":"tag-sweden","25":"tag-swedish","26":"tag-top-stories","27":"tag-topstories","28":"tag-varlden","29":"tag-world","30":"tag-world-news","31":"tag-worldnews"},"share_on_mastodon":{"url":"https:\/\/pubeurope.com\/@se\/115640005167317861","error":""},"_links":{"self":[{"href":"https:\/\/www.europesays.com\/se\/wp-json\/wp\/v2\/posts\/93758","targetHints":{"allow":["GET"]}}],"collection":[{"href":"https:\/\/www.europesays.com\/se\/wp-json\/wp\/v2\/posts"}],"about":[{"href":"https:\/\/www.europesays.com\/se\/wp-json\/wp\/v2\/types\/post"}],"author":[{"embeddable":true,"href":"https:\/\/www.europesays.com\/se\/wp-json\/wp\/v2\/users\/2"}],"replies":[{"embeddable":true,"href":"https:\/\/www.europesays.com\/se\/wp-json\/wp\/v2\/comments?post=93758"}],"version-history":[{"count":0,"href":"https:\/\/www.europesays.com\/se\/wp-json\/wp\/v2\/posts\/93758\/revisions"}],"wp:featuredmedia":[{"embeddable":true,"href":"https:\/\/www.europesays.com\/se\/wp-json\/wp\/v2\/media\/93759"}],"wp:attachment":[{"href":"https:\/\/www.europesays.com\/se\/wp-json\/wp\/v2\/media?parent=93758"}],"wp:term":[{"taxonomy":"category","embeddable":true,"href":"https:\/\/www.europesays.com\/se\/wp-json\/wp\/v2\/categories?post=93758"},{"taxonomy":"post_tag","embeddable":true,"href":"https:\/\/www.europesays.com\/se\/wp-json\/wp\/v2\/tags?post=93758"}],"curies":[{"name":"wp","href":"https:\/\/api.w.org\/{rel}","templated":true}]}}