{"id":93760,"date":"2025-11-30T18:14:30","date_gmt":"2025-11-30T18:14:30","guid":{"rendered":"https:\/\/www.europesays.com\/se\/93760\/"},"modified":"2025-11-30T18:14:30","modified_gmt":"2025-11-30T18:14:30","slug":"toronto-svensken-oliver-ekman-larsson-skadad-hockeysverige-se","status":"publish","type":"post","link":"https:\/\/www.europesays.com\/se\/93760\/","title":{"rendered":"Toronto-svensken Oliver Ekman-Larsson skadad &#8211; hockeysverige.se"},"content":{"rendered":"<p><strong>Po\u00e4ng i nio raka matcher och n\u00e4rmar sig alla tiders klubbrekord.<br \/>Natten till s\u00f6ndag skadade sig dock Oliver Ekman-Larsson. Nu kommenterar Toronto-tr\u00e4naren Craig Berube l\u00e4get.<br \/>\u2013\u00a0Jag hoppas att allt \u00e4r bra och jag tror att han \u00e4r okej, men vi f\u00e5r se, s\u00e4ger han, enligt TSN.<\/strong><\/p>\n<p><img loading=\"lazy\" decoding=\"async\" width=\"1024\" height=\"723\" src=\"https:\/\/www.europesays.com\/se\/wp-content\/uploads\/2025\/11\/BB251130BB082-1024x723.webp.webp\" alt=\"\" class=\"wp-image-331469\"  \/>William Nylander och Oliver Ekman-Larsson firar m\u00e5l.<br \/>\n \u00a9 Bildbyr\u00e5n \u2013 COP 268 \u2013 SWEDEN ONLY<\/p>\n<p><a href=\"https:\/\/hockeysverige.se\/spelare\/oliver-ekman-larsson\" rel=\"nofollow noopener\" target=\"_blank\">Oliver Ekman-Larsson <\/a>k\u00e4mpar just nu p\u00e5 f\u00f6r tv\u00e5 saker, att hj\u00e4lpa <a href=\"https:\/\/hockeysverige.se\/klubb\/toronto-maple-leafs\" rel=\"nofollow noopener\" target=\"_blank\">Toronto<\/a> kl\u00e4ttra i tabellen efter en riktig kr\u00e4ftg\u00e5ng och att n\u00e5 <a href=\"https:\/\/hockeysverige.se\/os\" rel=\"nofollow noopener\" target=\"_blank\">OS<\/a>.<\/p>\n<p>Men tyv\u00e4rr f\u00f6r svenskens del kan nu hans eng formtopp att f\u00e5 sig sn rej\u00e4l t\u00f6rn d\u00e5 han l\u00e4mnade isen skadad i natt. F\u00f6r f\u00f6rsta g\u00e5ngen sedan den 5 november vann Toronto en match i <a href=\"https:\/\/hockeysverige.se\/nhl\" rel=\"nofollow noopener\" target=\"_blank\">NHL<\/a> efter ordinarie tid och Ekman-Larsson gjorde tv\u00e5 po\u00e4ng. D\u00e4rmed stod han f\u00f6r po\u00e4ng i sin nionde raka match, vilket \u00e4r hans b\u00e4sta streak n\u00e5gonsin och den n\u00e4st b\u00e4sta av en back i Toronto genom alla tider.<\/p>\n<p>Om det hj\u00e4lper Ekman-Larsson n\u00e5got s\u00e5 l\u00e5g han i alla fall bakom segern f\u00f6r Maple Leafs. F\u00f6r laget slog till och krossade <a href=\"https:\/\/hockeysverige.se\/klubb\/pittsburgh-penguins\" rel=\"nofollow noopener\" target=\"_blank\">Pittsburgh Penguins <\/a>p\u00e5 bortais med 7\u20132. Svenske <a href=\"https:\/\/hockeysverige.se\/spelare\/dennis-hildeby\" rel=\"nofollow noopener\" target=\"_blank\">Dennis Hildeby<\/a> i m\u00e5l gjorde sin f\u00f6rsta match p\u00e5 flera veckor och fick ber\u00f6m f\u00f6r sina 32 r\u00e4ddningar.<\/p>\n<p>\u201dHan sa att han \u00e4r okej\u201d<\/p>\n<p>F\u00f6r OEL:s del har han nu bara en match till att leverera po\u00e4ng i f\u00f6r att vara delat b\u00e4st genom tiderna med Tom Kurvers fr\u00e5n s\u00e4songen 1989\/90. D\u00e5 stod han f\u00f6r po\u00e4ng i tio raka matcher.<\/p>\n<p>Efter matchen var tr\u00e4naren Craig Berube lite orolig p\u00e5 presstr\u00e4ffen, f\u00f6r statusen p\u00e5 Ekman-Larsson.<\/p>\n<p>\u2013\u00a0Jag hoppas att allt \u00e4r bra och jag tror att han \u00e4r okej, men vi f\u00e5r se, s\u00e4ger han.<\/p>\n<p>Samtidigt rapporterar <a href=\"https:\/\/x.com\/markhmasters\/status\/1994969122866958573?s=20\" rel=\"nofollow\">Mark Masters p\u00e5 TSN<\/a> att lagkamraten <a href=\"https:\/\/hockeysverige.se\/spelare\/william-nylander\" rel=\"nofollow noopener\" target=\"_blank\">William Nylander<\/a> \u00e4r desto mer positiv.<\/p>\n<p>\u2013\u00a0Han sa att han \u00e4r okej till mig, s\u00e4ger han till media.<\/p>\n<p>Samtidigt som Ekman-Larsson gjorde b\u00e5de m\u00e5l och assist l\u00e4mnade Nylander isen med \u201dbara\u201d en assist i protokollet.<\/p>\n<blockquote class=\"twitter-tweet\" data-width=\"500\" data-dnt=\"true\">\n<p lang=\"en\" dir=\"ltr\">Craig Berube on Oliver Ekman-Larsson, who left tonight\u2019s game early with an upper-body issue: \u201dI\u2019m hoping he\u2019s fine \u2026 I think he\u2019ll be OK, but we\u2019ll see\u201d  <\/p>\n<p>William Nylander is not worried: \u201dHe said he\u2019s fine to me\u201d \ud83d\ude42<a href=\"https:\/\/twitter.com\/TSN_Sports?ref_src=twsrc%5Etfw\" rel=\"nofollow noopener\" target=\"_blank\">@TSN_Sports<\/a><\/p>\n<p>\u2014 Mark Masters (@markhmasters) <a href=\"https:\/\/twitter.com\/markhmasters\/status\/1994969122866958573?ref_src=twsrc%5Etfw\" rel=\"nofollow noopener\" target=\"_blank\">November 30, 2025<\/a><\/p><\/blockquote>\n<p><script async src=\"https:\/\/platform.twitter.com\/widgets.js\" charset=\"utf-8\"><\/script><\/p>\n","protected":false},"excerpt":{"rendered":"Po\u00e4ng i nio raka matcher och n\u00e4rmar sig alla tiders klubbrekord.Natten till s\u00f6ndag skadade sig dock Oliver Ekman-Larsson.&hellip;\n","protected":false},"author":2,"featured_media":93761,"comment_status":"","ping_status":"","sticky":false,"template":"","format":"standard","meta":{"footnotes":""},"categories":[5],"tags":[22,23,26,27,17,21,24,25,28,29,15,247,16,18,34,133,31,33,32,30,19,20],"class_list":{"0":"post-93760","1":"post","2":"type-post","3":"status-publish","4":"format-standard","5":"has-post-thumbnail","7":"category-rubriker","8":"tag-breaking-news","9":"tag-breakingnews","10":"tag-featured-news","11":"tag-featurednews","12":"tag-headlines","13":"tag-huvudnyheter","14":"tag-latest-news","15":"tag-latestnews","16":"tag-main-news","17":"tag-mainnews","18":"tag-news","19":"tag-nhl","20":"tag-nyheter","21":"tag-rubriker","22":"tag-se","23":"tag-second-news","24":"tag-svenska","25":"tag-sverige","26":"tag-sweden","27":"tag-swedish","28":"tag-top-stories","29":"tag-topstories"},"share_on_mastodon":{"url":"https:\/\/pubeurope.com\/@se\/115640013044591901","error":""},"_links":{"self":[{"href":"https:\/\/www.europesays.com\/se\/wp-json\/wp\/v2\/posts\/93760","targetHints":{"allow":["GET"]}}],"collection":[{"href":"https:\/\/www.europesays.com\/se\/wp-json\/wp\/v2\/posts"}],"about":[{"href":"https:\/\/www.europesays.com\/se\/wp-json\/wp\/v2\/types\/post"}],"author":[{"embeddable":true,"href":"https:\/\/www.europesays.com\/se\/wp-json\/wp\/v2\/users\/2"}],"replies":[{"embeddable":true,"href":"https:\/\/www.europesays.com\/se\/wp-json\/wp\/v2\/comments?post=93760"}],"version-history":[{"count":0,"href":"https:\/\/www.europesays.com\/se\/wp-json\/wp\/v2\/posts\/93760\/revisions"}],"wp:featuredmedia":[{"embeddable":true,"href":"https:\/\/www.europesays.com\/se\/wp-json\/wp\/v2\/media\/93761"}],"wp:attachment":[{"href":"https:\/\/www.europesays.com\/se\/wp-json\/wp\/v2\/media?parent=93760"}],"wp:term":[{"taxonomy":"category","embeddable":true,"href":"https:\/\/www.europesays.com\/se\/wp-json\/wp\/v2\/categories?post=93760"},{"taxonomy":"post_tag","embeddable":true,"href":"https:\/\/www.europesays.com\/se\/wp-json\/wp\/v2\/tags?post=93760"}],"curies":[{"name":"wp","href":"https:\/\/api.w.org\/{rel}","templated":true}]}}