{"id":93766,"date":"2025-11-30T18:24:08","date_gmt":"2025-11-30T18:24:08","guid":{"rendered":"https:\/\/www.europesays.com\/se\/93766\/"},"modified":"2025-11-30T18:24:08","modified_gmt":"2025-11-30T18:24:08","slug":"isak-hjalte-for-liverpool-england","status":"publish","type":"post","link":"https:\/\/www.europesays.com\/se\/93766\/","title":{"rendered":"Isak hj\u00e4lte f\u00f6r Liverpool &#8211; England"},"content":{"rendered":"<p><strong>L\u00c4S MER:<\/strong> <a href=\"https:\/\/www.fotbollskanalen.se\/artiklar\/england\/isak-far-hoga-betyg-i-england\" rel=\"nofollow noopener\" target=\"_blank\">Betygen p\u00e5 Alexander Isak<\/a><\/p>\n<p>Liverpool \u00e4r i kris efter en rad tunga resultat och bortaspelade under s\u00f6ndagen mot West Ham i Premier League. Tr\u00e4naren Arne Slot valde att g\u00f6ra flera f\u00f6r\u00e4ndringar och satte Mohamed Salah p\u00e5 b\u00e4nken f\u00f6r f\u00f6rsta g\u00e5ngen i h\u00f6st i ligan, samtidigt som svensken Alexander Isak fick chansen fr\u00e5n start. <\/p>\n<p>Liverpool inledde offensivt och Isak kom tidigt till tv\u00e5 l\u00e4gen. F\u00f6rst avslutade svensken \u00f6ver m\u00e5l och sedan sk\u00f6t han rakt p\u00e5 Alphonse Areola i hemmaburen. Florian Wirtz kom senare ocks\u00e5 till en m\u00f6jlighet, men d\u00e5 stod Areola i v\u00e4gen igen. Liverpool fick helt enkelt inte utdelning i f\u00f6rsta halvlek som slutade 0-0.<\/p>\n<p>West Ham-supportrar h\u00e5nade samtidigt Slot inf\u00f6r halvtidsvilan med att skrika att tr\u00e4naren kommer att f\u00e5 sparken p\u00e5 m\u00e5ndag. <\/p>\n<p>I andra halvlek fick Liverpool till slut jubla. Isak stod f\u00f6r ett v\u00e4lplacerat avslut i n\u00e4t till 1-0 och fick fira sitt f\u00f6rsta m\u00e5l med &#8221;The Reds&#8221; i Premier League. Fulltr\u00e4ffen var ocks\u00e5 hans andra p\u00e5 elva matcher sedan flytten till Anfield. <\/p>\n<p>&#8211; Briljant av Isak. Avslutet av &#8221;outstanding&#8221;. Det var p\u00e5 halvvolley och han hanterade det briljant. Det var bara en tidsfr\u00e5ga, sa f\u00f6rre Premier League-strikern Clinton Morrison i BBC-s\u00e4ndningen. <\/p>\n<p>&#8211; Man kan t\u00e4nka sig att Isak vr\u00e5lar inombords, trots ett coolt firande, sa Sky Sports-journalisten Peter Smith.<\/p>\n<p>Sju minuter efter m\u00e5let, i 67:e minuten, blev svensken utbytt och ersatt av Hugo  Ekitike p\u00e5 planen. Liverpool ut\u00f6kade \u00e4ven senare till 2-0 genom Cody Gakpo och b\u00e4rgade d\u00e4rmed en viktig seger.<\/p>\n<p>&#8211; Vi visste att det skulle bli sv\u00e5rt att komma tillbaka till vinnarsp\u00e5ret med tanke p\u00e5 v\u00e5r senaste form. Jag \u00e4r glad \u00f6ver att vi vann och \u00f6ver att jag hamnade i m\u00e5lprotokollet, s\u00e4ger Isak till Sky Sports och forts\u00e4tter:<\/p>\n<p>&#8211; Jag \u00e4r medveten om att det har varit p\u00e5 g\u00e5ng l\u00e4nge (att g\u00f6ra m\u00e5l i Premier League) och jag har f\u00f6rs\u00f6kt komma tillbaka till min b\u00e4sta form. Jag \u00e4r fortfarande p\u00e5 den v\u00e4gen och jag \u00e4r glad \u00f6ver att jag gjorde m\u00e5l. <\/p>\n<p>&#8211; Den b\u00e4sta k\u00e4nslan i dag \u00e4r att vi vann och det \u00e4r det b\u00e4sta s\u00e4ttet att f\u00e5 en bra k\u00e4nsla i gruppen. Sj\u00e4lvklart \u00e4r jag forward och d\u00e5 hj\u00e4lper det mig att g\u00f6ra m\u00e5l. Vi m\u00e5ste anv\u00e4nda den h\u00e4r segern p\u00e5 ett bra s\u00e4tt och forts\u00e4tta att vara \u00f6dmjuka. Vi m\u00e5ste h\u00e5lla fokus och forts\u00e4tta jobba h\u00e5rt. <\/p>\n<p>Till BBC s\u00e4ger \u00e4ven Isak f\u00f6ljande om m\u00e5let:<\/p>\n<p>&#8211; Jag har v\u00e4ntat p\u00e5 det och jagat det. Ibland tar det l\u00e4ngre tid \u00e4n vad man f\u00f6rv\u00e4ntar sig, men jag \u00e4r glad \u00f6ver att jag gjorde m\u00e5l och bidrog till segern. Det \u00e4r aldrig enkelt och som forward beh\u00f6ver man momentum, s\u00e4ger svensken.<\/p>\n<p>Han forts\u00e4tter:<\/p>\n<p>&#8211; Ibland g\u00e5r man igenom s\u00e5dana h\u00e4r perioder, men f\u00f6rhoppningsvis kommer det h\u00e4r att vara till hj\u00e4lp f\u00f6r att bygga upp en bra form. Vi f\u00f6rsvarade oss riktigt bra och gjorde tv\u00e5 m\u00e5l, s\u00e5 det \u00e4r roliga tider.<\/p>\n<p>F\u00f6r West Ham blev det d\u00e4remot en m\u00f6rk avslutning, d\u00e5 stj\u00e4rnspelaren Lucas Paqueta snackade till sig ett r\u00f6tt kort. Han fick ocks\u00e5 ta emot burop fr\u00e5n egna supportrar och appl\u00e5derade n\u00e4r han l\u00e4mnade planen. <\/p>\n<p>&#8211; Nuno Espirito Santo (West Hams tr\u00e4nare) kommer att vara rasande, sa Sky Sports-journalisten Peter Smith. <\/p>\n<p>Liverpool \u00e4r numera p\u00e5 \u00e5ttonde plats, medan West Ham \u00e4r p\u00e5 17:e-plats i Premier League. <\/p>\n<p><strong>Startelvor:<\/strong><\/p>\n<p><strong>West Ham: <\/strong>Areola &#8211; Wan-Bissaka, Mavropanos, Todibo, Diouf &#8211; Magassa, Potts &#8211; Bowen, Fernandes, Paqueta &#8211; Wilson<\/p>\n<p><strong>Liverpool: <\/strong>Alisson &#8211; Gomez, Konate, van Dijk, Kerkez &#8211; Mac Allister, Gravenberch &#8211; Wirtz, Szoboszlai, Gakpo &#8211; Isak<\/p>\n<p>Mer fr\u00e5n West Ham-Liverpool<\/p>\n","protected":false},"excerpt":{"rendered":"L\u00c4S MER: Betygen p\u00e5 Alexander Isak Liverpool \u00e4r i kris efter en rad tunga resultat och bortaspelade under&hellip;\n","protected":false},"author":2,"featured_media":93767,"comment_status":"","ping_status":"","sticky":false,"template":"","format":"standard","meta":{"footnotes":""},"categories":[68],"tags":[34,111,110,31,33,32,30],"class_list":{"0":"post-93766","1":"post","2":"type-post","3":"status-publish","4":"format-standard","5":"has-post-thumbnail","7":"category-sport","8":"tag-se","9":"tag-sport","10":"tag-sports","11":"tag-svenska","12":"tag-sverige","13":"tag-sweden","14":"tag-swedish"},"share_on_mastodon":{"url":"https:\/\/pubeurope.com\/@se\/115640052391198318","error":""},"_links":{"self":[{"href":"https:\/\/www.europesays.com\/se\/wp-json\/wp\/v2\/posts\/93766","targetHints":{"allow":["GET"]}}],"collection":[{"href":"https:\/\/www.europesays.com\/se\/wp-json\/wp\/v2\/posts"}],"about":[{"href":"https:\/\/www.europesays.com\/se\/wp-json\/wp\/v2\/types\/post"}],"author":[{"embeddable":true,"href":"https:\/\/www.europesays.com\/se\/wp-json\/wp\/v2\/users\/2"}],"replies":[{"embeddable":true,"href":"https:\/\/www.europesays.com\/se\/wp-json\/wp\/v2\/comments?post=93766"}],"version-history":[{"count":0,"href":"https:\/\/www.europesays.com\/se\/wp-json\/wp\/v2\/posts\/93766\/revisions"}],"wp:featuredmedia":[{"embeddable":true,"href":"https:\/\/www.europesays.com\/se\/wp-json\/wp\/v2\/media\/93767"}],"wp:attachment":[{"href":"https:\/\/www.europesays.com\/se\/wp-json\/wp\/v2\/media?parent=93766"}],"wp:term":[{"taxonomy":"category","embeddable":true,"href":"https:\/\/www.europesays.com\/se\/wp-json\/wp\/v2\/categories?post=93766"},{"taxonomy":"post_tag","embeddable":true,"href":"https:\/\/www.europesays.com\/se\/wp-json\/wp\/v2\/tags?post=93766"}],"curies":[{"name":"wp","href":"https:\/\/api.w.org\/{rel}","templated":true}]}}