{"id":93800,"date":"2025-11-30T19:12:20","date_gmt":"2025-11-30T19:12:20","guid":{"rendered":"https:\/\/www.europesays.com\/se\/93800\/"},"modified":"2025-11-30T19:12:20","modified_gmt":"2025-11-30T19:12:20","slug":"truls-moregardh-om-den-sagolika-matchbollen-och-bragdguldet","status":"publish","type":"post","link":"https:\/\/www.europesays.com\/se\/93800\/","title":{"rendered":"Truls M\u00f6reg\u00e5rdh om den \u201dsagolika matchbollen\u201d och Bragdguldet"},"content":{"rendered":"<p>F\u00f6r ett \u00e5r sedan var Truls M\u00f6reg\u00e5rdh en av de hetaste kandidaterna till Bragdguldet efter sina dubbla OS-silver, b\u00e5de i singel och i lag. Han var \u00e4ven h\u00f6gaktuell till medaljen 2021 efter det stora internationella genombrottet med VM-silver i singel. Men b\u00e5da g\u00e5ngerna har Bragdguldet g\u00e5tt till andra idrottare. 2021 var det hopplandslaget i ridsport som bel\u00f6nades f\u00f6r OS-guldet i Tokyo och 2024 premierades Armand Duplantis en andra g\u00e5ng, efter sitt OS-guld och v\u00e4rldsrekord i Paris.<\/p>\n<p>I \u00e5r \u00e4r 23-\u00e5ringen, som med sina stora framg\u00e5ngar och sin enorma popularitet, \u00e5terigen en av kandidaterna till Sveriges finaste idrottspris. Radiosportens Jerringpris kammade han hem efter OS-succ\u00e9n, ett m\u00e5tt p\u00e5 det stora genomslaget hos svenska folket, och kanske kan \u00e5rets framg\u00e5ngar f\u00f6r Truls ocks\u00e5 ge bordtennisen Bragdguldet f\u00f6r f\u00f6rsta g\u00e5ngen sedan Jan-Ove Waldner 1992?<\/p>\n","protected":false},"excerpt":{"rendered":"F\u00f6r ett \u00e5r sedan var Truls M\u00f6reg\u00e5rdh en av de hetaste kandidaterna till Bragdguldet efter sina dubbla OS-silver,&hellip;\n","protected":false},"author":2,"featured_media":93801,"comment_status":"","ping_status":"","sticky":false,"template":"","format":"standard","meta":{"footnotes":""},"categories":[5],"tags":[22,23,26,27,17,21,24,25,28,29,15,16,18,34,31,33,32,30,19,20],"class_list":{"0":"post-93800","1":"post","2":"type-post","3":"status-publish","4":"format-standard","5":"has-post-thumbnail","7":"category-rubriker","8":"tag-breaking-news","9":"tag-breakingnews","10":"tag-featured-news","11":"tag-featurednews","12":"tag-headlines","13":"tag-huvudnyheter","14":"tag-latest-news","15":"tag-latestnews","16":"tag-main-news","17":"tag-mainnews","18":"tag-news","19":"tag-nyheter","20":"tag-rubriker","21":"tag-se","22":"tag-svenska","23":"tag-sverige","24":"tag-sweden","25":"tag-swedish","26":"tag-top-stories","27":"tag-topstories"},"share_on_mastodon":{"url":"https:\/\/pubeurope.com\/@se\/115640240890409631","error":""},"_links":{"self":[{"href":"https:\/\/www.europesays.com\/se\/wp-json\/wp\/v2\/posts\/93800","targetHints":{"allow":["GET"]}}],"collection":[{"href":"https:\/\/www.europesays.com\/se\/wp-json\/wp\/v2\/posts"}],"about":[{"href":"https:\/\/www.europesays.com\/se\/wp-json\/wp\/v2\/types\/post"}],"author":[{"embeddable":true,"href":"https:\/\/www.europesays.com\/se\/wp-json\/wp\/v2\/users\/2"}],"replies":[{"embeddable":true,"href":"https:\/\/www.europesays.com\/se\/wp-json\/wp\/v2\/comments?post=93800"}],"version-history":[{"count":0,"href":"https:\/\/www.europesays.com\/se\/wp-json\/wp\/v2\/posts\/93800\/revisions"}],"wp:featuredmedia":[{"embeddable":true,"href":"https:\/\/www.europesays.com\/se\/wp-json\/wp\/v2\/media\/93801"}],"wp:attachment":[{"href":"https:\/\/www.europesays.com\/se\/wp-json\/wp\/v2\/media?parent=93800"}],"wp:term":[{"taxonomy":"category","embeddable":true,"href":"https:\/\/www.europesays.com\/se\/wp-json\/wp\/v2\/categories?post=93800"},{"taxonomy":"post_tag","embeddable":true,"href":"https:\/\/www.europesays.com\/se\/wp-json\/wp\/v2\/tags?post=93800"}],"curies":[{"name":"wp","href":"https:\/\/api.w.org\/{rel}","templated":true}]}}