{"id":93806,"date":"2025-11-30T19:22:27","date_gmt":"2025-11-30T19:22:27","guid":{"rendered":"https:\/\/www.europesays.com\/se\/93806\/"},"modified":"2025-11-30T19:22:27","modified_gmt":"2025-11-30T19:22:27","slug":"plockade-ned-red-farmers-ukraina-skylt-ingen-pik-ljusnan-2","status":"publish","type":"post","link":"https:\/\/www.europesays.com\/se\/93806\/","title":{"rendered":"Plockade ned Red Farmers Ukraina-skylt: \u201dIngen pik\u201d \u2013 Ljusnan"},"content":{"rendered":"<p>Edsbyns klack satte upp en skylt med texten \u201dSlava Ukraini\u201d.<\/p>\n<p>D\u00e5 kom ordningsvakter och tog bort den.<\/p>\n<p>\u2013 Det h\u00e4r \u00e4r ingen pik mot deras v\u00e4rvning av Simon Jansson, s\u00e4ger Red Farmers ordf\u00f6rande Anton L\u00e5ngmo.<\/p>\n<p>Edsbyn Red Farmers satte inf\u00f6r derbyt mot Bolln\u00e4s upp en skylt i bl\u00e5gula f\u00e4rger d\u00e4r det stod \u201dSlava Ukraini\u201d, vilket betyder \u201d\u00c4ra \u00e5t Ukraina\u201d.<\/p>\n<p>Tekniskt fel<\/p>\n<p class=\"message__text txt-ui txt-ui-2\">V\u00e4nligen f\u00f6rs\u00f6k igen senare.<\/p>\n<p>Den h\u00e4r artikeln \u00e4r bara f\u00f6r prenumeranter<\/p>\n<p class=\"txt-body txt-body-1\">Om du redan \u00e4r prenumerant: logga in!<\/p>\n","protected":false},"excerpt":{"rendered":"Edsbyns klack satte upp en skylt med texten \u201dSlava Ukraini\u201d. D\u00e5 kom ordningsvakter och tog bort den. \u2013&hellip;\n","protected":false},"author":2,"featured_media":92537,"comment_status":"","ping_status":"","sticky":false,"template":"","format":"standard","meta":{"footnotes":""},"categories":[68],"tags":[34,111,110,31,33,32,30],"class_list":{"0":"post-93806","1":"post","2":"type-post","3":"status-publish","4":"format-standard","5":"has-post-thumbnail","7":"category-sport","8":"tag-se","9":"tag-sport","10":"tag-sports","11":"tag-svenska","12":"tag-sverige","13":"tag-sweden","14":"tag-swedish"},"share_on_mastodon":{"url":"https:\/\/pubeurope.com\/@se\/115640280309374314","error":""},"_links":{"self":[{"href":"https:\/\/www.europesays.com\/se\/wp-json\/wp\/v2\/posts\/93806","targetHints":{"allow":["GET"]}}],"collection":[{"href":"https:\/\/www.europesays.com\/se\/wp-json\/wp\/v2\/posts"}],"about":[{"href":"https:\/\/www.europesays.com\/se\/wp-json\/wp\/v2\/types\/post"}],"author":[{"embeddable":true,"href":"https:\/\/www.europesays.com\/se\/wp-json\/wp\/v2\/users\/2"}],"replies":[{"embeddable":true,"href":"https:\/\/www.europesays.com\/se\/wp-json\/wp\/v2\/comments?post=93806"}],"version-history":[{"count":0,"href":"https:\/\/www.europesays.com\/se\/wp-json\/wp\/v2\/posts\/93806\/revisions"}],"wp:featuredmedia":[{"embeddable":true,"href":"https:\/\/www.europesays.com\/se\/wp-json\/wp\/v2\/media\/92537"}],"wp:attachment":[{"href":"https:\/\/www.europesays.com\/se\/wp-json\/wp\/v2\/media?parent=93806"}],"wp:term":[{"taxonomy":"category","embeddable":true,"href":"https:\/\/www.europesays.com\/se\/wp-json\/wp\/v2\/categories?post=93806"},{"taxonomy":"post_tag","embeddable":true,"href":"https:\/\/www.europesays.com\/se\/wp-json\/wp\/v2\/tags?post=93806"}],"curies":[{"name":"wp","href":"https:\/\/api.w.org\/{rel}","templated":true}]}}