{"id":93813,"date":"2025-11-30T19:28:49","date_gmt":"2025-11-30T19:28:49","guid":{"rendered":"https:\/\/www.europesays.com\/se\/93813\/"},"modified":"2025-11-30T19:28:49","modified_gmt":"2025-11-30T19:28:49","slug":"2g-och-3g-naten-stangs-ned-sarah-45-kan-inte-langre-ringa-112","status":"publish","type":"post","link":"https:\/\/www.europesays.com\/se\/93813\/","title":{"rendered":"2G- och 3G-n\u00e4ten st\u00e4ngs ned \u2013 Sarah, 45, kan inte l\u00e4ngre ringa 112"},"content":{"rendered":"<p>Publicerad 30 nov 2025 kl 15.59Uppdaterad kl 19.09<\/p>\n<p>P\u00e5 m\u00e5ndag kommer tiotusentals svenskar inte l\u00e4ngre kunna anv\u00e4nda sina telefoner ordentligt.<\/p>\n<p>En av dem \u00e4r Sarah Skantz, 45, som k\u00f6pte sin telefon just f\u00f6r att vara s\u00e4ker p\u00e5 att anv\u00e4nda den n\u00e4r 2G- och 3G-n\u00e4ten f\u00f6rsvinner.<\/p>\n<p>\u2013 Jag tycker att det \u00e4r f\u00f6r j\u00e4vligt, s\u00e4ger hon.\u00a0<\/p>\n<p>Senaste nyhetsklippen fr\u00e5n Expressen.<img   alt=\"\"\/><\/p>\n<p>Sarah, 45, tvingas k\u00f6pa en ny telefon.<\/p>\n<p>Foto: Privat<\/p>\n<p>\u00d6ppna bild i helsk\u00e4rm<img loading=\"lazy\"   alt=\"\"\/><\/p>\n<p>Meddelandet fr\u00e5n Comviq kom i tisdags.<\/p>\n<p>Foto: Privat<\/p>\n<p>\u00d6ppna bild i helsk\u00e4rm<img loading=\"lazy\"   alt=\"\"\/> <\/p>\n<p>Foto: Privat<\/p>\n<p>\u00d6ppna bild i helsk\u00e4rm<img loading=\"lazy\"   alt=\"\"\/> <\/p>\n<p>Foto: Fredrik Sandberg \/ TT NYHETSBYR\u00c5N<\/p>\n<p>\u00d6ppna bild i helsk\u00e4rm<\/p>\n<p>Mobiloperat\u00f6rerna Tele 2, <a href=\"https:\/\/www.expressen.se\/tagg\/organization\/tre\/\" class=\"\" rel=\"nofollow noopener\" target=\"_blank\">Tre<\/a> och Telenor p\u00e5b\u00f6rjar den 1 december nedsl\u00e4ckningen av sina 2G- och 3G-n\u00e4t i Sverige. \u00c4ldre telefoner som saknar st\u00f6d f\u00f6r 4G- och 5G-n\u00e4t kommer d\u00e4rf\u00f6r beh\u00f6va bytas ut, d\u00e5 de kommer bli obrukbara.<\/p>\n<p>Artikeln i korthet<\/p>\n<p> Mobiloperat\u00f6rerna b\u00f6rjar st\u00e4nga av 2G- och 3G-n\u00e4ten i Sverige.<\/p>\n<p> \u00c4ldre mobiler utan st\u00f6d f\u00f6r 4G eller 5G slutar fungera.<\/p>\n<p> Tiotusentals svenskar kan p\u00e5verkas, \u00e4ven vissa med nyare mobiler.<\/p>\n<p> Vissa telefoner kan inte ringa 112, trots 4G-st\u00f6d.<\/p>\n<p> M\u00e5nga tvingas k\u00f6pa ny mobil \u2013 informationen kom sent.<\/p>\n<p>Visa mer<\/p>\n<p>Det har varit k\u00e4nt l\u00e4nge. Men f\u00f6r en dryg vecka sedan visade det sig att \u00e4ven folk med nyare telefoner kan drabbas. D\u00e5 gick Post- och telestyrelsen (PTS) ut med att vissa telefoner inte kommer kunna ringa 112 \u2013 trots att mobilerna har st\u00f6d f\u00f6r 4G.\u00a0<\/p>\n<p>Det kan r\u00f6ra sig om tiotusentals svenskar, enligt PTS. Alla ber\u00f6rda ska ha f\u00e5tt information av operat\u00f6rerna.\u00a0<\/p>\n<p>\u201dInget fel p\u00e5 min mobil\u201d<\/p>\n<p>En av dem som drabbas \u00e4r Sarah Skantz, 45. Hon k\u00f6pte en ny telefon i februari 2024 efter att ha f\u00e5tt veta att hennes gamla telefon skulle bli obrukbar n\u00e4r de gamla telen\u00e4ten f\u00f6rsvinner.<\/p>\n<p>Men i tisdags fick hon ett sms fr\u00e5n Comviq:<\/p>\n<p>\u201dDin mobil kommer fr\u00e5n och med 2 februari 2026 blockeras fr\u00e5n att ringa och ta emot samtal p\u00e5 grund av bristande st\u00f6d f\u00f6r n\u00f6dsamtal (&#8230;) Redan fr\u00e5n 1 december kommer n\u00f6dsamtal inte fungera som vanligt fr\u00e5n din mobiltelefon\u201d.<\/p>\n<p>\u00a0\u2013 Jag tycker att det \u00e4r f\u00f6r j\u00e4vligt eftersom jag specifikt har k\u00f6pt en mobil med 4G. Det \u00e4r inget fel p\u00e5 min mobil och det k\u00e4nns ju dumt att kassera en helt fungerande mobil bara f\u00f6r det h\u00e4r, s\u00e4ger Sarah.<\/p>\n<p>\u00c4nd\u00e5 har hon blivit tvungen att k\u00f6pa en helt ny.<\/p>\n<p>\u2013 Det h\u00e4r \u00e4r ju mina julklappspengar som g\u00e5r \u00e5t till den h\u00e4r nya mobilen. Jag har ju brors\u00f6ner och brorsd\u00f6ttrar jag ska k\u00f6pa julklappar till och s\u00e5. Det k\u00e4nns rent ut sagt f\u00f6r j\u00e4vligt.<\/p>\n<p>Svaret<\/p>\n<p>Sarah \u00e4r kritisk mot att informationen kom s\u00e5 sent. Men enligt Comviq \u00e4r det p\u00e5 grund av att PTS beslut kom s\u00e5 t\u00e4tt inp\u00e5 1 december.<\/p>\n<p>\u2013 Vi har sedan b\u00f6rjan av oktober informerat de kunder som riskerar att inte kunna ringa 112 efter nedsl\u00e4ckningen om att deras mobil b\u00f6r bytas. Det sms som gick ut nu i veckan handlar om PTS beslut om att operat\u00f6rerna ska blockera dessa mobiler f\u00f6r r\u00f6stsamtal om de inte byts ut i tid, ett beslut som f\u00f6rmedlades en arbetsdag innan sms:et n\u00e5dde kunden, s\u00e4ger Mariana Prieto Abraca p\u00e5 Tele 2:s presstj\u00e4nst.\u00a0<\/p>\n<p>Beskedet fr\u00e5n PTS dr\u00f6jde eftersom myndigheten i n\u00e4rtid fick vetskap om 112-haveriet f\u00f6r vissa 4G-innehavare.<\/p>\n<p>\u2013 Vi fick informationen om de h\u00e4r mobilerna nyligen och vi valde d\u00e5 att agera skyndsamt. Det \u00e4r beklagligt och kan upplevas som betungande, men alternativet \u00e4r v\u00e4rre, s\u00e4ger Jonas Wessel p\u00e5 PTS till <a href=\"https:\/\/www.svt.se\/nyheter\/inrikes\/nu-slacks-2g-och-3g-naten-tiotusentals-mobiltelefoner-blockeras\" rel=\"nofollow noopener\" target=\"_blank\">SVT<\/a>.\u00a0<\/p>\n<p><img alt=\"\"\/>Ljudklippet gick inte att spela upp<\/p>\n<p>F\u00f6rs\u00f6k igen senare<\/p>\n","protected":false},"excerpt":{"rendered":"Publicerad 30 nov 2025 kl 15.59Uppdaterad kl 19.09 P\u00e5 m\u00e5ndag kommer tiotusentals svenskar inte l\u00e4ngre kunna anv\u00e4nda sina&hellip;\n","protected":false},"author":2,"featured_media":93814,"comment_status":"","ping_status":"","sticky":false,"template":"","format":"standard","meta":{"footnotes":""},"categories":[5],"tags":[22,23,26,27,17,21,24,25,28,29,15,16,10024,2758,10406,10407,18,34,154,31,33,32,30,19,20],"class_list":{"0":"post-93813","1":"post","2":"type-post","3":"status-publish","4":"format-standard","5":"has-post-thumbnail","7":"category-rubriker","8":"tag-breaking-news","9":"tag-breakingnews","10":"tag-featured-news","11":"tag-featurednews","12":"tag-headlines","13":"tag-huvudnyheter","14":"tag-latest-news","15":"tag-latestnews","16":"tag-main-news","17":"tag-mainnews","18":"tag-news","19":"tag-nyheter","20":"tag-organization-post-och-telestyrelsen","21":"tag-organization-tele2","22":"tag-organization-telenor","23":"tag-organization-tre","24":"tag-rubriker","25":"tag-se","26":"tag-sections-sverige","27":"tag-svenska","28":"tag-sverige","29":"tag-sweden","30":"tag-swedish","31":"tag-top-stories","32":"tag-topstories"},"share_on_mastodon":{"url":"https:\/\/pubeurope.com\/@se\/115640307777230715","error":""},"_links":{"self":[{"href":"https:\/\/www.europesays.com\/se\/wp-json\/wp\/v2\/posts\/93813","targetHints":{"allow":["GET"]}}],"collection":[{"href":"https:\/\/www.europesays.com\/se\/wp-json\/wp\/v2\/posts"}],"about":[{"href":"https:\/\/www.europesays.com\/se\/wp-json\/wp\/v2\/types\/post"}],"author":[{"embeddable":true,"href":"https:\/\/www.europesays.com\/se\/wp-json\/wp\/v2\/users\/2"}],"replies":[{"embeddable":true,"href":"https:\/\/www.europesays.com\/se\/wp-json\/wp\/v2\/comments?post=93813"}],"version-history":[{"count":0,"href":"https:\/\/www.europesays.com\/se\/wp-json\/wp\/v2\/posts\/93813\/revisions"}],"wp:featuredmedia":[{"embeddable":true,"href":"https:\/\/www.europesays.com\/se\/wp-json\/wp\/v2\/media\/93814"}],"wp:attachment":[{"href":"https:\/\/www.europesays.com\/se\/wp-json\/wp\/v2\/media?parent=93813"}],"wp:term":[{"taxonomy":"category","embeddable":true,"href":"https:\/\/www.europesays.com\/se\/wp-json\/wp\/v2\/categories?post=93813"},{"taxonomy":"post_tag","embeddable":true,"href":"https:\/\/www.europesays.com\/se\/wp-json\/wp\/v2\/tags?post=93813"}],"curies":[{"name":"wp","href":"https:\/\/api.w.org\/{rel}","templated":true}]}}