{"id":93815,"date":"2025-11-30T19:34:35","date_gmt":"2025-11-30T19:34:35","guid":{"rendered":"https:\/\/www.europesays.com\/se\/93815\/"},"modified":"2025-11-30T19:34:35","modified_gmt":"2025-11-30T19:34:35","slug":"mannerstroms-kritik-i-ansjovis-krisen-det-ar-daligt-tv4-nyheterna","status":"publish","type":"post","link":"https:\/\/www.europesays.com\/se\/93815\/","title":{"rendered":"Mannerstr\u00f6ms kritik \u2013 i ansjovis-krisen: \u201dDet \u00e4r d\u00e5ligt\u201d &#8211; TV4 Nyheterna"},"content":{"rendered":"<ol>\n<li><a href=\"https:\/\/news.google.com\/rss\/articles\/CBMiswFBVV95cUxQY1BYakQzT3NLMFdkZ2sxWWRKU3Vvcm05OFNJdzZ3VlF1ZEFyc0FiOHJZNzBQSnVLU0lSb3NNWlRVYkNzbk5BRVBUTlFTWkpWekRFbnBRV1JNUHliTFJ2QVpleW4xY2ZjMHpJY1dPRExNb1VBMW9OWDZra1JWbWxoeGppS3lSZmF5cTVSeW9ISVpCdTBmUENrSGhaUkdWYjJoemplUGJaei1kaVZSYUNmSHJYVQ?oc=5\" target=\"_blank\" rel=\"nofollow noopener\">Mannerstr\u00f6ms kritik \u2013 i ansjovis-krisen: \u201dDet \u00e4r d\u00e5ligt\u201d<\/a>&nbsp;&nbsp;TV4 Nyheterna<\/li>\n<li><a href=\"https:\/\/news.google.com\/rss\/articles\/CBMijgFBVV95cUxPZnR1bW5DSjhyS1QtZ09wTGxRNkYzYmtyNWNla0t2WFktTzRiMXZyc1Q1X29oc05ObzhhQzBLU2NrRU9vdFZMRW14aWdMaDlhcXZwNVpsdFRpRlFOazFNMmtUYVgweEYwMk9zZW1obFJHSUNJYWxlUVJtaUFqeVE5cjBQeGFTcUNDUGNvYXNB?oc=5\" target=\"_blank\" rel=\"nofollow noopener\">Starka reaktioner \u2013 p\u00e5 bilden fr\u00e5n Tomas kyl: \u201dJag h\u00e4pnar\u201d<\/a>&nbsp;&nbsp;Expressen<\/li>\n<li><a href=\"https:\/\/news.google.com\/rss\/articles\/CBMioAFBVV95cUxOUDRnUTVONW1CQ3JyeC1ZSXh1VWp5VXl1OVVEX3AzbVRrNlR2NVVWMjdiNnNyTlVHY2Y3QmtJRER5VHdxYmNldkVYS3RJMXQ3bkRBQ084TzU2YVEtTHFKNXpuSHBGSTN1bWh2aEVmSTVPaFduRlJMUVdFaXEtbkJmWlVZRnBXYmJyVVFZUjU5SGtFLWkwNUxtVnVEOHJ1Nnhs?oc=5\" target=\"_blank\" rel=\"nofollow noopener\">Ansjovisbrist \u2013 d\u00e5 s\u00e4ljs burkar f\u00f6r tusenlappar<\/a>&nbsp;&nbsp;Aftonbladet<\/li>\n<li><a href=\"https:\/\/news.google.com\/rss\/articles\/CBMidkFVX3lxTE5XdjhrOTBQaS0tRTZ6dVZCeFExWGk2WXdFWmJaVzczcEpoZmYxUGhBcFdzaUZhbGJzSnlMVURvMmdCMGlGNnJHMmpYc2hpeUVDaVB3ejFicW1fSDBNUWNyN0dsYm1KWGhITXJFcGg1dzBfb3N0U0E?oc=5\" target=\"_blank\" rel=\"nofollow noopener\">Ansjovisbrist: Priserna upp 1.200 procent<\/a>&nbsp;&nbsp;DI<\/li>\n<li><a href=\"https:\/\/news.google.com\/rss\/articles\/CBMioAFBVV95cUxPcVFiRlNOZUpCYTFzakx2dlEycXpHSzhNZWRQejdNSzUybE5mRUNwRUJYNF84bHpiX2k4VElmQUtxb1dVQmVHdm9EbzVucjI1UmdrNWU4RU5QNlJZWEpxYnZmTmRHS01Xb2dRUUZUUkJVNXYyaUoxZ1IwejB0blNlTFZma0VtRW56bXloOC0tVTg4MGQzZG9aMnM3MnhfNkpl?oc=5\" target=\"_blank\" rel=\"nofollow noopener\">Ansjovisbrist inf\u00f6r jul \u2013 priserna skjuter i h\u00f6jden p\u00e5 Tradera<\/a>&nbsp;&nbsp;Lysekilsposten<\/li>\n<\/ol>\n","protected":false},"excerpt":{"rendered":"Mannerstr\u00f6ms kritik \u2013 i ansjovis-krisen: \u201dDet \u00e4r d\u00e5ligt\u201d&nbsp;&nbsp;TV4 Nyheterna Starka reaktioner \u2013 p\u00e5 bilden fr\u00e5n Tomas kyl: \u201dJag&hellip;\n","protected":false},"author":2,"featured_media":93816,"comment_status":"","ping_status":"","sticky":false,"template":"","format":"standard","meta":{"footnotes":""},"categories":[65],"tags":[72,70,71,34,31,33,32,30],"class_list":{"0":"post-93815","1":"post","2":"type-post","3":"status-publish","4":"format-standard","5":"has-post-thumbnail","7":"category-ekonomi","8":"tag-business","9":"tag-economy","10":"tag-ekonomi","11":"tag-se","12":"tag-svenska","13":"tag-sverige","14":"tag-sweden","15":"tag-swedish"},"share_on_mastodon":{"url":"https:\/\/pubeurope.com\/@se\/115640327447560719","error":""},"_links":{"self":[{"href":"https:\/\/www.europesays.com\/se\/wp-json\/wp\/v2\/posts\/93815","targetHints":{"allow":["GET"]}}],"collection":[{"href":"https:\/\/www.europesays.com\/se\/wp-json\/wp\/v2\/posts"}],"about":[{"href":"https:\/\/www.europesays.com\/se\/wp-json\/wp\/v2\/types\/post"}],"author":[{"embeddable":true,"href":"https:\/\/www.europesays.com\/se\/wp-json\/wp\/v2\/users\/2"}],"replies":[{"embeddable":true,"href":"https:\/\/www.europesays.com\/se\/wp-json\/wp\/v2\/comments?post=93815"}],"version-history":[{"count":0,"href":"https:\/\/www.europesays.com\/se\/wp-json\/wp\/v2\/posts\/93815\/revisions"}],"wp:featuredmedia":[{"embeddable":true,"href":"https:\/\/www.europesays.com\/se\/wp-json\/wp\/v2\/media\/93816"}],"wp:attachment":[{"href":"https:\/\/www.europesays.com\/se\/wp-json\/wp\/v2\/media?parent=93815"}],"wp:term":[{"taxonomy":"category","embeddable":true,"href":"https:\/\/www.europesays.com\/se\/wp-json\/wp\/v2\/categories?post=93815"},{"taxonomy":"post_tag","embeddable":true,"href":"https:\/\/www.europesays.com\/se\/wp-json\/wp\/v2\/tags?post=93815"}],"curies":[{"name":"wp","href":"https:\/\/api.w.org\/{rel}","templated":true}]}}