{"id":93817,"date":"2025-11-30T19:59:11","date_gmt":"2025-11-30T19:59:11","guid":{"rendered":"https:\/\/www.europesays.com\/se\/93817\/"},"modified":"2025-11-30T19:59:11","modified_gmt":"2025-11-30T19:59:11","slug":"trump-hotade-med-vald-om-maduro-inte-avgar","status":"publish","type":"post","link":"https:\/\/www.europesays.com\/se\/93817\/","title":{"rendered":"Trump hotade med v\u00e5ld om Maduro inte avg\u00e5r"},"content":{"rendered":"<p>I ett telefonsamtal f\u00f6rra veckan uppmanade Donald Trump Venezuelas president Nicol\u00e1s Maduro att avg\u00e5 frivilligt. Om han inte g\u00f6r det ska USA \u00f6verv\u00e4ga andra \u00e5tg\u00e4rder, inklusive milit\u00e4ra angrepp, var Trumps budskap enligt Wall Street Journals k\u00e4llor.<\/p>\n<p>I samtalet diskuterades ocks\u00e5 villkor f\u00f6r en amnesti f\u00f6r Maduro, hans n\u00e4rmaste medarbetare och deras familjer. M\u00e5nga av dem har amerikanska sanktioner och brotts\u00e5tal h\u00e4ngande \u00f6ver sig.<\/p>\n<p>USA har \u00f6vat p\u00e5 luftanfall mot Venezuela de senaste veckorna. I helgen skrev Trump p\u00e5 Truth Social att det venezuelanska luftrummet \u201dska betraktas som st\u00e4ngt\u201d.<\/p>\n<p>Omni \u00e4r politiskt obundna och oberoende. Vi str\u00e4var efter att ge fler perspektiv p\u00e5 nyheterna. Har du fr\u00e5gor eller synpunkter kring v\u00e5r rapportering? <a href=\"https:\/\/omni.se\/wsj-trump-hotade-med-vald-om-maduro-inte-avgar\/a\/mailto:redaktion@omni.se\" class=\"ArticleActions_contactLink__W2F1M\" rel=\"nofollow noopener\" target=\"_blank\">Kontakta redaktionen<\/a><\/p>\n","protected":false},"excerpt":{"rendered":"I ett telefonsamtal f\u00f6rra veckan uppmanade Donald Trump Venezuelas president Nicol\u00e1s Maduro att avg\u00e5 frivilligt. Om han inte&hellip;\n","protected":false},"author":2,"featured_media":93818,"comment_status":"","ping_status":"","sticky":false,"template":"","format":"standard","meta":{"footnotes":""},"categories":[14],"tags":[387,22,23,385,26,27,17,21,24,25,708,28,29,15,2546,268,16,18,34,31,33,32,30,19,20,386,74,51,2545,52,53,54],"class_list":{"0":"post-93817","1":"post","2":"type-post","3":"status-publish","4":"format-standard","5":"has-post-thumbnail","7":"category-varlden","8":"tag-amerikansk-politik","9":"tag-breaking-news","10":"tag-breakingnews","11":"tag-donald-trump","12":"tag-featured-news","13":"tag-featurednews","14":"tag-headlines","15":"tag-huvudnyheter","16":"tag-latest-news","17":"tag-latestnews","18":"tag-latinamerika","19":"tag-main-news","20":"tag-mainnews","21":"tag-news","22":"tag-nicolas-maduro","23":"tag-nordamerika","24":"tag-nyheter","25":"tag-rubriker","26":"tag-se","27":"tag-svenska","28":"tag-sverige","29":"tag-sweden","30":"tag-swedish","31":"tag-top-stories","32":"tag-topstories","33":"tag-trumps-usa","34":"tag-usa","35":"tag-varlden","36":"tag-venezuela","37":"tag-world","38":"tag-world-news","39":"tag-worldnews"},"share_on_mastodon":{"url":"https:\/\/pubeurope.com\/@se\/115640425884094244","error":""},"_links":{"self":[{"href":"https:\/\/www.europesays.com\/se\/wp-json\/wp\/v2\/posts\/93817","targetHints":{"allow":["GET"]}}],"collection":[{"href":"https:\/\/www.europesays.com\/se\/wp-json\/wp\/v2\/posts"}],"about":[{"href":"https:\/\/www.europesays.com\/se\/wp-json\/wp\/v2\/types\/post"}],"author":[{"embeddable":true,"href":"https:\/\/www.europesays.com\/se\/wp-json\/wp\/v2\/users\/2"}],"replies":[{"embeddable":true,"href":"https:\/\/www.europesays.com\/se\/wp-json\/wp\/v2\/comments?post=93817"}],"version-history":[{"count":0,"href":"https:\/\/www.europesays.com\/se\/wp-json\/wp\/v2\/posts\/93817\/revisions"}],"wp:featuredmedia":[{"embeddable":true,"href":"https:\/\/www.europesays.com\/se\/wp-json\/wp\/v2\/media\/93818"}],"wp:attachment":[{"href":"https:\/\/www.europesays.com\/se\/wp-json\/wp\/v2\/media?parent=93817"}],"wp:term":[{"taxonomy":"category","embeddable":true,"href":"https:\/\/www.europesays.com\/se\/wp-json\/wp\/v2\/categories?post=93817"},{"taxonomy":"post_tag","embeddable":true,"href":"https:\/\/www.europesays.com\/se\/wp-json\/wp\/v2\/tags?post=93817"}],"curies":[{"name":"wp","href":"https:\/\/api.w.org\/{rel}","templated":true}]}}