{"id":93819,"date":"2025-11-30T20:07:12","date_gmt":"2025-11-30T20:07:12","guid":{"rendered":"https:\/\/www.europesays.com\/se\/93819\/"},"modified":"2025-11-30T20:07:12","modified_gmt":"2025-11-30T20:07:12","slug":"netanyahu-ber-om-nad-av-israels-president","status":"publish","type":"post","link":"https:\/\/www.europesays.com\/se\/93819\/","title":{"rendered":"Netanyahu ber om n\u00e5d av Israels president"},"content":{"rendered":"<p>Israels premi\u00e4rminister Benjamin Netanyahu har l\u00e4mnat in en formell ans\u00f6kan om att ben\u00e5das till landets president. Det bekr\u00e4ftar presidentens kontor enligt The Jerusalem Post.<\/p>\n<p>I ett uttalande fr\u00e5n presidentkontoret beskrivs premi\u00e4rministerns f\u00f6rfr\u00e5gan som ovanlig och som kan \u201dmedf\u00f6ra betydande konsekvenser\u201d.<\/p>\n<p>Netanyahu utreds f\u00f6r bedr\u00e4geri, mutbrott och trol\u00f6shet mot huvudman. Han misst\u00e4nks bland annat ha tagit emot lyxg\u00e5vor fr\u00e5n regimen i Qatar.<\/p>\n<p>Han har tidigare sagt att utredningen \u00e4r politiskt motiverad och en \u201dh\u00e4xjakt\u201d.<\/p>\n","protected":false},"excerpt":{"rendered":"Israels premi\u00e4rminister Benjamin Netanyahu har l\u00e4mnat in en formell ans\u00f6kan om att ben\u00e5das till landets president. Det bekr\u00e4ftar&hellip;\n","protected":false},"author":2,"featured_media":793,"comment_status":"","ping_status":"","sticky":false,"template":"","format":"standard","meta":{"footnotes":""},"categories":[14],"tags":[22,23,26,27,17,21,24,25,28,29,15,16,18,34,31,33,32,30,19,20,51,52,53,54],"class_list":{"0":"post-93819","1":"post","2":"type-post","3":"status-publish","4":"format-standard","5":"has-post-thumbnail","7":"category-varlden","8":"tag-breaking-news","9":"tag-breakingnews","10":"tag-featured-news","11":"tag-featurednews","12":"tag-headlines","13":"tag-huvudnyheter","14":"tag-latest-news","15":"tag-latestnews","16":"tag-main-news","17":"tag-mainnews","18":"tag-news","19":"tag-nyheter","20":"tag-rubriker","21":"tag-se","22":"tag-svenska","23":"tag-sverige","24":"tag-sweden","25":"tag-swedish","26":"tag-top-stories","27":"tag-topstories","28":"tag-varlden","29":"tag-world","30":"tag-world-news","31":"tag-worldnews"},"share_on_mastodon":{"url":"https:\/\/pubeurope.com\/@se\/115640457308045215","error":""},"_links":{"self":[{"href":"https:\/\/www.europesays.com\/se\/wp-json\/wp\/v2\/posts\/93819","targetHints":{"allow":["GET"]}}],"collection":[{"href":"https:\/\/www.europesays.com\/se\/wp-json\/wp\/v2\/posts"}],"about":[{"href":"https:\/\/www.europesays.com\/se\/wp-json\/wp\/v2\/types\/post"}],"author":[{"embeddable":true,"href":"https:\/\/www.europesays.com\/se\/wp-json\/wp\/v2\/users\/2"}],"replies":[{"embeddable":true,"href":"https:\/\/www.europesays.com\/se\/wp-json\/wp\/v2\/comments?post=93819"}],"version-history":[{"count":0,"href":"https:\/\/www.europesays.com\/se\/wp-json\/wp\/v2\/posts\/93819\/revisions"}],"wp:featuredmedia":[{"embeddable":true,"href":"https:\/\/www.europesays.com\/se\/wp-json\/wp\/v2\/media\/793"}],"wp:attachment":[{"href":"https:\/\/www.europesays.com\/se\/wp-json\/wp\/v2\/media?parent=93819"}],"wp:term":[{"taxonomy":"category","embeddable":true,"href":"https:\/\/www.europesays.com\/se\/wp-json\/wp\/v2\/categories?post=93819"},{"taxonomy":"post_tag","embeddable":true,"href":"https:\/\/www.europesays.com\/se\/wp-json\/wp\/v2\/tags?post=93819"}],"curies":[{"name":"wp","href":"https:\/\/api.w.org\/{rel}","templated":true}]}}