{"id":93820,"date":"2025-11-30T20:09:15","date_gmt":"2025-11-30T20:09:15","guid":{"rendered":"https:\/\/www.europesays.com\/se\/93820\/"},"modified":"2025-11-30T20:09:15","modified_gmt":"2025-11-30T20:09:15","slug":"kraver-handling-svensk-skogsindustri-svartmalas","status":"publish","type":"post","link":"https:\/\/www.europesays.com\/se\/93820\/","title":{"rendered":"Kr\u00e4ver handling: \u201dSvensk skogsindustri svartm\u00e5las\u201d"},"content":{"rendered":"<p>Det svenska skogsbruket har p\u00e5 senare \u00e5r blivit f\u00f6rem\u00e5l f\u00f6r en allt h\u00e5rdare debatt och organiserade aktioner fr\u00e5n milj\u00f6r\u00f6relsen. <\/p>\n<p>Regeringen beh\u00f6ver d\u00e4rf\u00f6r s\u00e4kerst\u00e4lla att myndigheter som Naturv\u00e5rdsverket ger en korrekt bild av svenskt skogsbruk. Det menar Viveka Beckeman, vd f\u00f6r Skogsindustrierna, som p\u00e5 DN Debatt skriver att Sverige har ett av v\u00e4rldens mest h\u00e5llbara och reglerade skogsbruk.<\/p>\n<p>\u201dSverige framst\u00e5r som ett land som misslyckas med sitt skogsskydd, trots att vi ligger i topp i Europa n\u00e4r det g\u00e4ller h\u00e5llbart brukande\u201d, skriver hon.<\/p>\n<p>Detta, menar hon, riskerar att skada enskilda f\u00f6retag, Sverige som nation, industrins konkurrenskraft och f\u00f6rm\u00e5gan att driva omst\u00e4llningen mot en fossilfri framtid \u2013 s\u00e4rskilt n\u00e4r internationella bolag b\u00f6rjar fatta aff\u00e4rsbeslut utifr\u00e5n aktivistiska kampanjer.<\/p>\n<p>\u201dVi kommer inte l\u00e4ngre att st\u00e5 tysta n\u00e4r v\u00e5ra medarbetare, v\u00e5ra medlemmar och v\u00e5r bransch misst\u00e4nkligg\u00f6rs p\u00e5 falska grunder.\u201d<\/p>\n<p>Omni \u00e4r politiskt obundna och oberoende. Vi str\u00e4var efter att ge fler perspektiv p\u00e5 nyheterna. Har du fr\u00e5gor eller synpunkter kring v\u00e5r rapportering? <a href=\"https:\/\/omni.se\/kraver-handling-svensk-skogsindustri-svartmalas\/a\/mailto:redaktion@omni.se\" class=\"ArticleActions_contactLink__W2F1M\" rel=\"nofollow noopener\" target=\"_blank\">Kontakta redaktionen<\/a><\/p>\n","protected":false},"excerpt":{"rendered":"Det svenska skogsbruket har p\u00e5 senare \u00e5r blivit f\u00f6rem\u00e5l f\u00f6r en allt h\u00e5rdare debatt och organiserade aktioner fr\u00e5n&hellip;\n","protected":false},"author":2,"featured_media":93821,"comment_status":"","ping_status":"","sticky":false,"template":"","format":"standard","meta":{"footnotes":""},"categories":[5],"tags":[22,23,445,26,27,17,21,705,24,25,28,29,11031,15,16,18,34,820,11032,31,33,32,30,19,20],"class_list":{"0":"post-93820","1":"post","2":"type-post","3":"status-publish","4":"format-standard","5":"has-post-thumbnail","7":"category-rubriker","8":"tag-breaking-news","9":"tag-breakingnews","10":"tag-debatt","11":"tag-featured-news","12":"tag-featurednews","13":"tag-headlines","14":"tag-huvudnyheter","15":"tag-jordbruk","16":"tag-latest-news","17":"tag-latestnews","18":"tag-main-news","19":"tag-mainnews","20":"tag-naturvardsverket","21":"tag-news","22":"tag-nyheter","23":"tag-rubriker","24":"tag-se","25":"tag-skogsbruk-fiske","26":"tag-skogsindustrierna","27":"tag-svenska","28":"tag-sverige","29":"tag-sweden","30":"tag-swedish","31":"tag-top-stories","32":"tag-topstories"},"share_on_mastodon":{"url":"https:\/\/pubeurope.com\/@se\/115640465088697793","error":""},"_links":{"self":[{"href":"https:\/\/www.europesays.com\/se\/wp-json\/wp\/v2\/posts\/93820","targetHints":{"allow":["GET"]}}],"collection":[{"href":"https:\/\/www.europesays.com\/se\/wp-json\/wp\/v2\/posts"}],"about":[{"href":"https:\/\/www.europesays.com\/se\/wp-json\/wp\/v2\/types\/post"}],"author":[{"embeddable":true,"href":"https:\/\/www.europesays.com\/se\/wp-json\/wp\/v2\/users\/2"}],"replies":[{"embeddable":true,"href":"https:\/\/www.europesays.com\/se\/wp-json\/wp\/v2\/comments?post=93820"}],"version-history":[{"count":0,"href":"https:\/\/www.europesays.com\/se\/wp-json\/wp\/v2\/posts\/93820\/revisions"}],"wp:featuredmedia":[{"embeddable":true,"href":"https:\/\/www.europesays.com\/se\/wp-json\/wp\/v2\/media\/93821"}],"wp:attachment":[{"href":"https:\/\/www.europesays.com\/se\/wp-json\/wp\/v2\/media?parent=93820"}],"wp:term":[{"taxonomy":"category","embeddable":true,"href":"https:\/\/www.europesays.com\/se\/wp-json\/wp\/v2\/categories?post=93820"},{"taxonomy":"post_tag","embeddable":true,"href":"https:\/\/www.europesays.com\/se\/wp-json\/wp\/v2\/tags?post=93820"}],"curies":[{"name":"wp","href":"https:\/\/api.w.org\/{rel}","templated":true}]}}