{"id":93824,"date":"2025-11-30T20:12:08","date_gmt":"2025-11-30T20:12:08","guid":{"rendered":"https:\/\/www.europesays.com\/se\/93824\/"},"modified":"2025-11-30T20:12:08","modified_gmt":"2025-11-30T20:12:08","slug":"linnea-jarnrot-vinner-sveriges-masterkock-efter-mixerdramatiken","status":"publish","type":"post","link":"https:\/\/www.europesays.com\/se\/93824\/","title":{"rendered":"Linnea Jarnrot vinner Sveriges m\u00e4sterkock \u2013 efter mixerdramatiken"},"content":{"rendered":"<p>Publicerad 30 nov 2025 kl 20.58Uppdaterad kl 21.10<\/p>\n<p>Det blir dramatik i finalen \u201dSveriges m\u00e4sterkock\u201d n\u00e4r Linnea Jarnrot \u00e4r n\u00e4ra att f\u00f6rst\u00f6ra sina fingrar i en mixer.<\/p>\n<p>22-\u00e5ringen kommer dock tillbaka och hyllas av juryn.<\/p>\n<p>\u2013 Jag blir bara irriterad p\u00e5 det h\u00e4r, s\u00e4ger jurymedlemmen Niklas Ekstedt.<\/p>\n<p>I finalen av TV4:s \u201d<a href=\"https:\/\/www.expressen.se\/tagg\/organization\/sveriges-masterkock\/\" class=\"\" rel=\"nofollow noopener\" target=\"_blank\">Sveriges m\u00e4sterkock<\/a>\u201d st\u00e4lls Linnea Jarnrot, 22, och Olivia Leksell, 24, mot varandra.<\/p>\n<p>F\u00f6rsta utmaningen \u00e4r att g\u00f6ra om sin auditionsr\u00e4tt med all kunskap de har l\u00e4rt sig i programmet.<\/p>\n<p>ARTKELN I KORTHET<\/p>\n<p> Det blir dramatik i finalen av \u201dSveriges M\u00e4sterkock\u201d n\u00e4r Linnea Jarnrot r\u00e5kar s\u00e4tta i g\u00e5ng mixern n\u00e4r hon har handen d\u00e4r i.<\/p>\n<p> Finalisten tar sig dock tillbaka och vinner TV4-programmet efter hyllningar fr\u00e5n juryn.<\/p>\n<p> Jurymedlemmen Niklas Ekstedt bli irriterad f\u00f6r att han sj\u00e4lv inte kommit p\u00e5 den vinnande smakkombinationen.<\/p>\n<p>Visa merN\u00e4ra mixerolycka i finalen<\/p>\n<p>D\u00e5 blir det dramatik. N\u00e4r Linnea Jarnrot ska r\u00f6ra om i sin s\u00e5s i mixern r\u00e5kar hon s\u00e4tta p\u00e5 maskinen. Knivarna k\u00f6r d\u00e5 i g\u00e5ng medan hon har handen i.<\/p>\n<p>\u2013 J\u00e4vlar, h\u00f6rs hon s\u00e4ga i k\u00f6ket.<\/p>\n<p>\u2013 Det fick mitt hj\u00e4rta att hoppa tusen varv. Helt pl\u00f6tsligt n\u00e4r jag st\u00e5r och ska mata i gr\u00f6nk\u00e5len s\u00e5 kommer jag \u00e5t med magen och mina fingrar h\u00e5ller p\u00e5 att \u00e5ka in i mixern, s\u00e4ger hon i programmet.<\/p>\n<p>Hyllas av juryn<\/p>\n<p>Linnea Jarnrot l\u00e5ter dock inte mixernincidenten stoppa henne. Finalisterna f\u00e5r sedan helt fria h\u00e4nder att g\u00f6ra en f\u00f6rr\u00e4tt och en varmr\u00e4tt som ska representera deras framtid i branschen.<\/p>\n<p>Olivia hyllar sina norrl\u00e4ndska r\u00f6tter och bjuder p\u00e5 ungsbakad r\u00f6ding med sandefjords\u00e5s. Hon blir dock inte helt n\u00f6jd med sin f\u00f6rr\u00e4tt dovhjortstartar, vilket juryn f\u00f6rst\u00e5r.<\/p>\n<p>Linnea Jarnrot som kommer fr\u00e5n V\u00e4stkusten bjuder \u00e4ven hon p\u00e5 fisk, sm\u00f6rstekt torskrygg och tomatvatten som f\u00f6rr\u00e4tt.\u00a0<\/p>\n<p>\u2013 Jag blir bara irriterad p\u00e5 det h\u00e4r, p\u00e5 jordn\u00f6tskocka, kaffe, t\u00e5ng, blomk\u00e5l. F\u00f6r jag \u00f6nskar att jag sj\u00e4lv hade kommit p\u00e5 det f\u00f6r det \u00e4r s\u00e5 j\u00e4vla smart. Det l\u00e5ter inte gott men n\u00e4r du s\u00e4tter ihop de h\u00e4r grejerna s\u00e5 s\u00e4tter du smakerna, s\u00e4ger jurymedlemmen Niklas Ekstedt.<\/p>\n<p>\u2013 Det h\u00e4r \u00e4r genialiskt, utbrister jurykollegan Mischa Billing.<\/p>\n<p><img loading=\"lazy\"   alt=\"\"\/><\/p>\n<p>Linnea Jarnrot vinner \u201dSveriges m\u00e4sterkock\u201d 2025 f\u00f6re tv\u00e5an Olivia Leksell.<\/p>\n<p>\u00d6ppna bild i helsk\u00e4rm<img loading=\"lazy\"   alt=\"\"\/><\/p>\n<p>Linnea Jarnrot vinner 250 000 kronor och f\u00e5r ge ut en egen kokbok.<\/p>\n<p>\u00d6ppna bild i helsk\u00e4rm<\/p>\n<p>N\u00e4r juryn har \u00f6verlagt st\u00e5r det klart att det blir Linnea Jarnrot \u00a0som kammar hem vinsten i \u201dSveriges m\u00e4sterkock\u201d 2025.<\/p>\n<p>\u2013 Jag \u00e4r s\u00e5 j\u00e4vla stolt \u00f6ver mig sj\u00e4lv och helt \u00e4rligt det finns ingen annan \u00e4n mig sj\u00e4lv att tacka. Det \u00e4r fan jag som har \u00e5stadkommit den h\u00e4r j\u00e4vla prestationen, det h\u00e4r kommer f\u00f6r\u00e4ndra mitt liv, s\u00e4ger Jarnrot.<\/p>\n","protected":false},"excerpt":{"rendered":"Publicerad 30 nov 2025 kl 20.58Uppdaterad kl 21.10 Det blir dramatik i finalen \u201dSveriges m\u00e4sterkock\u201d n\u00e4r Linnea Jarnrot&hellip;\n","protected":false},"author":2,"featured_media":93825,"comment_status":"","ping_status":"","sticky":false,"template":"","format":"standard","meta":{"footnotes":""},"categories":[67],"tags":[104,3392,34,645,31,33,32,30,145,105],"class_list":{"0":"post-93824","1":"post","2":"type-post","3":"status-publish","4":"format-standard","5":"has-post-thumbnail","7":"category-underhallning","8":"tag-entertainment","9":"tag-organization-sveriges-masterkock","10":"tag-se","11":"tag-sections-tv","12":"tag-svenska","13":"tag-sverige","14":"tag-sweden","15":"tag-swedish","16":"tag-topic-mat-dryck","17":"tag-underhallning"},"share_on_mastodon":{"url":"https:\/\/pubeurope.com\/@se\/115640476852603097","error":""},"_links":{"self":[{"href":"https:\/\/www.europesays.com\/se\/wp-json\/wp\/v2\/posts\/93824","targetHints":{"allow":["GET"]}}],"collection":[{"href":"https:\/\/www.europesays.com\/se\/wp-json\/wp\/v2\/posts"}],"about":[{"href":"https:\/\/www.europesays.com\/se\/wp-json\/wp\/v2\/types\/post"}],"author":[{"embeddable":true,"href":"https:\/\/www.europesays.com\/se\/wp-json\/wp\/v2\/users\/2"}],"replies":[{"embeddable":true,"href":"https:\/\/www.europesays.com\/se\/wp-json\/wp\/v2\/comments?post=93824"}],"version-history":[{"count":0,"href":"https:\/\/www.europesays.com\/se\/wp-json\/wp\/v2\/posts\/93824\/revisions"}],"wp:featuredmedia":[{"embeddable":true,"href":"https:\/\/www.europesays.com\/se\/wp-json\/wp\/v2\/media\/93825"}],"wp:attachment":[{"href":"https:\/\/www.europesays.com\/se\/wp-json\/wp\/v2\/media?parent=93824"}],"wp:term":[{"taxonomy":"category","embeddable":true,"href":"https:\/\/www.europesays.com\/se\/wp-json\/wp\/v2\/categories?post=93824"},{"taxonomy":"post_tag","embeddable":true,"href":"https:\/\/www.europesays.com\/se\/wp-json\/wp\/v2\/tags?post=93824"}],"curies":[{"name":"wp","href":"https:\/\/api.w.org\/{rel}","templated":true}]}}