{"id":93826,"date":"2025-11-30T20:15:17","date_gmt":"2025-11-30T20:15:17","guid":{"rendered":"https:\/\/www.europesays.com\/se\/93826\/"},"modified":"2025-11-30T20:15:17","modified_gmt":"2025-11-30T20:15:17","slug":"barn-tranas-till-strid-i-ryssland-mot-sitt-hemland-ukraina","status":"publish","type":"post","link":"https:\/\/www.europesays.com\/se\/93826\/","title":{"rendered":"Barn tr\u00e4nas till strid i Ryssland\n\u2013 mot sitt hemland Ukraina"},"content":{"rendered":"<p>Uppemot 35 000 ukrainska barn har kidnappats av Ryssland sedan invasionen 2022.\u00a0<\/p>\n<p>En del av dem tr\u00e4nas till att strida mot sitt hemland, rapporterar <a href=\"https:\/\/app.tt.se\/nyheter\/id=251130-ukrainabarn1-1aa83ecb\" rel=\"nofollow noopener\" target=\"_blank\">TT<\/a>.\u00a0<\/p>\n<p>\u2013 De sm\u00e5 barnen absorberar allt utan filter, s\u00e4ger Olena Khomenko, som leder arbetet f\u00f6r de bortf\u00f6rda barnen i Europar\u00e5dets parlamentariska f\u00f6rsamling (PACE), till TT.<\/p>\n<p>Putins nya vapenhot: \u201dStorskaligt\u201d<img loading=\"lazy\"   alt=\"\"\/><\/p>\n<p>En manifestation f\u00f6r de ukrainska barnen fr\u00e5n i somras.<\/p>\n<p>Foto: STEPHANE DE SAKUTIN \/ AFP TT NYHETSBYR\u00c5N<\/p>\n<p>\u00d6ppna bild i helsk\u00e4rm<img loading=\"lazy\"   alt=\"\"\/><\/p>\n<p>Rysslands president Vladimir Putin.<\/p>\n<p>Foto: ALEXANDER NEMENOV \/ AP TT NYHETSBYR\u00c5N<\/p>\n<p>\u00d6ppna bild i helsk\u00e4rm<img loading=\"lazy\"   alt=\"\"\/><\/p>\n<p>Kriget i Ukraina har p\u00e5g\u00e5tt i \u00f6ver tre \u00e5r.<\/p>\n<p>Foto: OLEG PETRASIUK \/ AP TT NYHETSBYR\u00c5N<\/p>\n<p>\u00d6ppna bild i helsk\u00e4rm<img loading=\"lazy\"   alt=\"\"\/><\/p>\n<p>En manifestation i Paris f\u00f6r de borf\u00f6rda barnen, fr\u00e5n tidigare i november.<\/p>\n<p>Foto: MICHEL SETBOUN\/SIPA\/SHUTTERSTOCK \/ SHUTTERSTOCK EDITORIAL\/IBL<\/p>\n<p>\u00d6ppna bild i helsk\u00e4rm<\/p>\n<p>Det var efter en utredning om bortf\u00f6rda ukrainska barn som ICC utf\u00e4rdade en arresteringsorder mot den ryske presidenten Vladimir Putin. Det var 2023. Sedan dess har \u00e4nnu fler barn f\u00f6rsvunnit.\u00a0<\/p>\n<p>Humanitarian Research Lab vid det amerikanska universitetet Yale uppskattar att det kan vara s\u00e5 m\u00e5nga som 35 000 barn och unga som f\u00f6rts bort.\u00a0<\/p>\n<p>Artikeln i korthet<\/p>\n<p>\u00a035 000 barn har kidnappats av Ryssland<\/p>\n<p>\u00a0I Ryssland tr\u00e4nas en del av barnen till att strida mot sitt hemland<\/p>\n<p> De bortr\u00f6vade barnen anv\u00e4nds som en bricka i f\u00f6rhandlingarna om fred<\/p>\n<p>Visa mer<\/p>\n<p>Hittills har bara 1 800 barn \u00e5terl\u00e4mnats eller sj\u00e4lva flytt, enligt ukrainska uppgifter.\u00a0<\/p>\n<p>De ber\u00e4ttar om indoktrinering och f\u00f6rnedring. I flera fall utsattes de f\u00f6r h\u00e5rd milit\u00e4r tr\u00e4ning.\u00a0<\/p>\n<p>P\u00e5 minst 39 platser p\u00e5g\u00e5r vad som beskrivs som milit\u00e4r tr\u00e4ning och indoktrinering, skriver TT.<\/p>\n<p>Olena Khomenko s\u00e4ger till nyhetsbyr\u00e5n att Ryssland f\u00f6rs\u00f6ker f\u00f6rvandla barnen till vapen, b\u00e5de mot sitt hemland och mot v\u00e4st.\u00a0<\/p>\n<p>\u2013\u00a0De h\u00e4r barnen v\u00e4xer upp i en ideologi d\u00e4r v\u00e4st och Nato \u00e4r fienden.\u00a0<\/p>\n<p>Hamnar p\u00e5 internets m\u00f6rka delar\u00a0<\/p>\n<p>Hon s\u00e4ger att barnen l\u00e4r sig minering, minr\u00f6jning, att kasta granater och hantera olika vapen.\u00a0<\/p>\n<p>De intalas att de ska vara stolta \u00f6ver att tj\u00e4na den ryska arm\u00e9n och uppoffringen de g\u00f6r f\u00f6r \u201df\u00f6r moderlandet\u201d. Olena Khomenko s\u00e4ger vidare att barnen inte f\u00e5r prata ukrainska och att de f\u00e5r h\u00f6ra att deras land aldrig existerat och att hemlandet inte bryr sig om dem.<\/p>\n<p>Flera av barnen ska ha adopterats in i ryska familjer.\u00a0<\/p>\n<p>\u2013 F\u00f6r det f\u00f6rsta har m\u00e5nga av de h\u00e4r barnen adopterats in i ryska familjer. D\u00e5 \u00e4r det upp till antingen familjerna eller de ryska myndigheterna att l\u00e4mna tillbaka barnen, vilket inte \u00e4r s\u00e5 sannolikt, s\u00e4ger Joseph Jones, som jobbar med att genom f\u00f6retaget Paliscope identifiera barnen, till <a href=\"https:\/\/www.svd.se\/a\/m0gWkl\/svenska-paliscope-hjalper-ukraina-att-lokalisera-kidnappade-barn\" rel=\"nofollow noopener\" target=\"_blank\">SvD<\/a>.\u00a0<\/p>\n<p>Han s\u00e4ger till tidningen att m\u00e5nga av barnen ocks\u00e5 har smugglats ut fr\u00e5n Ryssland till andra l\u00e4nder via Turkiet.\u00a0<\/p>\n<p>\u2013 D\u00e5 blir det \u00e4nnu sv\u00e5rare att hitta dem. Vi vet att en del har hamnat p\u00e5 dark webb.<\/p>\n<p>Fr\u00e5gan om de ukrainska barnen \u00e4r ocks\u00e5 en viktig bricka i f\u00f6rhandlingsspelet om en framtida fred.\u00a0<\/p>\n<p>\u00c5terl\u00e4mnandet av barnen \u00e4r en k\u00e4rnfr\u00e5ga f\u00f6r <a href=\"https:\/\/www.expressen.se\/tagg\/location\/ukraina\/\" class=\"\" rel=\"nofollow noopener\" target=\"_blank\">Ukraina<\/a> i alla fredsf\u00f6rhandlingar och enligt Humanitarian Research Lab anv\u00e4nder sig Ryssland av barnen som p\u00e5tryckningsmedel.\u00a0<\/p>\n","protected":false},"excerpt":{"rendered":"Uppemot 35 000 ukrainska barn har kidnappats av Ryssland sedan invasionen 2022.\u00a0 En del av dem tr\u00e4nas till&hellip;\n","protected":false},"author":2,"featured_media":93827,"comment_status":"","ping_status":"","sticky":false,"template":"","format":"standard","meta":{"footnotes":""},"categories":[14],"tags":[22,23,26,27,17,21,24,25,274,202,28,29,15,276,16,18,34,55,31,33,32,30,19,60,20,51,52,53,54],"class_list":{"0":"post-93826","1":"post","2":"type-post","3":"status-publish","4":"format-standard","5":"has-post-thumbnail","7":"category-varlden","8":"tag-breaking-news","9":"tag-breakingnews","10":"tag-featured-news","11":"tag-featurednews","12":"tag-headlines","13":"tag-huvudnyheter","14":"tag-latest-news","15":"tag-latestnews","16":"tag-location-ryssland","17":"tag-location-ukraina","18":"tag-main-news","19":"tag-mainnews","20":"tag-news","21":"tag-newsstory-kriget-i-ukraina","22":"tag-nyheter","23":"tag-rubriker","24":"tag-se","25":"tag-sections-varlden","26":"tag-svenska","27":"tag-sverige","28":"tag-sweden","29":"tag-swedish","30":"tag-top-stories","31":"tag-topic-krig-konflikt","32":"tag-topstories","33":"tag-varlden","34":"tag-world","35":"tag-world-news","36":"tag-worldnews"},"share_on_mastodon":{"url":"https:\/\/pubeurope.com\/@se\/115640488853882402","error":""},"_links":{"self":[{"href":"https:\/\/www.europesays.com\/se\/wp-json\/wp\/v2\/posts\/93826","targetHints":{"allow":["GET"]}}],"collection":[{"href":"https:\/\/www.europesays.com\/se\/wp-json\/wp\/v2\/posts"}],"about":[{"href":"https:\/\/www.europesays.com\/se\/wp-json\/wp\/v2\/types\/post"}],"author":[{"embeddable":true,"href":"https:\/\/www.europesays.com\/se\/wp-json\/wp\/v2\/users\/2"}],"replies":[{"embeddable":true,"href":"https:\/\/www.europesays.com\/se\/wp-json\/wp\/v2\/comments?post=93826"}],"version-history":[{"count":0,"href":"https:\/\/www.europesays.com\/se\/wp-json\/wp\/v2\/posts\/93826\/revisions"}],"wp:featuredmedia":[{"embeddable":true,"href":"https:\/\/www.europesays.com\/se\/wp-json\/wp\/v2\/media\/93827"}],"wp:attachment":[{"href":"https:\/\/www.europesays.com\/se\/wp-json\/wp\/v2\/media?parent=93826"}],"wp:term":[{"taxonomy":"category","embeddable":true,"href":"https:\/\/www.europesays.com\/se\/wp-json\/wp\/v2\/categories?post=93826"},{"taxonomy":"post_tag","embeddable":true,"href":"https:\/\/www.europesays.com\/se\/wp-json\/wp\/v2\/tags?post=93826"}],"curies":[{"name":"wp","href":"https:\/\/api.w.org\/{rel}","templated":true}]}}