{"id":93831,"date":"2025-11-30T20:20:12","date_gmt":"2025-11-30T20:20:12","guid":{"rendered":"https:\/\/www.europesays.com\/se\/93831\/"},"modified":"2025-11-30T20:20:12","modified_gmt":"2025-11-30T20:20:12","slug":"spannande-rollistan-i-nya-beck-ur-askan-filmen-slapps-nu-i-veckan","status":"publish","type":"post","link":"https:\/\/www.europesays.com\/se\/93831\/","title":{"rendered":"Sp\u00e4nnande rollistan i nya \u201dBeck \u2013\u00a0Ur askan\u201d \u2013 filmen sl\u00e4pps nu i veckan"},"content":{"rendered":"<p>Sedan tidigare har vi vetat att <strong><a style=\"font-family: -apple-system, BlinkMacSystemFont, &#039;Segoe UI&#039;, Roboto, Oxygen, Ubuntu, Cantarell, &#039;Open Sans&#039;, &#039;Helvetica Neue&#039;, sans-serif;\" href=\"https:\/\/www.filmtopp.se\/streaming\/tv4-play\/\" rel=\"nofollow noopener\" target=\"_blank\">TV4<\/a><\/strong> sl\u00e4pper den 53:e Beck-filmen <a style=\"font-family: -apple-system, BlinkMacSystemFont, &#039;Segoe UI&#039;, Roboto, Oxygen, Ubuntu, Cantarell, &#039;Open Sans&#039;, &#039;Helvetica Neue&#039;, sans-serif;\" href=\"https:\/\/www.filmtopp.se\/nyhet\/tv4play-bekraftat-nar-beck-ur-askan-har-premiar-pa-tv4-tidigare-an-vantat\" rel=\"nofollow noopener\" target=\"_blank\">tidigare \u00e4n v\u00e4ntat<\/a> p\u00e5 <strong>TV4 Play+<\/strong>, med premi\u00e4r i b\u00f6rjan av december ist\u00e4llet f\u00f6r klassiska premi\u00e4rdagen den 25 december. Och inf\u00f6r Beck \u2013\u00a0Ur askan utlovar TV4 ett mordfall som blir extra personligt f\u00f6r <strong>Jennie Silfverhjelms<\/strong> karakt\u00e4r Alex Beijer, som tvingas g\u00f6ra sv\u00e5ra avv\u00e4ganden n\u00e4r hon tar sig an ett fall med kopplingar till hennes uppv\u00e4xt.<\/p>\n<p><strong>L\u00c4S OCKS\u00c5:<\/strong>\u00a0<a href=\"https:\/\/www.filmtopp.se\/lista\/tv4play-9-nya-filmer-pa-tv4-play-den-1-december-flera-svenska-tittarfavoriter\" rel=\"nofollow noopener\" target=\"_blank\">9 nya filmer p\u00e5 TV4 Play den 1 december \u2013 flera svenska tittarfavoriter<\/a><\/p>\n<p>Beck-gruppen utreder mord i f\u00f6rsamling<\/p>\n<p dir=\"ltr\">I Ur askan f\u00e5r Beck-gruppen ett fall d\u00e4r en pastor har omkommit i en mordbrand p\u00e5 en av pingstr\u00f6relsens f\u00f6rsamlingsg\u00e5rdar. N\u00e4r Alex (Silfverhjelm) och Josef (Martin Wallstr\u00f6m) kommer dit uppt\u00e4cker Alex att den andra pastorn i f\u00f6rsamlingen \u00e4r en person fr\u00e5n hennes f\u00f6rflutna. Fallet blir personligt f\u00f6r Alex som tar hj\u00e4lp av sin mentor Martin Beck (Peter Haber) f\u00f6r att ge sin syn p\u00e5 utredningen.\u00a0<\/p>\n<p><img loading=\"lazy\" decoding=\"async\" src=\"https:\/\/www.europesays.com\/se\/wp-content\/uploads\/2025\/11\/Beck_Ur_Askan_06.jpg\" alt=\"Sp\u00e4nnande rollistan i nya \u201dBeck \u2013\u00a0Ur askan\u201d \u2013 filmen sl\u00e4pps nu i veckan\" width=\"900\" height=\"576\"\/>&#13;<br \/>\nFoto: TV4.&#13;<\/p>\n<p>Sp\u00e4nnande rollistan i nya filmen \u201dBeck \u2013 Ur askan\u201d<\/p>\n<p>Ut\u00f6ver \u00e5terkommande Beck-sk\u00e5despelare som\u00a0<strong>Peter Haber<\/strong>,\u00a0<strong>Martin Wallstr\u00f6m<\/strong>\u00a0och\u00a0<strong>Valter Skarsg\u00e5rd<\/strong>\u00a0med sin popul\u00e4ra karakt\u00e4r Vilhelm, inneb\u00e4r\u00a0Ur askan\u00a0en Beck-debut f\u00f6r <strong>Frida<\/strong> <strong>Hallgren<\/strong>. Hallgren \u00e4r k\u00e4nd bland annat fr\u00e5n filmer som\u00a0S\u00e5 som i himmelen\u00a0och\u00a0Monky.<\/p>\n<p>P\u00e5 rollistan ser vi dessutom <strong>Gunnel Fred<\/strong> tillbaka i rollen som <a href=\"https:\/\/www.filmtopp.se\/nyhet\/tv4play-har-ersatts-grannen-i-beck-hon-tar-over-efter-ingvar-hirdwall\" rel=\"nofollow noopener\" target=\"_blank\">\u201dden nya grannen\u201d Mariel<\/a>, som g\u00e4rna st\u00f6r Martin Beck med sina historier. I andra betydande roller ser vi rutinerade\u00a0<strong>Jonas Malmsj\u00f6<\/strong>, k\u00e4nd fr\u00e5n\u00a0Morden i Sandhamn, stj\u00e4rnskottet\u00a0<strong>Tyrone Michele\u00a0<\/strong>fr\u00e5n\u00a0Kevlarsj\u00e4l\u00a0och\u00a0Fr\u00e5n insidan, <strong>Julius Fleischanderl\u00a0<\/strong>(Genombrottet, Tv\u00e5 systrar) och <strong>Didi Cederstr\u00f6m<\/strong> (Dumpad).<\/p>\n<p dir=\"ltr\"><strong>L\u00c4S OCKS\u00c5:<\/strong>\u00a0<a href=\"https:\/\/www.filmtopp.se\/nyhet\/netflix-nu-slapps-en-av-arets-storsta-nya-serier-mork-vastern-med-stjarntat-rollista\" rel=\"nofollow noopener\" target=\"_blank\">Nu sl\u00e4pps en av \u00e5rets st\u00f6rsta nya serier \u2013 m\u00f6rk v\u00e4stern med stj\u00e4rnt\u00e4t rollista<\/a><\/p>\n<p>Ny regiss\u00f6r vid rodret<\/p>\n<p dir=\"ltr\">I och med Ur askan tar regiss\u00f6ren <strong>Lisa Farzaneh<\/strong> (Glaskupan, Young Royals, Snabba Cash) \u00f6ver stafettpinnen fr\u00e5n <strong>Per Hanefjord<\/strong> som regisserat de tv\u00e5 f\u00f6reg\u00e5ende Beck-filmerna.\u00a0<\/p>\n<p dir=\"ltr\">B\u00e5de Den osynlige mannen och framf\u00f6r allt <a href=\"https:\/\/www.filmtopp.se\/recension\/tv4play-beck-vilhelm-2024-en-av-de-basta-beck-filmerna-pa-lange\" rel=\"nofollow noopener\" target=\"_blank\">Vilhelm<\/a> hyllades av kritiker, och med dubbla 3\/5 -betyg av <strong>Filmtopp<\/strong>. I <a href=\"https:\/\/www.filmtopp.se\/recension\/tv4play-nya-beck-filmen-den-osynlige-mannen-imponerar-med-pulshojande-spanning\" rel=\"nofollow noopener\" target=\"_blank\">recensionen av Den osynlige mannen<\/a> skrev Filmtopps <strong>Axel Diedrichs<\/strong> att \u201ctill det stora hela \u00e4r det bara att ge tummen upp och hoppas p\u00e5 att n\u00e4sta film h\u00e5ller samma m\u00e5tt.\u201d\u00a0<\/p>\n<p dir=\"ltr\">Om bara n\u00e5gra dagar f\u00e5r vi svaret p\u00e5 det.\u00a0<\/p>\n<p dir=\"ltr\">Beck \u2013 Ur askan\u00a0har premi\u00e4r den 5 december p\u00e5 TV4 Play+. N\u00e4r filmen kommer att s\u00e4ndas linj\u00e4rt p\u00e5 TV4 har kanalen inte g\u00e5tt ut med \u00e4n.<\/p>\n<p><strong><a href=\"https:\/\/www.filmtopp.se\/\" rel=\"nofollow noopener\" target=\"_blank\">Filmtopp<\/a> uppdaterar dig med nyheter och tips inom streaming. F\u00f6r att inte missa n\u00e5gon stor h\u00e4ndelse \u2013 <a href=\"https:\/\/www.facebook.com\/filmtopp\" target=\"_blank\" rel=\"noopener nofollow\">f\u00f6lj oss p\u00e5 Facebook<\/a>.<\/strong><\/p>\n","protected":false},"excerpt":{"rendered":"Sedan tidigare har vi vetat att TV4 sl\u00e4pper den 53:e Beck-filmen tidigare \u00e4n v\u00e4ntat p\u00e5 TV4 Play+, med&hellip;\n","protected":false},"author":2,"featured_media":93832,"comment_status":"","ping_status":"","sticky":false,"template":"","format":"standard","meta":{"footnotes":""},"categories":[67],"tags":[104,34,31,33,32,30,105],"class_list":{"0":"post-93831","1":"post","2":"type-post","3":"status-publish","4":"format-standard","5":"has-post-thumbnail","7":"category-underhallning","8":"tag-entertainment","9":"tag-se","10":"tag-svenska","11":"tag-sverige","12":"tag-sweden","13":"tag-swedish","14":"tag-underhallning"},"share_on_mastodon":{"url":"https:\/\/pubeurope.com\/@se\/115640508420123826","error":""},"_links":{"self":[{"href":"https:\/\/www.europesays.com\/se\/wp-json\/wp\/v2\/posts\/93831","targetHints":{"allow":["GET"]}}],"collection":[{"href":"https:\/\/www.europesays.com\/se\/wp-json\/wp\/v2\/posts"}],"about":[{"href":"https:\/\/www.europesays.com\/se\/wp-json\/wp\/v2\/types\/post"}],"author":[{"embeddable":true,"href":"https:\/\/www.europesays.com\/se\/wp-json\/wp\/v2\/users\/2"}],"replies":[{"embeddable":true,"href":"https:\/\/www.europesays.com\/se\/wp-json\/wp\/v2\/comments?post=93831"}],"version-history":[{"count":0,"href":"https:\/\/www.europesays.com\/se\/wp-json\/wp\/v2\/posts\/93831\/revisions"}],"wp:featuredmedia":[{"embeddable":true,"href":"https:\/\/www.europesays.com\/se\/wp-json\/wp\/v2\/media\/93832"}],"wp:attachment":[{"href":"https:\/\/www.europesays.com\/se\/wp-json\/wp\/v2\/media?parent=93831"}],"wp:term":[{"taxonomy":"category","embeddable":true,"href":"https:\/\/www.europesays.com\/se\/wp-json\/wp\/v2\/categories?post=93831"},{"taxonomy":"post_tag","embeddable":true,"href":"https:\/\/www.europesays.com\/se\/wp-json\/wp\/v2\/tags?post=93831"}],"curies":[{"name":"wp","href":"https:\/\/api.w.org\/{rel}","templated":true}]}}