{"id":93839,"date":"2025-11-30T20:28:11","date_gmt":"2025-11-30T20:28:11","guid":{"rendered":"https:\/\/www.europesays.com\/se\/93839\/"},"modified":"2025-11-30T20:28:11","modified_gmt":"2025-11-30T20:28:11","slug":"sveriges-masterkock-2025-linnea-jarnrot-vinner","status":"publish","type":"post","link":"https:\/\/www.europesays.com\/se\/93839\/","title":{"rendered":"Sveriges m\u00e4sterkock 2025 \u2013 Linnea Jarnrot vinner"},"content":{"rendered":"<p>\u201dVille typ g\u00e5 till en psykolog\u201d<\/p>\n<p class=\"boxtextgrotesk-root_baa6 hyperion-css-7pajle\">Uppdaterad 21.26 | Publicerad 21.05<\/p>\n<p>share-arrowDela<\/p>\n<p>unsaveSpara<\/p>\n<p class=\"hyperion-css-1shl3oz\" data-test-tag=\"lead-text\">Hon tog sig hela v\u00e4gen till seger med hj\u00e4lp av en makrill.<\/p>\n<p class=\"hyperion-css-1shl3oz\" data-test-tag=\"lead-text\">23-\u00e5riga Linnea Jarnrot \u00e4r \u00e5rets vinnare i \u201dSveriges m\u00e4sterkock\u201d.<\/p>\n<p class=\"hyperion-css-1shl3oz\" data-test-tag=\"lead-text\">\u2013 Det k\u00e4nns s\u00e5 sjukt! Och lite tomt, som n\u00e4r man har tagit studenten, s\u00e4ger hon.<\/p>\n<p><img decoding=\"async\" src=\"https:\/\/www.europesays.com\/se\/wp-content\/uploads\/2025\/11\/b77e1458b4e7afa02fbfd33b5df5e2a6.jpg\" class=\"thumbnail-image_fbfd\" alt=\"Vinnaren i Sveriges M\u00e4sterkock \u2013 S\u00e5 lagar du min favoritr\u00e4tt\"\/><\/p>\n<p>Vinnaren i Sveriges M\u00e4sterkock \u2013 S\u00e5 lagar du min favoritr\u00e4tt<\/p>\n<p>1:32<\/p>\n<p class=\"hyperion-css-1v9qo5x\">I s\u00f6ndagens final stod det mellan<strong> Linnea Jarnrot<\/strong> och motst\u00e5ndaren <strong>Olivia Leksell<\/strong>, som gjorde upp om titeln \u201dSveriges m\u00e4sterkock\u201d.<\/p>\n<p class=\"hyperion-css-1v9qo5x\">Med torrimmad makrill med tomatvatten samt en torskrygg med espressos\u00e5s tog Jarnrot hem segern i <a data-test-tag=\"internal-link\" href=\"https:\/\/www.aftonbladet.se\/tagg\/tv4\" class=\"hyperion-css-15jkft9\" rel=\"nofollow noopener\" target=\"\" aria-label=\"TV4\" theme=\"entertainment\">TV4<\/a>:s amat\u00f6rkock-t\u00e4vling.<\/p>\n<p class=\"hyperion-css-1v9qo5x\">Att hon skulle g\u00e5 s\u00e5 l\u00e5ngt kunde hon sj\u00e4lv inte dr\u00f6mma om. Snarare tv\u00e4rtom \u2013 i b\u00f6rjan av t\u00e4vlingen visste hon inte ens om hon ville vara kvar.<\/p>\n<p class=\"hyperion-css-1v9qo5x\">\u2013 N\u00e4r jag gick vidare fr\u00e5n slutaudition k\u00e4nde jag bara: \u201dHj\u00e4lp mig!\u201d Jag ville typ g\u00e5 till en psykolog, f\u00f6r allt blev s\u00e5 ovant f\u00f6r mig som var s\u00e5 van vid mina vanliga rutiner hemma, s\u00e4ger hon.<\/p>\n<p>expand-left<\/p>\n<p>helsk\u00e4rm<img decoding=\"async\" class=\"image-asset hyperion-css-u06ts1\" data-test-tag=\"image-asset\" src=\"https:\/\/www.europesays.com\/se\/wp-content\/uploads\/2025\/11\/03e9b59c-6bbc-47ca-b4ff-66bf0e679946\"  alt=\"Linnea Jarnrot vann &quot;Sveriges m\u00e4sterkock&quot;. Pressbild.\"  loading=\"eager\" fetchpriority=\"high\" style=\"aspect-ratio:1006 \/ 627\"\/>Linnea Jarnrot vann &#8221;Sveriges m\u00e4sterkock&#8221;. Pressbild. Foto: TV4Tog sig i kragen<\/p>\n<p class=\"hyperion-css-1v9qo5x\">F\u00f6r Linnea Jarnrot pr\u00e4glades inspelningarna en hel del av att hon f\u00f6rs\u00f6kte tona ned sig sj\u00e4lv, och hon brottades med sin egen sj\u00e4lvkritik. Men ett samtal med jurymedlemmen Mischa Billing fick henne att ta sig i kragen.<\/p>\n<p class=\"hyperion-css-1v9qo5x\">\u2013 Hon fick mig att fatta att jag var en av v\u00e4ldigt f\u00e5 personer som var kvar i t\u00e4vlingen, och att jag beh\u00f6vde visa lite j\u00e4vlar anamma. Och n\u00e4r Mischa s\u00e4ger till en, d\u00e5 lyssnar man, s\u00e4ger hon.<\/p>\n<p class=\"hyperion-css-1v9qo5x\">Det fungerade uppenbarligen, f\u00f6r nu \u00e4r Linnea Jarnrot 250\u00a0000 kronor och ett kokbokskontrakt rikare.<\/p>\n<p class=\"hyperion-css-1v9qo5x\">Och sj\u00e4lva finalen minns hon enbart med gl\u00e4dje:<\/p>\n<p class=\"hyperion-css-1v9qo5x\">\u2013 Eftersom jag aldrig trodde att jag skulle n\u00e5 dit s\u00e5 hade jag redan \u00f6vertr\u00e4ffat mina egna f\u00f6rv\u00e4ntningar. Det handlade bara om att ha riktigt kul den sista dagen, s\u00e4ger hon.<\/p>\n<p>Jobb hos kockeliten<\/p>\n<p class=\"hyperion-css-1v9qo5x\">Efter att inspelningarna av programmet avslutades i v\u00e5ras <a aria-label=\"fick Linnea Jarnrot direkt jobb hos den svenska kockeliten\" class=\"entertainment hyperion-css-15jkft9\" href=\"https:\/\/www.godare.se\/artiklar\/matnyheter\/a\/bm3bzd\/linnea-jarnhed-sveriges-masterkock-2025\" rel=\"noopener nofollow\" data-test-tag=\"external-link\" target=\"_blank\">fick Linnea Jarnrot direkt jobb hos den svenska kockeliten<\/a>. F\u00f6rst jobbade hon p\u00e5 tv\u00e5 av jurymedlemmen Thomas Sj\u00f6grens krogar, och i skrivande stund har hon en anst\u00e4llning hos en annan jurymedlem, Niklas Ekstedt.<\/p>\n<p class=\"hyperion-css-1v9qo5x\">I sommar \u00f6ppnar hon dessutom en egen pop-up-krog hemma p\u00e5 Sm\u00f6gen, med \u00f6ppet ett par dagar i veckan.<\/p>\n<p class=\"hyperion-css-1v9qo5x\">\u2013 Tanken \u00e4r att jag ska testa lite hur det \u00e4r att vara kr\u00f6gare sj\u00e4lv, och se vad jag tycker. Jag \u00e4r ju s\u00e5 ung \u2013 jag kan knappt st\u00e5 p\u00e5 ett alkoholtillst\u00e5nd sj\u00e4lv, s\u00e4ger hon och skrattar.<\/p>\n<p>FAKTALinnea Jarnrot<\/p>\n<p class=\"hyperion-css-jonaf8\">\u00c5lder: 23 \u00e5r.<\/p>\n<p class=\"hyperion-css-jonaf8\">Bor: Sm\u00f6gen\/Stockholm.<\/p>\n<p class=\"hyperion-css-jonaf8\">Aktuell: Vinnare i TV4:s \u201dSveriges m\u00e4sterkock\u201d.<\/p>\n<p>L\u00e4s mer<\/p>\n","protected":false},"excerpt":{"rendered":"\u201dVille typ g\u00e5 till en psykolog\u201d Uppdaterad 21.26 | Publicerad 21.05 share-arrowDela unsaveSpara Hon tog sig hela v\u00e4gen&hellip;\n","protected":false},"author":2,"featured_media":93840,"comment_status":"","ping_status":"","sticky":false,"template":"","format":"standard","meta":{"footnotes":""},"categories":[67],"tags":[104,34,31,33,32,30,105],"class_list":{"0":"post-93839","1":"post","2":"type-post","3":"status-publish","4":"format-standard","5":"has-post-thumbnail","7":"category-underhallning","8":"tag-entertainment","9":"tag-se","10":"tag-svenska","11":"tag-sverige","12":"tag-sweden","13":"tag-swedish","14":"tag-underhallning"},"share_on_mastodon":{"url":"https:\/\/pubeurope.com\/@se\/115640540101704118","error":""},"_links":{"self":[{"href":"https:\/\/www.europesays.com\/se\/wp-json\/wp\/v2\/posts\/93839","targetHints":{"allow":["GET"]}}],"collection":[{"href":"https:\/\/www.europesays.com\/se\/wp-json\/wp\/v2\/posts"}],"about":[{"href":"https:\/\/www.europesays.com\/se\/wp-json\/wp\/v2\/types\/post"}],"author":[{"embeddable":true,"href":"https:\/\/www.europesays.com\/se\/wp-json\/wp\/v2\/users\/2"}],"replies":[{"embeddable":true,"href":"https:\/\/www.europesays.com\/se\/wp-json\/wp\/v2\/comments?post=93839"}],"version-history":[{"count":0,"href":"https:\/\/www.europesays.com\/se\/wp-json\/wp\/v2\/posts\/93839\/revisions"}],"wp:featuredmedia":[{"embeddable":true,"href":"https:\/\/www.europesays.com\/se\/wp-json\/wp\/v2\/media\/93840"}],"wp:attachment":[{"href":"https:\/\/www.europesays.com\/se\/wp-json\/wp\/v2\/media?parent=93839"}],"wp:term":[{"taxonomy":"category","embeddable":true,"href":"https:\/\/www.europesays.com\/se\/wp-json\/wp\/v2\/categories?post=93839"},{"taxonomy":"post_tag","embeddable":true,"href":"https:\/\/www.europesays.com\/se\/wp-json\/wp\/v2\/tags?post=93839"}],"curies":[{"name":"wp","href":"https:\/\/api.w.org\/{rel}","templated":true}]}}