{"id":93842,"date":"2025-11-30T20:31:24","date_gmt":"2025-11-30T20:31:24","guid":{"rendered":"https:\/\/www.europesays.com\/se\/93842\/"},"modified":"2025-11-30T20:31:24","modified_gmt":"2025-11-30T20:31:24","slug":"dodsskjutning-i-usa-garningsman-jagas-av-polis","status":"publish","type":"post","link":"https:\/\/www.europesays.com\/se\/93842\/","title":{"rendered":"D\u00f6dsskjutning i USA \u2013 g\u00e4rningsman jagas av polis"},"content":{"rendered":"<p class=\"boxtextgrotesk-root_baa6 hyperion-css-7pajle\">Uppdaterad 11.08 | Publicerad 05.32<\/p>\n<p>share-arrowDela<\/p>\n<p>unsaveSpara<\/p>\n<p>expand-left<\/p>\n<p>helsk\u00e4rm<img decoding=\"async\" class=\"image-asset hyperion-css-u06ts1\" data-test-tag=\"image-asset\" src=\"https:\/\/www.europesays.com\/se\/wp-content\/uploads\/2025\/11\/c5e61ef1-9326-4d88-a43c-0feec25e2a5f\"  alt=\"Polis p\u00e5 plats efter skjutningen i Stockton.\"  loading=\"eager\" fetchpriority=\"high\" style=\"aspect-ratio:1900 \/ 1267\"\/>Polis p\u00e5 plats efter skjutningen i Stockton. Foto: Ethan Swope\/AP\/TT<\/p>\n<p class=\"hyperion-css-1shl3oz\" data-test-tag=\"lead-text\">Fyra personer har d\u00f6dats och tio skadats i en skjutning i Stockton i den amerikanska delstaten Kalifornien, enligt lokala myndigheter.<\/p>\n<p class=\"hyperion-css-1v9qo5x\">B\u00e5de barn och vuxna finns bland offren, enligt Heather Brent, talesperson f\u00f6r det lokala sheriffkontoret.<\/p>\n<p class=\"hyperion-css-1v9qo5x\">Skjutningen \u00e4gde rum under ett f\u00f6delsedagskalas i en festlokal p\u00e5 l\u00f6rdagskv\u00e4llen, lokal tid.<\/p>\n<p class=\"hyperion-css-1v9qo5x\">Enligt prelimin\u00e4ra vittnesuppgifter ska en ensam g\u00e4rningsman ha utf\u00f6rt skjutningen, men polisen arbetar med att klarg\u00f6ra om fler personer varit inblandade och med att f\u00e5 klarhet kring motivbilden.<\/p>\n<p class=\"hyperion-css-1v9qo5x\">Den federala polisen FBI har kopplats in i fallet.<\/p>\n<p class=\"hyperion-css-1v9qo5x\">Ingen person har gripits.<\/p>\n<p class=\"hyperion-css-1v9qo5x\">\u2013 V\u00e5r st\u00f6rsta prioritet just nu \u00e4r att identifiera den misst\u00e4nkte, s\u00e4ger talespersonen Heather Brent, rapporterar NBC News.<\/p>\n<p class=\"hyperion-css-1v9qo5x\">Stockton har runt 325\u00a0000 inv\u00e5nare och ligger \u00f6ster om San Francisco.<\/p>\n","protected":false},"excerpt":{"rendered":"Uppdaterad 11.08 | Publicerad 05.32 share-arrowDela unsaveSpara expand-left helsk\u00e4rmPolis p\u00e5 plats efter skjutningen i Stockton. Foto: Ethan Swope\/AP\/TT&hellip;\n","protected":false},"author":2,"featured_media":93843,"comment_status":"","ping_status":"","sticky":false,"template":"","format":"standard","meta":{"footnotes":""},"categories":[14],"tags":[22,23,26,27,17,21,24,25,28,29,15,16,18,34,31,33,32,30,19,20,51,52,53,54],"class_list":{"0":"post-93842","1":"post","2":"type-post","3":"status-publish","4":"format-standard","5":"has-post-thumbnail","7":"category-varlden","8":"tag-breaking-news","9":"tag-breakingnews","10":"tag-featured-news","11":"tag-featurednews","12":"tag-headlines","13":"tag-huvudnyheter","14":"tag-latest-news","15":"tag-latestnews","16":"tag-main-news","17":"tag-mainnews","18":"tag-news","19":"tag-nyheter","20":"tag-rubriker","21":"tag-se","22":"tag-svenska","23":"tag-sverige","24":"tag-sweden","25":"tag-swedish","26":"tag-top-stories","27":"tag-topstories","28":"tag-varlden","29":"tag-world","30":"tag-world-news","31":"tag-worldnews"},"share_on_mastodon":{"url":"https:\/\/pubeurope.com\/@se\/115640551663104260","error":""},"_links":{"self":[{"href":"https:\/\/www.europesays.com\/se\/wp-json\/wp\/v2\/posts\/93842","targetHints":{"allow":["GET"]}}],"collection":[{"href":"https:\/\/www.europesays.com\/se\/wp-json\/wp\/v2\/posts"}],"about":[{"href":"https:\/\/www.europesays.com\/se\/wp-json\/wp\/v2\/types\/post"}],"author":[{"embeddable":true,"href":"https:\/\/www.europesays.com\/se\/wp-json\/wp\/v2\/users\/2"}],"replies":[{"embeddable":true,"href":"https:\/\/www.europesays.com\/se\/wp-json\/wp\/v2\/comments?post=93842"}],"version-history":[{"count":0,"href":"https:\/\/www.europesays.com\/se\/wp-json\/wp\/v2\/posts\/93842\/revisions"}],"wp:featuredmedia":[{"embeddable":true,"href":"https:\/\/www.europesays.com\/se\/wp-json\/wp\/v2\/media\/93843"}],"wp:attachment":[{"href":"https:\/\/www.europesays.com\/se\/wp-json\/wp\/v2\/media?parent=93842"}],"wp:term":[{"taxonomy":"category","embeddable":true,"href":"https:\/\/www.europesays.com\/se\/wp-json\/wp\/v2\/categories?post=93842"},{"taxonomy":"post_tag","embeddable":true,"href":"https:\/\/www.europesays.com\/se\/wp-json\/wp\/v2\/tags?post=93842"}],"curies":[{"name":"wp","href":"https:\/\/api.w.org\/{rel}","templated":true}]}}