{"id":93850,"date":"2025-11-30T20:41:36","date_gmt":"2025-11-30T20:41:36","guid":{"rendered":"https:\/\/www.europesays.com\/se\/93850\/"},"modified":"2025-11-30T20:41:36","modified_gmt":"2025-11-30T20:41:36","slug":"verstappen-vinnare-i-qatar-knappar-in-pa-norris-formel-1","status":"publish","type":"post","link":"https:\/\/www.europesays.com\/se\/93850\/","title":{"rendered":"Verstappen vinnare i Qatar \u2013 knappar in p\u00e5 Norris | Formel 1"},"content":{"rendered":"<p>Publicerad 30 nov 2025 kl 18.31Uppdaterad kl 19.20<\/p>\n<p>Lando Norris lyckades inte s\u00e4kra VM-titeln.<\/p>\n<p>I st\u00e4llet tog Max Verstappen in p\u00e5 britten \u2013 n\u00e4r han vann Qatars GP.<\/p>\n<p>\u2013 Red Bull lurade byxorna av McLaren, s\u00e4ger Janne Blomqvist i Viaplays s\u00e4ndning.<\/p>\n<p><img   alt=\"\"\/> <\/p>\n<p>Foto: ALI HAIDER \/ EPA<\/p>\n<p>\u00d6ppna bild i helsk\u00e4rm<img loading=\"lazy\"   alt=\"\"\/> <\/p>\n<p>Foto: DARKO BANDIC \/ AP TT NYHETSBYR\u00c5N<\/p>\n<p>\u00d6ppna bild i helsk\u00e4rm<\/p>\n<p>Kampen om VM-titeln forts\u00e4tter i allra h\u00f6gsta grad.<\/p>\n<p>Och fr\u00e5gan \u00e4r om inte McLaren sj\u00e4lva r\u00e5kade sl\u00e5 knut p\u00e5 Lando Norris titeldr\u00f6m.\u00a0<\/p>\n<p>McLaren var n\u00e4mligen det enda teamet som inte klev in i dep\u00e5n n\u00e4r s\u00e4kerhetsbilen var ute under loppet.\u00a0<\/p>\n<p>D\u00e4rmed tappade b\u00e5de Norris och Piastri viktig tid mot konkurrenterna \u2013 n\u00e4r titelutmanaren <a href=\"https:\/\/www.expressen.se\/tagg\/person\/max-verstappen\/\" class=\"\" rel=\"nofollow noopener\" target=\"_blank\">Max Verstappen<\/a> vann Qatars GP.<\/p>\n<p><img loading=\"lazy\"   alt=\"\"\/> <\/p>\n<p>Foto: DARKO BANDIC \/ AP TT NYHETSBYR\u00c5N<\/p>\n<p>\u00d6ppna bild i helsk\u00e4rm<\/p>\n<p>\u2013 Red Bull lurade byxorna av McLaren, s\u00e4ger Janne Blomqvist i Viaplay.<\/p>\n<p>Oscar Piastri kunde knappt tro sina \u00f6gon.\u00a0<\/p>\n<p>\u2013 Jag \u00e4r m\u00e5ll\u00f6s. Jag vet inte vad jag ska s\u00e4ga, sa han i teamradion.<\/p>\n<p>N\u00e4rmast jagande Max Verstappen knappar nu in p\u00e5 Lando Norris. Det skiljer endast tolv po\u00e4ng mellan Norris och Verstappen \u2013 och 16 po\u00e4ng mellan stallkamraterna Piastri och Norris.\u00a0<\/p>\n<p>N\u00e4sta helg avg\u00f6rs VM \u2013 med ett avslutande race i Abu Dhabi.<\/p>\n<p>Toppstriden i Formel 1<\/p>\n<p>1. Lando Norris, McLaren \u2013 408 po\u00e4ng<br \/>2. Max Verstappen, Red Bull \u2013 396<br \/>3. Oscar Piastri, McLaren \u2013 392<\/p>\n<p>Visa mer<\/p>\n","protected":false},"excerpt":{"rendered":"Publicerad 30 nov 2025 kl 18.31Uppdaterad kl 19.20 Lando Norris lyckades inte s\u00e4kra VM-titeln. I st\u00e4llet tog Max&hellip;\n","protected":false},"author":2,"featured_media":93851,"comment_status":"","ping_status":"","sticky":false,"template":"","format":"standard","meta":{"footnotes":""},"categories":[5],"tags":[22,23,26,27,17,21,24,25,28,29,15,16,2337,5611,18,34,2336,562,31,33,32,30,19,20],"class_list":{"0":"post-93850","1":"post","2":"type-post","3":"status-publish","4":"format-standard","5":"has-post-thumbnail","7":"category-rubriker","8":"tag-breaking-news","9":"tag-breakingnews","10":"tag-featured-news","11":"tag-featurednews","12":"tag-headlines","13":"tag-huvudnyheter","14":"tag-latest-news","15":"tag-latestnews","16":"tag-main-news","17":"tag-mainnews","18":"tag-news","19":"tag-nyheter","20":"tag-person-lando-norris","21":"tag-person-max-verstappen","22":"tag-rubriker","23":"tag-se","24":"tag-sections-formel-1","25":"tag-sections-motor","26":"tag-svenska","27":"tag-sverige","28":"tag-sweden","29":"tag-swedish","30":"tag-top-stories","31":"tag-topstories"},"share_on_mastodon":{"url":"https:\/\/pubeurope.com\/@se\/115640590876252878","error":""},"_links":{"self":[{"href":"https:\/\/www.europesays.com\/se\/wp-json\/wp\/v2\/posts\/93850","targetHints":{"allow":["GET"]}}],"collection":[{"href":"https:\/\/www.europesays.com\/se\/wp-json\/wp\/v2\/posts"}],"about":[{"href":"https:\/\/www.europesays.com\/se\/wp-json\/wp\/v2\/types\/post"}],"author":[{"embeddable":true,"href":"https:\/\/www.europesays.com\/se\/wp-json\/wp\/v2\/users\/2"}],"replies":[{"embeddable":true,"href":"https:\/\/www.europesays.com\/se\/wp-json\/wp\/v2\/comments?post=93850"}],"version-history":[{"count":0,"href":"https:\/\/www.europesays.com\/se\/wp-json\/wp\/v2\/posts\/93850\/revisions"}],"wp:featuredmedia":[{"embeddable":true,"href":"https:\/\/www.europesays.com\/se\/wp-json\/wp\/v2\/media\/93851"}],"wp:attachment":[{"href":"https:\/\/www.europesays.com\/se\/wp-json\/wp\/v2\/media?parent=93850"}],"wp:term":[{"taxonomy":"category","embeddable":true,"href":"https:\/\/www.europesays.com\/se\/wp-json\/wp\/v2\/categories?post=93850"},{"taxonomy":"post_tag","embeddable":true,"href":"https:\/\/www.europesays.com\/se\/wp-json\/wp\/v2\/tags?post=93850"}],"curies":[{"name":"wp","href":"https:\/\/api.w.org\/{rel}","templated":true}]}}