{"id":93905,"date":"2025-11-30T23:30:09","date_gmt":"2025-11-30T23:30:09","guid":{"rendered":"https:\/\/www.europesays.com\/se\/93905\/"},"modified":"2025-11-30T23:30:09","modified_gmt":"2025-11-30T23:30:09","slug":"aldre-far-mer-pengar-fran-arvsfonden-efter-nyar","status":"publish","type":"post","link":"https:\/\/www.europesays.com\/se\/93905\/","title":{"rendered":"\u00c4ldre f\u00e5r mer pengar fr\u00e5n arvsfonden efter ny\u00e5r"},"content":{"rendered":"<p>Fr\u00e5n och med den 1 januari 2026 tas den begr\u00e4nsning bort som tidigare styrt hur stor andel av Allm\u00e4nna arvsfondens medel som f\u00e5r g\u00e5 till verksamheter f\u00f6r \u00e4ldre personer. Beslutet bygger p\u00e5 regeringens proposition St\u00e4rkta f\u00f6ruts\u00e4ttningar f\u00f6r st\u00f6d ur Allm\u00e4nna arvsfonden till f\u00f6rm\u00e5n f\u00f6r \u00e4ldre personer, som socialutskottet nu st\u00e4llt sig bakom utan inv\u00e4ndningar.<\/p>\n<p><strong>MISSA INTE: <\/strong><a href=\"https:\/\/www.news55.se\/privatekonomi\/sa-starker-du-din-ekonomi-med-tre-snabba-steg\/\" rel=\"nofollow noopener\" target=\"_blank\">S\u00e5 st\u00e4rker du din ekonomi \u2013 med tre snabba steg<\/a><\/p>\n<p>Allm\u00e4nna arvsfonden \u00f6ppnar pl\u00e5nboken<\/p>\n<p>N\u00e4r m\u00e5lgruppen \u201d\u00e4ldre personer\u201d inf\u00f6rdes i lagen 2021 sattes ett tak: h\u00f6gst en tiondel av fondens utdelningsbara medel fick anv\u00e4ndas till projekt f\u00f6r \u00e4ldre. Syftet var att undvika att barn, unga och personer med funktionsneds\u00e4ttning skulle tr\u00e4ngas undan. Begr\u00e4nsningen byggde p\u00e5 os\u00e4kerhet inf\u00f6r hur stor efterfr\u00e5gan skulle bli.<\/p>\n<p>Kammarkollegiet fick senare i uppdrag att utv\u00e4rdera utfallet. Enligt redovisningen, som refereras i bet\u00e4nkandet, har st\u00f6det till \u00e4ldre legat p\u00e5 en betydligt l\u00e4gre niv\u00e5 \u00e4n f\u00f6r de \u00f6vriga m\u00e5lgrupperna. Det har inte heller funnits n\u00e5gon risk f\u00f6r att taket skulle \u00f6verskridas.<\/p>\n<p>Regeringen bed\u00f6mer d\u00e4rf\u00f6r att begr\u00e4nsningen inte l\u00e4ngre fyller n\u00e5gon funktion och snarare hindrar en effektiv f\u00f6rdelning av medlen.<\/p>\n<p>Det meddelar Riksdagen p\u00e5 sin <a href=\"https:\/\/www.riksdagen.se\/sv\/webb-tv\/video\/beslut\/beslut-starkta-forutsattningar-for-stod-ur_hdc320251119sou9\/\" rel=\"nofollow noopener\" target=\"_blank\">hemsida<\/a>. <\/p>\n<p>Lag\u00e4ndringen inneb\u00e4r att projekt f\u00f6r \u00e4ldre fr\u00e5n och med n\u00e4sta \u00e5r kan f\u00e5 tilldelning p\u00e5 samma villkor som andra grupper. Det handlar om ideella verksamheter som kan visa att de bidrar till utveckling, delaktighet eller f\u00f6rb\u00e4ttrade levnadsvillkor f\u00f6r \u00e4ldre.<\/p>\n","protected":false},"excerpt":{"rendered":"Fr\u00e5n och med den 1 januari 2026 tas den begr\u00e4nsning bort som tidigare styrt hur stor andel av&hellip;\n","protected":false},"author":2,"featured_media":93906,"comment_status":"","ping_status":"","sticky":false,"template":"","format":"standard","meta":{"footnotes":""},"categories":[65],"tags":[11035,5444,2887,72,70,71,1421,5384,11036,3409,1683,34,31,33,32,30],"class_list":{"0":"post-93905","1":"post","2":"type-post","3":"status-publish","4":"format-standard","5":"has-post-thumbnail","7":"category-ekonomi","8":"tag-aktivitet","9":"tag-aldre","10":"tag-allmanna-arvsfonden","11":"tag-business","12":"tag-economy","13":"tag-ekonomi","14":"tag-pension","15":"tag-pensionar","16":"tag-proposition","17":"tag-regeringen","18":"tag-samhalle","19":"tag-se","20":"tag-svenska","21":"tag-sverige","22":"tag-sweden","23":"tag-swedish"},"share_on_mastodon":{"url":"https:\/\/pubeurope.com\/@se\/115641255425580917","error":""},"_links":{"self":[{"href":"https:\/\/www.europesays.com\/se\/wp-json\/wp\/v2\/posts\/93905","targetHints":{"allow":["GET"]}}],"collection":[{"href":"https:\/\/www.europesays.com\/se\/wp-json\/wp\/v2\/posts"}],"about":[{"href":"https:\/\/www.europesays.com\/se\/wp-json\/wp\/v2\/types\/post"}],"author":[{"embeddable":true,"href":"https:\/\/www.europesays.com\/se\/wp-json\/wp\/v2\/users\/2"}],"replies":[{"embeddable":true,"href":"https:\/\/www.europesays.com\/se\/wp-json\/wp\/v2\/comments?post=93905"}],"version-history":[{"count":0,"href":"https:\/\/www.europesays.com\/se\/wp-json\/wp\/v2\/posts\/93905\/revisions"}],"wp:featuredmedia":[{"embeddable":true,"href":"https:\/\/www.europesays.com\/se\/wp-json\/wp\/v2\/media\/93906"}],"wp:attachment":[{"href":"https:\/\/www.europesays.com\/se\/wp-json\/wp\/v2\/media?parent=93905"}],"wp:term":[{"taxonomy":"category","embeddable":true,"href":"https:\/\/www.europesays.com\/se\/wp-json\/wp\/v2\/categories?post=93905"},{"taxonomy":"post_tag","embeddable":true,"href":"https:\/\/www.europesays.com\/se\/wp-json\/wp\/v2\/tags?post=93905"}],"curies":[{"name":"wp","href":"https:\/\/api.w.org\/{rel}","templated":true}]}}