{"id":9391,"date":"2025-08-20T10:33:16","date_gmt":"2025-08-20T10:33:16","guid":{"rendered":"https:\/\/www.europesays.com\/se\/9391\/"},"modified":"2025-08-20T10:33:16","modified_gmt":"2025-08-20T10:33:16","slug":"mit-rapport-om-ai-skapar-techfrossa-pa-wall-street","status":"publish","type":"post","link":"https:\/\/www.europesays.com\/se\/9391\/","title":{"rendered":"MIT-rapport om AI skapar techfrossa p\u00e5 Wall Street"},"content":{"rendered":"<p>Av Jesper Karlsson, Omni Ekonomi<br \/>Publicerad 20 augusti, 07:25. Uppdaterad 20 augusti, 07:28<\/p>\n<p>G\u00e5rdagens kursfall p\u00e5 Wall Street kan kopplas till en rapport fr\u00e5n MIT, enligt Financial Times. Rapporten sl\u00e5r fast att 95 procent av bolagen inte f\u00e5r n\u00e5gon avkastning p\u00e5 sina satsningar p\u00e5 generativ AI, vilket \u00f6kar r\u00e4dslan f\u00f6r en bubbla.<\/p>\n<p>\u2013 Det h\u00e4r oroar marknaden, s\u00e4ger en b\u00f6rsm\u00e4klare knuten till en amerikansk techfond v\u00e4rd flera miljarder dollar till tidningen.<\/p>\n<p>\u00c4ven Open\u202fAI:s vd Sam Altman har varnat f\u00f6r att investerare riskerar stora f\u00f6rluster, \u00e4ven om den l\u00e5ngsiktiga nyttan f\u00f6r samh\u00e4llet kan bli enorm.<\/p>\n<p>Omni \u00e4r politiskt obundna och oberoende. Vi str\u00e4var efter att ge fler perspektiv p\u00e5 nyheterna. Har du fr\u00e5gor eller synpunkter kring v\u00e5r rapportering? <a href=\"https:\/\/omni.se\/techfrossan-kopplas-till-mit-rapport-oroar-marknaden\/a\/mailto:redaktion@omni.se\" class=\"ArticleActions_contactLink__W2F1M\" rel=\"nofollow noopener\" target=\"_blank\">Kontakta redaktionen<\/a><\/p>\n","protected":false},"excerpt":{"rendered":"Av Jesper Karlsson, Omni EkonomiPublicerad 20 augusti, 07:25. Uppdaterad 20 augusti, 07:28 G\u00e5rdagens kursfall p\u00e5 Wall Street kan&hellip;\n","protected":false},"author":2,"featured_media":9392,"comment_status":"","ping_status":"","sticky":false,"template":"","format":"standard","meta":{"footnotes":""},"categories":[65],"tags":[466,72,333,70,71,334,463,34,31,33,32,30,398],"class_list":{"0":"post-9391","1":"post","2":"type-post","3":"status-publish","4":"format-standard","5":"has-post-thumbnail","7":"category-ekonomi","8":"tag-artificiell-intelligens","9":"tag-business","10":"tag-data","11":"tag-economy","12":"tag-ekonomi","13":"tag-it-hogteknologi","14":"tag-sam-altman","15":"tag-se","16":"tag-svenska","17":"tag-sverige","18":"tag-sweden","19":"tag-swedish","20":"tag-wall-street"},"share_on_mastodon":{"url":"","error":""},"_links":{"self":[{"href":"https:\/\/www.europesays.com\/se\/wp-json\/wp\/v2\/posts\/9391","targetHints":{"allow":["GET"]}}],"collection":[{"href":"https:\/\/www.europesays.com\/se\/wp-json\/wp\/v2\/posts"}],"about":[{"href":"https:\/\/www.europesays.com\/se\/wp-json\/wp\/v2\/types\/post"}],"author":[{"embeddable":true,"href":"https:\/\/www.europesays.com\/se\/wp-json\/wp\/v2\/users\/2"}],"replies":[{"embeddable":true,"href":"https:\/\/www.europesays.com\/se\/wp-json\/wp\/v2\/comments?post=9391"}],"version-history":[{"count":0,"href":"https:\/\/www.europesays.com\/se\/wp-json\/wp\/v2\/posts\/9391\/revisions"}],"wp:featuredmedia":[{"embeddable":true,"href":"https:\/\/www.europesays.com\/se\/wp-json\/wp\/v2\/media\/9392"}],"wp:attachment":[{"href":"https:\/\/www.europesays.com\/se\/wp-json\/wp\/v2\/media?parent=9391"}],"wp:term":[{"taxonomy":"category","embeddable":true,"href":"https:\/\/www.europesays.com\/se\/wp-json\/wp\/v2\/categories?post=9391"},{"taxonomy":"post_tag","embeddable":true,"href":"https:\/\/www.europesays.com\/se\/wp-json\/wp\/v2\/tags?post=9391"}],"curies":[{"name":"wp","href":"https:\/\/api.w.org\/{rel}","templated":true}]}}