{"id":93910,"date":"2025-11-30T23:46:38","date_gmt":"2025-11-30T23:46:38","guid":{"rendered":"https:\/\/www.europesays.com\/se\/93910\/"},"modified":"2025-11-30T23:46:38","modified_gmt":"2025-11-30T23:46:38","slug":"rykte-apple-kan-ater-samarbeta-med-intel-kring-framtida-mac-chipp","status":"publish","type":"post","link":"https:\/\/www.europesays.com\/se\/93910\/","title":{"rendered":"Rykte: Apple kan \u00e5ter samarbeta med Intel kring framtida Mac-chipp"},"content":{"rendered":"<p>Analytikern Ming-Chi Kuo (<a href=\"https:\/\/idg.digidip.net\/visit?url=https:\/\/www.macrumors.com\/2025\/11\/28\/intel-rumored-to-supply-new-mac-chip\/&amp;currurl=https:\/\/www.macworld.se\/article\/2993571\/rykte-apple-kan-ater-samarbeta-med-intel-kring-framtida-mac-chipp.html&amp;ref=7-1-2993571-1-0-0-0-0\" target=\"_blank\" rel=\"nofollow noopener\" data-subtag=\"7-1-2993571-1-0-0-0-0\" data-domain-name=\"macrumors\">via Macrumors<\/a>) uppger att Intel kan b\u00f6rja leverera en l\u00e5gpresterande variant av Apples M-seriechip tidigast 2027, som ett komplement till TSMC:s produktion och f\u00f6r att st\u00e4rka amerikansk tillverkning.<\/p>\n<p>Alla aktuella Mac-modeller drivs i dag av Apple Silicon, Apples egenutvecklade systemkretsar baserade p\u00e5 Arm-arkitektur. Men enligt ett nytt utl\u00e5tande fr\u00e5n leverant\u00f6rskedjeanalytikern Ming-Chi Kuo kan Apple och Intel komma att samarbeta igen. I st\u00e4llet f\u00f6r att anv\u00e4nda Intels egna x86-processorer ska Intel tillverka en l\u00e5gprestandaversion av framtida M-seriechipp p\u00e5 uppdrag av Apple.<\/p>\n<p>Kuo skriver att Intel kan b\u00f6rja skeppa den f\u00f6rsta produktionen tidigast 2027. Om uppgifterna st\u00e4mmer kan Intel leverera en enklare variant av M6 eller M7, exempelvis f\u00f6r en framtida Macbook Air, medan TSMC fortsatt st\u00e5r f\u00f6r huvuddelen av M-serietillverkningen.<\/p>\n<p>Bakgrunden uppges delvis vara politisk. Enligt Kuo skulle ett samarbete hj\u00e4lpa Apple att m\u00f6ta Trump-administrationens krav p\u00e5 \u00f6kad amerikansk tillverkning och samtidigt sprida riskerna i leveranskedjan. Diversifiering av produktion har blivit allt viktigare f\u00f6r Apple i takt med geopolitiska sp\u00e4nningar och beroendet av asiatiska fabriker.<\/p>\n<p>Apple, Intel och TSMC har inte kommenterat uppgifterna officiellt, och inget tyder p\u00e5 att detta p\u00e5verkar Apples strategiska fokus p\u00e5 Arm-baserade chip eller befintliga modeller.<\/p>\n","protected":false},"excerpt":{"rendered":"Analytikern Ming-Chi Kuo (via Macrumors) uppger att Intel kan b\u00f6rja leverera en l\u00e5gpresterande variant av Apples M-seriechip tidigast&hellip;\n","protected":false},"author":2,"featured_media":93911,"comment_status":"","ping_status":"","sticky":false,"template":"","format":"standard","meta":{"footnotes":""},"categories":[65],"tags":[72,70,71,34,31,33,32,30],"class_list":{"0":"post-93910","1":"post","2":"type-post","3":"status-publish","4":"format-standard","5":"has-post-thumbnail","7":"category-ekonomi","8":"tag-business","9":"tag-economy","10":"tag-ekonomi","11":"tag-se","12":"tag-svenska","13":"tag-sverige","14":"tag-sweden","15":"tag-swedish"},"share_on_mastodon":{"url":"https:\/\/pubeurope.com\/@se\/115641318351825898","error":""},"_links":{"self":[{"href":"https:\/\/www.europesays.com\/se\/wp-json\/wp\/v2\/posts\/93910","targetHints":{"allow":["GET"]}}],"collection":[{"href":"https:\/\/www.europesays.com\/se\/wp-json\/wp\/v2\/posts"}],"about":[{"href":"https:\/\/www.europesays.com\/se\/wp-json\/wp\/v2\/types\/post"}],"author":[{"embeddable":true,"href":"https:\/\/www.europesays.com\/se\/wp-json\/wp\/v2\/users\/2"}],"replies":[{"embeddable":true,"href":"https:\/\/www.europesays.com\/se\/wp-json\/wp\/v2\/comments?post=93910"}],"version-history":[{"count":0,"href":"https:\/\/www.europesays.com\/se\/wp-json\/wp\/v2\/posts\/93910\/revisions"}],"wp:featuredmedia":[{"embeddable":true,"href":"https:\/\/www.europesays.com\/se\/wp-json\/wp\/v2\/media\/93911"}],"wp:attachment":[{"href":"https:\/\/www.europesays.com\/se\/wp-json\/wp\/v2\/media?parent=93910"}],"wp:term":[{"taxonomy":"category","embeddable":true,"href":"https:\/\/www.europesays.com\/se\/wp-json\/wp\/v2\/categories?post=93910"},{"taxonomy":"post_tag","embeddable":true,"href":"https:\/\/www.europesays.com\/se\/wp-json\/wp\/v2\/tags?post=93910"}],"curies":[{"name":"wp","href":"https:\/\/api.w.org\/{rel}","templated":true}]}}