{"id":93912,"date":"2025-11-30T23:51:15","date_gmt":"2025-11-30T23:51:15","guid":{"rendered":"https:\/\/www.europesays.com\/se\/93912\/"},"modified":"2025-11-30T23:51:15","modified_gmt":"2025-11-30T23:51:15","slug":"jorgen-jonsson-om-farjestads-kollaps-mot-vaxjo-lakers","status":"publish","type":"post","link":"https:\/\/www.europesays.com\/se\/93912\/","title":{"rendered":"J\u00f6rgen J\u00f6nsson om F\u00e4rjestads kollaps mot V\u00e4xj\u00f6 Lakers"},"content":{"rendered":"<p><strong>Har J\u00f6rgen J\u00f6nsson hittat svaret p\u00e5 F\u00e4rjestads skakiga start i SHL?<br \/>Efter f\u00f6rlusten mot V\u00e4xj\u00f6 Lakers i g\u00e5r betonade J\u00f6rgen J\u00f6nsson att det mentala \u00e4r ett problem.<br \/>\u2013 Vi har en tendens att bli nerv\u00f6sa och bekymrade och d\u00e5 blir vi v\u00e4ldigt sm\u00e5 och tappar konceptet, s\u00e4ger han till <a href=\"https:\/\/www.vf.se\/2025\/11\/29\/jorgen-jonsson-om-farjestads-mentala-dilemma-vi-har-en-tendens-att-bli-for-nervosa-eb94c\/\" rel=\"nofollow noopener\" target=\"_blank\">VF.se.<\/a><\/strong><\/p>\n<p><img loading=\"lazy\" decoding=\"async\" width=\"1024\" height=\"682\" src=\"https:\/\/www.europesays.com\/se\/wp-content\/uploads\/2025\/11\/BB251127FK098-1024x682.webp.webp\" alt=\"\" class=\"wp-image-331473\"  \/>J\u00f6rgen J\u00f6nsson \u00e4r bekymrad \u00f6ver lagets mentala l\u00e4ge.<br \/>Foto: Fredrik Karlsson \/ BILDBYR\u00c5N \/ COP 185 \/ FK0427<\/p>\n<p><a href=\"https:\/\/hockeysverige.se\/klubb\/farjestad-bk\" rel=\"nofollow noopener\" target=\"_blank\">F\u00e4rjestad <\/a>ledde med 3\u20131 mot <a href=\"https:\/\/hockeysverige.se\/klubb\/vaxjo-lakers\" rel=\"nofollow noopener\" target=\"_blank\">V\u00e4xj\u00f6<\/a> p\u00e5 bortais men f\u00f6rlorade till sist med 3\u20134. D\u00e4rmed f\u00f6rlorade man sin tredje raka match efter 0\u20131 mot <a href=\"https:\/\/hockeysverige.se\/klubb\/djurgardens-if-hockey\" rel=\"nofollow noopener\" target=\"_blank\">Djurg\u00e5rden<\/a>, 2\u20133 mot Malm\u00f6 och nu 3\u20134 i V\u00e4xj\u00f6.<\/p>\n<p>J\u00f6rgen J\u00f6nsson lyfter fram mentala problem som en stor orsak till f\u00f6rlusterna.<\/p>\n<p>\u2013 Spelarna blir b\u00e5de oroliga och nerv\u00f6sa. De blir v\u00e4ldigt m\u00e5na om att vara noggranna och det leder till att vi blir f\u00f6r passiva. Automatiskt ger man d\u00e5 \u00f6ver kommandot till motst\u00e5ndarna, s\u00e4ger J\u00f6rgen J\u00f6nsson till VF om kollapsen.<\/p>\n<p>Vidare kommenterar han l\u00e4get i laget och klubben, d\u00e4r man nu \u00e4r l\u00e5ngt efter toppen i tabellen och f\u00f6r tillf\u00e4llet \u00e4r \u00e5tta av 14 lag i <a href=\"https:\/\/hockeysverige.se\/shl\" rel=\"nofollow noopener\" target=\"_blank\">SHL<\/a>.<\/p>\n<p>Kritiserar laget: \u201dTappar konceptet\u201d<\/p>\n<p>Det finns saker som fattas i spelet.<\/p>\n<p>\u2013 P\u00e5litlighet, kontinuitet och f\u00f6rm\u00e5gan att forts\u00e4tta spela med pucken oavsett hur sj\u00e4lvf\u00f6rtroendet \u00e4r ute p\u00e5 isen. Vi har f\u00f6rlorat f\u00f6r m\u00e5nga matcher och \u00e4r absolut inte d\u00e4r vi vill vara, s\u00e4ger han och forts\u00e4tter.<\/p>\n<p>\u2013 Det finns stunder i matcherna som \u00e4r bra, men vi har en tendens att bli nerv\u00f6sa och bekymrade och d\u00e5 blir vi v\u00e4ldigt sm\u00e5 och tappar konceptet. Det leder till att vi tar d\u00e5liga beslut. Vi f\u00e5r forts\u00e4tta jobba med det.<\/p>\n<p>F\u00e4rjestad fick se sig passerade av b\u00e5de Timr\u00e5 och <a href=\"https:\/\/hockeysverige.se\/klubb\/malmo-redhawks\" rel=\"nofollow noopener\" target=\"_blank\">Malm\u00f6<\/a> och har f\u00f6rlorat tv\u00e5 matcher (13) fler \u00e4n vad man har vunnit i \u00e5r. <\/p>\n<p>Mellan F\u00e4rjestad och serieledande rivalen <a href=\"https:\/\/hockeysverige.se\/klubb\/frolunda-hc\" rel=\"nofollow noopener\" target=\"_blank\">Fr\u00f6lunda<\/a> skiljer redan 23 po\u00e4ng.<\/p>\n","protected":false},"excerpt":{"rendered":"Har J\u00f6rgen J\u00f6nsson hittat svaret p\u00e5 F\u00e4rjestads skakiga start i SHL?Efter f\u00f6rlusten mot V\u00e4xj\u00f6 Lakers i g\u00e5r betonade&hellip;\n","protected":false},"author":2,"featured_media":93913,"comment_status":"","ping_status":"","sticky":false,"template":"","format":"standard","meta":{"footnotes":""},"categories":[68],"tags":[34,133,134,111,110,31,33,32,30],"class_list":{"0":"post-93912","1":"post","2":"type-post","3":"status-publish","4":"format-standard","5":"has-post-thumbnail","7":"category-sport","8":"tag-se","9":"tag-second-news","10":"tag-shl","11":"tag-sport","12":"tag-sports","13":"tag-svenska","14":"tag-sverige","15":"tag-sweden","16":"tag-swedish"},"share_on_mastodon":{"url":"https:\/\/pubeurope.com\/@se\/115641338259434029","error":""},"_links":{"self":[{"href":"https:\/\/www.europesays.com\/se\/wp-json\/wp\/v2\/posts\/93912","targetHints":{"allow":["GET"]}}],"collection":[{"href":"https:\/\/www.europesays.com\/se\/wp-json\/wp\/v2\/posts"}],"about":[{"href":"https:\/\/www.europesays.com\/se\/wp-json\/wp\/v2\/types\/post"}],"author":[{"embeddable":true,"href":"https:\/\/www.europesays.com\/se\/wp-json\/wp\/v2\/users\/2"}],"replies":[{"embeddable":true,"href":"https:\/\/www.europesays.com\/se\/wp-json\/wp\/v2\/comments?post=93912"}],"version-history":[{"count":0,"href":"https:\/\/www.europesays.com\/se\/wp-json\/wp\/v2\/posts\/93912\/revisions"}],"wp:featuredmedia":[{"embeddable":true,"href":"https:\/\/www.europesays.com\/se\/wp-json\/wp\/v2\/media\/93913"}],"wp:attachment":[{"href":"https:\/\/www.europesays.com\/se\/wp-json\/wp\/v2\/media?parent=93912"}],"wp:term":[{"taxonomy":"category","embeddable":true,"href":"https:\/\/www.europesays.com\/se\/wp-json\/wp\/v2\/categories?post=93912"},{"taxonomy":"post_tag","embeddable":true,"href":"https:\/\/www.europesays.com\/se\/wp-json\/wp\/v2\/tags?post=93912"}],"curies":[{"name":"wp","href":"https:\/\/api.w.org\/{rel}","templated":true}]}}